{"id":113860,"date":"2025-12-11T19:17:09","date_gmt":"2025-12-11T19:17:09","guid":{"rendered":"https:\/\/www.europesays.com\/fi\/113860\/"},"modified":"2025-12-11T19:17:09","modified_gmt":"2025-12-11T19:17:09","slug":"kansanedustaja-juho-eerola-julkaisi-facebookissa-kuvan-jossa-han-venyttaa-sormillaan-silmansa-vinoiksi-uutisia-lyhyesti","status":"publish","type":"post","link":"https:\/\/www.europesays.com\/fi\/113860\/","title":{"rendered":"Kansanedustaja Juho Eerola julkaisi Facebookissa kuvan, jossa h\u00e4n venytt\u00e4\u00e4 sormillaan silm\u00e4ns\u00e4 vinoiksi | Uutisia lyhyesti"},"content":{"rendered":"<p class=\"aw-1gybjub aw-5vja16 kEtdKx kmuxyA yle__article__paragraph\">Perussuomalaisten kansanedustaja Juho Eerola sanoo kuvan olevan kannanotto Sarah Dzafcen puolesta. Eerola ei itse pid\u00e4 julkaisemaansa kuvaa rasistisena.<\/p>\n<p><img decoding=\"async\" alt=\"Kansanedustaja Juho Eerola eduskunnan istuntosalissa.\" src=\"https:\/\/www.europesays.com\/fi\/wp-content\/uploads\/2025\/12\/39-1568352693b0b34660db.jpeg\" class=\"aw-1l9m598 hKVVvP\"\/><\/p>\n<p>Avaa kuvien katselu<\/p>\n<p>Kansanedustaja Juho Eerola eduskunnan t\u00e4ysistunnossa 8.10.2025. Kuva: Vesa Moilanen \/ Lehtikuva<\/p>\n<p class=\"aw-1gybjub aw-1p7kakr kEtdKx cEmitX yle__article__paragraph\">Perussuomalaisten kansanedustaja <strong class=\"aw-ak79eh KyCXm yle__article__strong\">Juho Eerola<\/strong> julkaisi Facebookissa kuvan, jossa h\u00e4n venytt\u00e4\u00e4 sormillaan silm\u00e4ns\u00e4 vinoiksi.<\/p>\n<p class=\"aw-1gybjub aw-1p7kakr kEtdKx cEmitX yle__article__paragraph\">Kuvan saatesanoissa lukee \u201dJe suis Sarah\u201d (Min\u00e4 olen Sarah). T\u00e4ll\u00e4 kansanedustaja viittaa p\u00e4iv\u00e4n isoon puheenaiheeseen.<\/p>\n<p><img decoding=\"async\" alt=\"Kansanedustaja Juho Eerolan profiilikuva Facebookissa. Tekstin\u00e4 &quot;Juho Eerola p\u00e4ivitti profiilikuvansa. Min\u00e4 olen Sarah!&quot; Kuvassa h\u00e4n venytt\u00e4\u00e4 silmi\u00e4\u00e4n.\" src=\"https:\/\/www.europesays.com\/fi\/wp-content\/uploads\/2025\/12\/39-1568336693aefe14802b.jpeg\" loading=\"lazy\" class=\"aw-1l9m598 hKVVvP\"\/><\/p>\n<p>Avaa kuvien katselu<\/p>\n<p>Kuva: Juho Eerolan Facebook-sivu<\/p>\n<p class=\"aw-1gybjub aw-1p7kakr kEtdKx cEmitX yle__article__paragraph\">Miss Suomi<a class=\"aw-iao6s4 iHOxEa yle__article__link\" href=\"https:\/\/yle.fi\/a\/74-20199169\" role=\"link\" rel=\"nofollow noopener\" target=\"_blank\"> <strong class=\"aw-ak79eh KyCXm yle__article__strong\">Sarah Dzafce<\/strong> menetti Miss Suomen kruununsa<\/a>. Sosiaalisessa mediassa on levinnyt kuva, jossa Dzafce venytt\u00e4\u00e4 sormillaan silmi\u00e4ns\u00e4 vinoon. Kuvaan oli liitetty teksti: \u201dKiinalaisenkaa sy\u00f6m\u00e4s\u201d.<\/p>\n<p class=\"aw-1gybjub aw-1p7kakr kEtdKx cEmitX yle__article__paragraph\">Kuvaa on pidetty rasistisena ja koettu, ett\u00e4 Dzafce pilkkaa siin\u00e4 aasialaisia.<\/p>\n<p class=\"aw-1gybjub aw-1p7kakr kEtdKx cEmitX yle__article__paragraph\">T\u00e4n\u00e4\u00e4n kansanedustaja ja lakivaliokunnan puheenjohtaja Eerola julkaisi Facebookissa itsest\u00e4\u00e4n samantyyppisen kuvan.<\/p>\n<p class=\"aw-1gybjub aw-1p7kakr kEtdKx cEmitX yle__article__paragraph\">Brysselin lentokent\u00e4lt\u00e4 tavoitettu Eerola perusteli kuvan julkaisua Ylelle n\u00e4in.<\/p>\n<p class=\"aw-1gybjub aw-1p7kakr kEtdKx cEmitX yle__article__paragraph\"><strong class=\"aw-ak79eh KyCXm yle__article__strong\">Miksi julkaisit t\u00e4llaisen kuvan?<\/strong><\/p>\n<p class=\"aw-1gybjub aw-1p7kakr kEtdKx cEmitX yle__article__paragraph\">\u2013 Ihan huvikseni. Vaihdan aika usein muutenkin profiilikuvaa Facebookissa.<\/p>\n<p class=\"aw-1gybjub aw-1p7kakr kEtdKx cEmitX yle__article__paragraph\"><strong class=\"aw-ak79eh KyCXm yle__article__strong\">T\u00e4llaista kuvaa pidet\u00e4\u00e4n yleisesti ottaen rasistisena. Miten kommentoit?<\/strong><\/p>\n<p class=\"aw-1gybjub aw-1p7kakr kEtdKx cEmitX yle__article__paragraph\">\u2013 Jotkut pit\u00e4v\u00e4t, mutta minun k\u00e4sitys on, ett\u00e4 ei sit\u00e4 yleisesti ottaen pidet\u00e4 rasistisena. Alkoi p\u00e4\u00e4t\u00e4 s\u00e4rke\u00e4 kokouksessa. Sain Miss Suomelta hyv\u00e4n vinkin siit\u00e4, miten p\u00e4\u00e4ns\u00e4rky\u00e4 voi lievitt\u00e4\u00e4. Siihen kuvalla viitataan.<\/p>\n<p class=\"aw-1gybjub aw-1p7kakr kEtdKx cEmitX yle__article__paragraph\">Dzafce perusteli silmien venytyst\u00e4 <a class=\"aw-iao6s4 iHOxEa yle__article__link\" href=\"https:\/\/www.is.fi\/viihde\/art-2000011662100.html\" role=\"link\" rel=\"nofollow noopener\" target=\"_blank\">Ilta-Sanomille<\/a> 1. joulukuuta sill\u00e4, ett\u00e4 h\u00e4nell\u00e4 oli kuvan ottohetkell\u00e4 p\u00e4\u00e4ns\u00e4rky\u00e4 ja ett\u00e4 silmien venytys helpotti sit\u00e4. H\u00e4nen yst\u00e4v\u00e4ns\u00e4 piti ilmett\u00e4 hassuna ja otti kuvan.<\/p>\n<p class=\"aw-1gybjub aw-1p7kakr kEtdKx cEmitX yle__article__paragraph\"><strong class=\"aw-ak79eh KyCXm yle__article__strong\">Mit\u00e4 ajattelet siit\u00e4, ett\u00e4 Miss Suomi joutui kuvan takia luopumaan kruunustaan?<\/strong><\/p>\n<p class=\"aw-1gybjub aw-1p7kakr kEtdKx cEmitX yle__article__paragraph\">\u2013 T\u00e4ysin naurettavaa. Maahanmuuttajataustaisena h\u00e4n varmasti itse tiet\u00e4\u00e4, mit\u00e4 rasismi on. Ala-arvoista toimintaa missiorganisaatiolta heitt\u00e4\u00e4 h\u00e4net tuolla lailla junan alle, kun pit\u00e4isi tukea. Jos tuo on rasismia, sitten t\u00e4\u00e4ll\u00e4 alkaa olla kohta kaikki rasismia.<\/p>\n<p class=\"aw-1gybjub aw-1p7kakr kEtdKx cEmitX yle__article__paragraph\">Oulussa syntyneen Sarah Dzafcen is\u00e4 on kosovolainen.<\/p>\n<p class=\"aw-1gybjub aw-1p7kakr kEtdKx cEmitX yle__article__paragraph\"><strong class=\"aw-ak79eh KyCXm yle__article__strong\">Onko kansanedustajalle sopivaa l\u00e4hte\u00e4 huumorin keinoin kommentoimaan t\u00e4llaista asiaa, jota monet pit\u00e4v\u00e4t rasistisena?<\/strong><\/p>\n<p class=\"aw-1gybjub aw-1p7kakr kEtdKx cEmitX yle__article__paragraph\">\u2013 Se on sinun tulkinta, ett\u00e4 tulkitset t\u00e4m\u00e4n huumoriksi.<\/p>\n<p class=\"aw-1gybjub aw-1p7kakr kEtdKx cEmitX yle__article__paragraph\"><strong class=\"aw-ak79eh KyCXm yle__article__strong\">Kun kansanedustaja julkaisee t\u00e4llaisen kuvan, jossa viitataan p\u00e4iv\u00e4n puheenaiheeseen, onhan se harkittu teko. Miten kommentoit?<\/strong><\/p>\n<p class=\"aw-1gybjub aw-1p7kakr kEtdKx cEmitX yle__article__paragraph\">\u2013 Haluan antaa suuren tuen Sarah Dzafcelle, joka joutui luopumaan Miss Suomen kruunusta. Minua on syytetty ihan samantyyppisist\u00e4 asioista aikaisemmin. Tied\u00e4n, milt\u00e4 tuntuu, kun j\u00e4\u00e4 yksin hy\u00f6kk\u00e4yksen kohteeksi. Toivotan h\u00e4nelle kaikkea hyv\u00e4\u00e4. Se oli se kannanotto, mik\u00e4 minulla t\u00e4ss\u00e4 oli.<\/p>\n","protected":false},"excerpt":{"rendered":"Perussuomalaisten kansanedustaja Juho Eerola sanoo kuvan olevan kannanotto Sarah Dzafcen puolesta. Eerola ei itse pid\u00e4 julkaisemaansa kuvaa rasistisena.&hellip;\n","protected":false},"author":2,"featured_media":113861,"comment_status":"","ping_status":"","sticky":false,"template":"","format":"standard","meta":{"footnotes":""},"categories":[130],"tags":[137,33,31,30,20944,3458,637,11698,32,109],"class_list":{"0":"post-113860","1":"post","2":"type-post","3":"status-publish","4":"format-standard","5":"has-post-thumbnail","7":"category-viihde","8":"tag-entertainment","9":"tag-fi","10":"tag-finland","11":"tag-finnish","12":"tag-juho-eerola","13":"tag-miss-suomi","14":"tag-politiikka","15":"tag-sarah-dzafce","16":"tag-suomi","17":"tag-viihde"},"share_on_mastodon":{"url":"https:\/\/pubeurope.com\/@fi\/115702546380955899","error":""},"_links":{"self":[{"href":"https:\/\/www.europesays.com\/fi\/wp-json\/wp\/v2\/posts\/113860","targetHints":{"allow":["GET"]}}],"collection":[{"href":"https:\/\/www.europesays.com\/fi\/wp-json\/wp\/v2\/posts"}],"about":[{"href":"https:\/\/www.europesays.com\/fi\/wp-json\/wp\/v2\/types\/post"}],"author":[{"embeddable":true,"href":"https:\/\/www.europesays.com\/fi\/wp-json\/wp\/v2\/users\/2"}],"replies":[{"embeddable":true,"href":"https:\/\/www.europesays.com\/fi\/wp-json\/wp\/v2\/comments?post=113860"}],"version-history":[{"count":0,"href":"https:\/\/www.europesays.com\/fi\/wp-json\/wp\/v2\/posts\/113860\/revisions"}],"wp:featuredmedia":[{"embeddable":true,"href":"https:\/\/www.europesays.com\/fi\/wp-json\/wp\/v2\/media\/113861"}],"wp:attachment":[{"href":"https:\/\/www.europesays.com\/fi\/wp-json\/wp\/v2\/media?parent=113860"}],"wp:term":[{"taxonomy":"category","embeddable":true,"href":"https:\/\/www.europesays.com\/fi\/wp-json\/wp\/v2\/categories?post=113860"},{"taxonomy":"post_tag","embeddable":true,"href":"https:\/\/www.europesays.com\/fi\/wp-json\/wp\/v2\/tags?post=113860"}],"curies":[{"name":"wp","href":"https:\/\/api.w.org\/{rel}","templated":true}]}}