{"id":113866,"date":"2025-12-11T19:22:09","date_gmt":"2025-12-11T19:22:09","guid":{"rendered":"https:\/\/www.europesays.com\/fi\/113866\/"},"modified":"2025-12-11T19:22:09","modified_gmt":"2025-12-11T19:22:09","slug":"kolmea-omaspn-entista-hallituksen-jasenta-syytetaan-sisapiiritiedon-vaarinkaytosta-kotimaa","status":"publish","type":"post","link":"https:\/\/www.europesays.com\/fi\/113866\/","title":{"rendered":"Kolmea OmaSp:n entist\u00e4 hal\u00adli\u00adtuk\u00adsen j\u00e4sent\u00e4 syytet\u00e4\u00e4n sis\u00e4piiritiedon v\u00e4\u00e4rink\u00e4yt\u00f6st\u00e4 | Kotimaa"},"content":{"rendered":"<p class=\"aw-1gybjub aw-5vja16 kEtdKx kmuxyA yle__article__paragraph\">Kolmen henkil\u00f6n kohdalla syytteet j\u00e4tettiin nostamatta.<\/p>\n<p><img decoding=\"async\" alt=\"Oma S\u00e4\u00e4st\u00f6pankin konttori Sein\u00e4joen keskustassa. \" src=\"https:\/\/www.europesays.com\/fi\/wp-content\/uploads\/2025\/12\/39-14068486787bee296916.jpeg\" class=\"aw-1l9m598 hKVVvP\"\/><\/p>\n<p>Avaa kuvien katselu<\/p>\n<p>Kuva: Elina Niemist\u00f6 \/ Yle <\/p>\n<p class=\"aw-1gybjub aw-1p7kakr kEtdKx cEmitX yle__article__paragraph\">Kolmea Oma S\u00e4\u00e4st\u00f6pankin entist\u00e4 hallituksen j\u00e4sent\u00e4 kohtaan on nostettu syytteet sis\u00e4piiritiedon v\u00e4\u00e4rink\u00e4yt\u00f6st\u00e4.<\/p>\n<p class=\"aw-1gybjub aw-1p7kakr kEtdKx cEmitX yle__article__paragraph\">Asiasta kertoi ensimm\u00e4isen\u00e4 <a class=\"aw-iao6s4 iHOxEa yle__article__link\" href=\"https:\/\/www.ilkkapohjalainen.fi\/kolmea-omaspn-entista-hallituksen-jasenta-kohtaan\/12446486\" role=\"link\" rel=\"nofollow noopener\" target=\"_blank\">Ilkka-Pohjalainen<\/a>.<\/p>\n<p class=\"aw-1gybjub aw-1p7kakr kEtdKx cEmitX yle__article__paragraph\">Syytettyin\u00e4 ovat <strong class=\"aw-ak79eh KyCXm yle__article__strong\">Jaana Sandstr\u00f6m, Jyrki M\u00e4kynen<\/strong> ja <strong class=\"aw-ak79eh KyCXm yle__article__strong\">Aila Hemminki<\/strong>. Yle julkaisee syytettyjen nimet jo t\u00e4ss\u00e4 vaiheessa, koska he ovat merkitt\u00e4vi\u00e4 yhteiskunnallisia vallank\u00e4ytt\u00e4ji\u00e4 tai ettei aiheettomia ep\u00e4ilyksi\u00e4 kohdistu sivullisiin.<\/p>\n<p class=\"aw-1gybjub aw-1p7kakr kEtdKx cEmitX yle__article__paragraph\">Jaana Sandstr\u00f6m ei halunnut kommentoida Ylelle syytett\u00e4\u00e4n mill\u00e4\u00e4n tavalla. Sandstr\u00f6m toimii t\u00e4ll\u00e4 hetkell\u00e4 Lappeenrannassa ja Lahdessa sijaitsevan LUT-yliopiston vararehtorina.<\/p>\n<p class=\"aw-1gybjub aw-1p7kakr kEtdKx cEmitX yle__article__paragraph\">Jyrki M\u00e4kynen kertoi, ettei ole syytt\u00e4j\u00e4n kanssa samaa mielt\u00e4. H\u00e4n on toiminut aiempina vuosina mm. Suomen Yritt\u00e4jien puheenjohtajana.<\/p>\n<p class=\"aw-1gybjub aw-1p7kakr kEtdKx cEmitX yle__article__paragraph\">Yle ei tavoittanut Hemminki\u00e4.<\/p>\n<p class=\"aw-1gybjub aw-1p7kakr kEtdKx cEmitX yle__article__paragraph\">Syytt\u00e4j\u00e4 teki samalla my\u00f6s syytt\u00e4m\u00e4tt\u00e4j\u00e4tt\u00e4misp\u00e4\u00e4t\u00f6ksi\u00e4 kolmen henkil\u00f6n kohdalla.<\/p>\n<p class=\"aw-1gybjub aw-1p7kakr kEtdKx cEmitX yle__article__paragraph\">Aluesyytt\u00e4j\u00e4 <strong class=\"aw-ak79eh KyCXm yle__article__strong\">Petteri Olkkonen<\/strong> Etel\u00e4-Suomen syytt\u00e4j\u00e4alueelta ei ota kantaa siihen, onko syytteit\u00e4 tulossa lis\u00e4\u00e4.<\/p>\n<p class=\"aw-1gybjub aw-1p7kakr kEtdKx cEmitX yle__article__paragraph\">Asia k\u00e4sitell\u00e4\u00e4n Helsingin k\u00e4r\u00e4j\u00e4oikeudessa kev\u00e4\u00e4ll\u00e4.<\/p>\n<p class=\"aw-1gybjub aw-1p7kakr kEtdKx cEmitX yle__article__paragraph\">Keskusrikospoliisi on tutkinut Oma S\u00e4\u00e4st\u00f6pankkiin liittyen mahdollisia <a class=\"aw-iao6s4 iHOxEa yle__article__link\" href=\"https:\/\/yle.fi\/a\/74-20086868\" role=\"link\" rel=\"nofollow noopener\" target=\"_blank\">arvopaperimarkkinarikoksia<\/a>. Oma S\u00e4\u00e4st\u00f6pankki tiedotti torstaina illalla arvopaperimarkkinarikosten tutkinnan p\u00e4\u00e4ttyneen.<\/p>\n<p class=\"aw-1gybjub aw-1p7kakr kEtdKx cEmitX yle__article__paragraph\">Yhti\u00f6 toteaa tiedotteessa, ettei pankkiin ole kohdistunut rangaistusvaatimuksia arvopaperimarkkinarikoksista tai ettei yhti\u00f6 ole asianosainen asiassa.<\/p>\n<p class=\"aw-1gybjub aw-1p7kakr kEtdKx cEmitX yle__article__paragraph\">Tutkinta sis\u00e4piiritiedon v\u00e4\u00e4rink\u00e4yt\u00f6ksest\u00e4 alkoi, kun Finanssivalvonta teki asiasta<a class=\"aw-iao6s4 iHOxEa yle__article__link\" href=\"https:\/\/yle.fi\/a\/74-20170279\" role=\"link\" rel=\"nofollow noopener\" target=\"_blank\"> tutkintapyynn\u00f6n<\/a>. Tekojen ep\u00e4ill\u00e4\u00e4n ajoittuneen vuosille 2020\u20132022.<\/p>\n<p class=\"aw-1gybjub aw-1p7kakr kEtdKx cEmitX yle__article__paragraph\">Keskusrikospoliisi tutkii my\u00f6s toista Oma S\u00e4\u00e4st\u00f6pankkiin liittyv\u00e4\u00e4 rikosep\u00e4ilyhaaraa. Se liittyy pankin<a class=\"aw-iao6s4 iHOxEa yle__article__link\" href=\"https:\/\/yle.fi\/a\/74-20086220\" role=\"link\" rel=\"nofollow noopener\" target=\"_blank\"> luotonantoon<\/a>, josta pankki teki itse <a class=\"aw-iao6s4 iHOxEa yle__article__link\" href=\"https:\/\/yle.fi\/a\/74-20095218\" role=\"link\" rel=\"nofollow noopener\" target=\"_blank\">tutkintapyynn\u00f6n<\/a>.<\/p>\n<p class=\"aw-1gybjub aw-1p7kakr kEtdKx cEmitX yle__article__paragraph\">Finanssivalvonnan mukaan sis\u00e4piiritiedon v\u00e4\u00e4rink\u00e4yt\u00f6st\u00e4 annetut tuomiot ovat t\u00e4n\u00e4 vuonna olleet alimmillaan 75 p\u00e4iv\u00e4sakkoa ja korkeimmillaan yhdeks\u00e4n kuukautta ehdollista vankeutta.<\/p>\n<p class=\"aw-1gybjub aw-1p7kakr kEtdKx cEmitX yle__article__paragraph\">Rikoksella saatu hy\u00f6ty tuomittiin menetett\u00e4v\u00e4ksi valtiolle.<\/p>\n","protected":false},"excerpt":{"rendered":"Kolmen henkil\u00f6n kohdalla syytteet j\u00e4tettiin nostamatta. Avaa kuvien katselu Kuva: Elina Niemist\u00f6 \/ Yle Kolmea Oma S\u00e4\u00e4st\u00f6pankin entist\u00e4&hellip;\n","protected":false},"author":2,"featured_media":113867,"comment_status":"","ping_status":"","sticky":false,"template":"","format":"standard","meta":{"footnotes":""},"categories":[12],"tags":[22,23,1377,26,27,33,31,30,17,71,24,25,28,29,15,20945,18,21,1263,680,32,19,20,16],"class_list":{"0":"post-113866","1":"post","2":"type-post","3":"status-publish","4":"format-standard","5":"has-post-thumbnail","7":"category-suomi","8":"tag-breaking-news","9":"tag-breakingnews","10":"tag-etela-pohjanmaa","11":"tag-featured-news","12":"tag-featurednews","13":"tag-fi","14":"tag-finland","15":"tag-finnish","16":"tag-headlines","17":"tag-kotimaa","18":"tag-latest-news","19":"tag-latestnews","20":"tag-main-news","21":"tag-mainnews","22":"tag-news","23":"tag-oma-saastopankki","24":"tag-otsikot","25":"tag-paauutiset","26":"tag-rikosepailyt","27":"tag-seinajoki","28":"tag-suomi","29":"tag-top-stories","30":"tag-topstories","31":"tag-uutiset"},"share_on_mastodon":{"url":"https:\/\/pubeurope.com\/@fi\/115702565986221894","error":""},"_links":{"self":[{"href":"https:\/\/www.europesays.com\/fi\/wp-json\/wp\/v2\/posts\/113866","targetHints":{"allow":["GET"]}}],"collection":[{"href":"https:\/\/www.europesays.com\/fi\/wp-json\/wp\/v2\/posts"}],"about":[{"href":"https:\/\/www.europesays.com\/fi\/wp-json\/wp\/v2\/types\/post"}],"author":[{"embeddable":true,"href":"https:\/\/www.europesays.com\/fi\/wp-json\/wp\/v2\/users\/2"}],"replies":[{"embeddable":true,"href":"https:\/\/www.europesays.com\/fi\/wp-json\/wp\/v2\/comments?post=113866"}],"version-history":[{"count":0,"href":"https:\/\/www.europesays.com\/fi\/wp-json\/wp\/v2\/posts\/113866\/revisions"}],"wp:featuredmedia":[{"embeddable":true,"href":"https:\/\/www.europesays.com\/fi\/wp-json\/wp\/v2\/media\/113867"}],"wp:attachment":[{"href":"https:\/\/www.europesays.com\/fi\/wp-json\/wp\/v2\/media?parent=113866"}],"wp:term":[{"taxonomy":"category","embeddable":true,"href":"https:\/\/www.europesays.com\/fi\/wp-json\/wp\/v2\/categories?post=113866"},{"taxonomy":"post_tag","embeddable":true,"href":"https:\/\/www.europesays.com\/fi\/wp-json\/wp\/v2\/tags?post=113866"}],"curies":[{"name":"wp","href":"https:\/\/api.w.org\/{rel}","templated":true}]}}