{"id":113868,"date":"2025-12-11T19:23:09","date_gmt":"2025-12-11T19:23:09","guid":{"rendered":"https:\/\/www.europesays.com\/fi\/113868\/"},"modified":"2025-12-11T19:23:09","modified_gmt":"2025-12-11T19:23:09","slug":"suzanne-innes-stubb-edusti-hollannissa-suomalaisessa-luomuksessa","status":"publish","type":"post","link":"https:\/\/www.europesays.com\/fi\/113868\/","title":{"rendered":"Suzanne Innes-Stubb edusti Hollannissa suomalaisessa luomuksessa"},"content":{"rendered":"<p>Presidenttipari on valtiovierailulla Hollannissa.<\/p>\n<p class=\"article-body mb-nof-24 px-nof-16\">Tasavallan presidentti <a class=\"article-personlink\" href=\"https:\/\/www.is.fi\/haku\/?query=Alexander%20Stubb\" rel=\"nofollow noopener\" target=\"_blank\">Alexander Stubb<\/a> ja h\u00e4nen puolisonsa <a class=\"article-personlink\" href=\"https:\/\/www.is.fi\/haku\/?query=Suzanne%20Innes-Stubb\" rel=\"nofollow noopener\" target=\"_blank\">Suzanne Innes-Stubb<\/a> ovat parhaillaan kaksip\u00e4iv\u00e4isell\u00e4 valtiovierailulla Hollannissa.<\/p>\n<p class=\"article-body mb-nof-24 px-nof-16\">P\u00e4iv\u00e4n aikana presidenttipari on edustanut yhdess\u00e4 Hollannin kuningasparin <a class=\"article-personlink\" href=\"https:\/\/www.is.fi\/haku\/?query=Willem-Alexanderin\" rel=\"nofollow noopener\" target=\"_blank\">Willem-Alexanderin<\/a> ja <a class=\"article-personlink\" href=\"https:\/\/www.is.fi\/haku\/?query=Maximan\" rel=\"nofollow noopener\" target=\"_blank\">Maximan<\/a> kanssa. Torstaina illalla Stubbit saapuivat kuninkaallisten vieraiksi Amsterdamin kuninkaanlinnaan.<\/p>\n<p class=\"article-body mb-nof-24 px-nof-16\">Rouva Innes-Stubb saapui kuningasparin j\u00e4rjest\u00e4m\u00e4lle illalliselle n\u00e4ytt\u00e4v\u00e4ss\u00e4 kullans\u00e4vyisess\u00e4 iltapuvussa. Asu on <a class=\"article-personlink\" href=\"https:\/\/www.is.fi\/haku\/?query=Katri%20Niskasen\" rel=\"nofollow noopener\" target=\"_blank\">Katri Niskasen<\/a> suunnittelema. Tietyss\u00e4 valossa asun s\u00e4vy taittaa vihre\u00e4\u00e4n.<\/p>\n<p class=\"article-body mb-nof-24 px-nof-16\">Kokonaisuuden kruunaavat Lumoavan Maininki-sarjan rannekoru ja samaa sarjaa olevat korvakorut.<\/p>\n<p><img decoding=\"async\" src=\"https:\/\/www.europesays.com\/fi\/wp-content\/uploads\/2025\/12\/1765480989_309_468.jpg\" alt=\"Alankomaiden prinsessa Catharina-Amalia, rouva Innes-Stubb, presidentti Stubb, kuningas Willem-Alexander ja kuningatar Maxima poseerasivat yhdess\u00e4 hymyillen.\" class=\"_Img_1rerz_1\" style=\"aspect-ratio:1.5\" loading=\"eager\"\/><\/p>\n<p class=\"article-picture-caption\">Alankomaiden prinsessa Catharina-Amalia, rouva Innes-Stubb, presidentti Stubb, kuningas Willem-Alexander ja kuningatar Maxima poseerasivat yhdess\u00e4 hymyillen. Kuva:\u00a0Pete Aarre-Ahtio \/ IS<\/p>\n<p><img decoding=\"async\" src=\"https:\/\/www.europesays.com\/fi\/wp-content\/uploads\/2025\/12\/1765480989_824_468.jpg\" alt=\"P\u00e4iv\u00e4ll\u00e4 presidenttipari seurasi Hollannin kuningasparin kanssa drooniesityst\u00e4 Amsterdamissa. Innes-Stubbilla oli yll\u00e4\u00e4n ateljeompelija Sari H\u00f6rk\u00f6n k\u00e4sialaa oleva Beige asu.\" class=\"_Img_1rerz_1\" style=\"aspect-ratio:1.5\" loading=\"eager\"\/><\/p>\n<p class=\"article-picture-caption\">P\u00e4iv\u00e4ll\u00e4 presidenttipari seurasi Hollannin kuningasparin kanssa drooniesityst\u00e4 Amsterdamissa. Innes-Stubbilla oli yll\u00e4\u00e4n ateljeompelija Sari H\u00f6rk\u00f6n k\u00e4sialaa oleva Beige asu. Kuva:\u00a0Pete Aarre-Ahtio \/ IS<\/p>\n<p class=\"article-body mb-nof-24 px-nof-16\">Aiemmin p\u00e4iv\u00e4ll\u00e4 Stubbit viettiv\u00e4t aikaa kuningasparin kanssa seuraten drooniesityst\u00e4 Amsterdamissa.<\/p>\n<p class=\"article-body mb-nof-24 px-nof-16\">P\u00e4iv\u00e4ohjelman aikana Innes-Stubbilla oli yll\u00e4\u00e4n <a class=\"article-personlink\" href=\"https:\/\/www.is.fi\/haku\/?query=Sari%20H%C3%B6rk%C3%B6n\" rel=\"nofollow noopener\" target=\"_blank\">Sari H\u00f6rk\u00f6n<\/a> beige luomus ja keeppi eli viittamainen asuste. P\u00e4\u00e4ss\u00e4\u00e4n h\u00e4nell\u00e4 oli <a class=\"article-personlink\" href=\"https:\/\/www.is.fi\/haku\/?query=Hanna%20Sar%C3%A9nin\" rel=\"nofollow noopener\" target=\"_blank\">Hanna Sar\u00e9nin<\/a> k\u00e4sialaa oleva, niin ik\u00e4\u00e4n beigen s\u00e4vyinen p\u00e4\u00e4hine.<\/p>\n<p class=\"article-body mb-nof-24 px-nof-16\">Rouva Innes-Stubb oli viimeistellyt tyylin Kalevalan Itu-sarjan lasihelmikorvakoruilla. Samanlainen helmikoru oli my\u00f6s h\u00e4nen keeppins\u00e4 rintamuksessa.<\/p>\n<p class=\"article-body mb-nof-24 px-nof-16\">Kuningatar Maxima oli puolestaan pukenut ylleen sinisen asun, jonka p\u00e4\u00e4ll\u00e4 oli vihre\u00e4 takki.<\/p>\n<p class=\"article-body mb-nof-24 px-nof-16\">Hollantilainen <a class=\"article-genericlink\" href=\"https:\/\/www.telegraaf.nl\/vrouw\/maxima-zet-meteen-de-toon-bij-staatsbezoek-van-finland-koningin-geeft-slimme-draai-aan-bekende-sprookjesachtige-outfit\/112443276.html\" rel=\"nofollow noopener\" target=\"_blank\">De Telegraaf<\/a> -lehti kuvaili kuningattaren asua ylist\u00e4v\u00e4sti ja kirjoituksen mukaan h\u00e4n n\u00e4ytti olevan \u201dkuin musikaalit\u00e4hti Frozen-elokuvasta\u201d.<\/p>\n<p class=\"article-body mb-nof-24 px-nof-16\">Innes-Stubbin beige tyyli n\u00e4ytti lehden mukaan \u201dhyvin vaatimattomalta\u201d, mutta samalla presidentin rouvan olemusta kehuttiin kauniiksi.<\/p>\n<p class=\"article-body mb-nof-24 px-nof-16\">Stubbien valtiovierailun keskusteluiden asialistalla on muun muassa Suomen ja Hollannin v\u00e4lien tiivist\u00e4minen, kokonaisturvallisuus, energia- ja meriteollisuus ja totutusti my\u00f6s tuki Ukrainalle.<\/p>\n<p class=\"article-body mb-nof-24 px-nof-16\">Vierailu jatkuu perjantaina Haagissa. Siell\u00e4 presidentill\u00e4 on omaa ohjelmaa, kun taas Innes-Stubb osallistuu py\u00f6re\u00e4n p\u00f6yd\u00e4n keskusteluun naisiin kohdistuvasta v\u00e4kivallasta.<\/p>\n","protected":false},"excerpt":{"rendered":"Presidenttipari on valtiovierailulla Hollannissa. Tasavallan presidentti Alexander Stubb ja h\u00e4nen puolisonsa Suzanne Innes-Stubb ovat parhaillaan kaksip\u00e4iv\u00e4isell\u00e4 valtiovierailulla Hollannissa.&hellip;\n","protected":false},"author":2,"featured_media":113869,"comment_status":"","ping_status":"","sticky":false,"template":"","format":"standard","meta":{"footnotes":""},"categories":[5],"tags":[22,23,26,27,33,31,30,17,34,24,25,28,29,15,18,21,32,19,20,16],"class_list":{"0":"post-113868","1":"post","2":"type-post","3":"status-publish","4":"format-standard","5":"has-post-thumbnail","7":"category-otsikot","8":"tag-breaking-news","9":"tag-breakingnews","10":"tag-featured-news","11":"tag-featurednews","12":"tag-fi","13":"tag-finland","14":"tag-finnish","15":"tag-headlines","16":"tag-ilta-sanomat","17":"tag-latest-news","18":"tag-latestnews","19":"tag-main-news","20":"tag-mainnews","21":"tag-news","22":"tag-otsikot","23":"tag-paauutiset","24":"tag-suomi","25":"tag-top-stories","26":"tag-topstories","27":"tag-uutiset"},"share_on_mastodon":{"url":"https:\/\/pubeurope.com\/@fi\/115702569745206929","error":""},"_links":{"self":[{"href":"https:\/\/www.europesays.com\/fi\/wp-json\/wp\/v2\/posts\/113868","targetHints":{"allow":["GET"]}}],"collection":[{"href":"https:\/\/www.europesays.com\/fi\/wp-json\/wp\/v2\/posts"}],"about":[{"href":"https:\/\/www.europesays.com\/fi\/wp-json\/wp\/v2\/types\/post"}],"author":[{"embeddable":true,"href":"https:\/\/www.europesays.com\/fi\/wp-json\/wp\/v2\/users\/2"}],"replies":[{"embeddable":true,"href":"https:\/\/www.europesays.com\/fi\/wp-json\/wp\/v2\/comments?post=113868"}],"version-history":[{"count":0,"href":"https:\/\/www.europesays.com\/fi\/wp-json\/wp\/v2\/posts\/113868\/revisions"}],"wp:featuredmedia":[{"embeddable":true,"href":"https:\/\/www.europesays.com\/fi\/wp-json\/wp\/v2\/media\/113869"}],"wp:attachment":[{"href":"https:\/\/www.europesays.com\/fi\/wp-json\/wp\/v2\/media?parent=113868"}],"wp:term":[{"taxonomy":"category","embeddable":true,"href":"https:\/\/www.europesays.com\/fi\/wp-json\/wp\/v2\/categories?post=113868"},{"taxonomy":"post_tag","embeddable":true,"href":"https:\/\/www.europesays.com\/fi\/wp-json\/wp\/v2\/tags?post=113868"}],"curies":[{"name":"wp","href":"https:\/\/api.w.org\/{rel}","templated":true}]}}