{"id":113870,"date":"2025-12-11T19:27:10","date_gmt":"2025-12-11T19:27:10","guid":{"rendered":"https:\/\/www.europesays.com\/fi\/113870\/"},"modified":"2025-12-11T19:27:10","modified_gmt":"2025-12-11T19:27:10","slug":"polymyrskyt-jyllaavat-ruskean-kaapiotahden-kaasukehassa","status":"publish","type":"post","link":"https:\/\/www.europesays.com\/fi\/113870\/","title":{"rendered":"P\u00f6lymyrskyt jyll\u00e4\u00e4v\u00e4t ruskean k\u00e4\u00e4pi\u00f6t\u00e4hden kaasukeh\u00e4ss\u00e4"},"content":{"rendered":"<p>Tutkijat ovat mallintaneet ruskean k\u00e4\u00e4pi\u00f6t\u00e4hden kaasukeh\u00e4n liikkeit\u00e4. Kaasukeh\u00e4\u00e4 hallitsevat valtavat p\u00f6lymyrskyt sek\u00e4 suuret, laikukkaat pilvet.&#13;<\/p>\n<p class=\"bodytext\">&#8221;Dynaamisessa 3D-simulaatiossamme esiintyy planeetanlaajuisia j\u00e4ttip\u00f6lymyrskyj\u00e4 perinteisesti oletettujen vy\u00f6hykem\u00e4isten rakenteiden sijaan&#8221;, kansainv\u00e4linen tutkimusryhm\u00e4 toteaa tutkimusartikkelissaan.\n<\/p>\n<p>P\u00f6lypilvet paljastuivat VHS 1256B -nimiselt\u00e4 ruskealta k\u00e4\u00e4pi\u00f6t\u00e4hdelt\u00e4. L\u00f6yd\u00f6ss\u00e4 olennaisessa osassa olivat James Webb -teleskoopin ottamat kuvat kohteesta.\n<\/p>\n<p>Nimest\u00e4\u00e4n huolimatta ruskeat k\u00e4\u00e4pi\u00f6t\u00e4hdet eiv\u00e4t ole t\u00e4hti\u00e4, vaan ne sijoittuvat massaltaan perinteisten planeettojen ja t\u00e4htien v\u00e4limaastoon. Pienet ruskeat k\u00e4\u00e4pi\u00f6t ovat kooltaan ja l\u00e4mp\u00f6tilaltaan melko l\u00e4hell\u00e4 Jupiteria.\u00a0\n<\/p>\n<p>Samankaltaisuuden takia pienten ruskeiden k\u00e4\u00e4pi\u00f6iden on ajateltu muistuttavan Jupiteria my\u00f6s ulkon\u00e4\u00f6lt\u00e4\u00e4n. Havainnekuvissa niille on usein piirretty samantapaisia kaasukeh\u00e4n v\u00f6it\u00e4 kuin aurinkokuntamme suurimmalla kaasuplaneetalla on.\n<\/p>\n<p>Nyt tehty analyysi viittaa kuitenkin siihen, ett\u00e4 ruskeiden k\u00e4\u00e4pi\u00f6iden tihe\u00e4mpi kaasukeh\u00e4 reagoi l\u00e4mp\u00f6tilaan voimakkaammin. N\u00e4in syntyy turbulenttisia alueita, jotka hajottavat vy\u00f6m\u00e4iset rakenteet.\u00a0\n<\/p>\n<p>Tutkimuksen tehneiden t\u00e4htitieteilij\u00f6iden mukaan kyse ei siis ole vain yksitt\u00e4istapauksesta, vaan ruskeat k\u00e4\u00e4pi\u00f6t\u00e4hdet voivat yleisesti n\u00e4ytt\u00e4\u00e4 hyvin erilaisilta kuin meille tuttu Jupiter.\u00a0\n<\/p>\n<p><a href=\"https:\/\/news.ucsc.edu\/2025\/12\/super-jupiter-atmosphere\/\" target=\"_blank\" rel=\"noreferrer nofollow noopener\">Aiheesta lis\u00e4\u00e4 Kalifornian yliopisto Santa Cruzissa<\/a> (englanniksi)<\/p>\n","protected":false},"excerpt":{"rendered":"Tutkijat ovat mallintaneet ruskean k\u00e4\u00e4pi\u00f6t\u00e4hden kaasukeh\u00e4n liikkeit\u00e4. Kaasukeh\u00e4\u00e4 hallitsevat valtavat p\u00f6lymyrskyt sek\u00e4 suuret, laikukkaat pilvet.&#13; &#8221;Dynaamisessa 3D-simulaatiossamme esiintyy&hellip;\n","protected":false},"author":2,"featured_media":113871,"comment_status":"","ping_status":"","sticky":false,"template":"","format":"standard","meta":{"footnotes":""},"categories":[114],"tags":[453,33,31,30,118,452,32,119],"class_list":{"0":"post-113870","1":"post","2":"type-post","3":"status-publish","4":"format-standard","5":"has-post-thumbnail","7":"category-avaruus","8":"tag-avaruus","9":"tag-fi","10":"tag-finland","11":"tag-finnish","12":"tag-science","13":"tag-space","14":"tag-suomi","15":"tag-tiede"},"share_on_mastodon":{"url":"https:\/\/pubeurope.com\/@fi\/115702585345261666","error":""},"_links":{"self":[{"href":"https:\/\/www.europesays.com\/fi\/wp-json\/wp\/v2\/posts\/113870","targetHints":{"allow":["GET"]}}],"collection":[{"href":"https:\/\/www.europesays.com\/fi\/wp-json\/wp\/v2\/posts"}],"about":[{"href":"https:\/\/www.europesays.com\/fi\/wp-json\/wp\/v2\/types\/post"}],"author":[{"embeddable":true,"href":"https:\/\/www.europesays.com\/fi\/wp-json\/wp\/v2\/users\/2"}],"replies":[{"embeddable":true,"href":"https:\/\/www.europesays.com\/fi\/wp-json\/wp\/v2\/comments?post=113870"}],"version-history":[{"count":0,"href":"https:\/\/www.europesays.com\/fi\/wp-json\/wp\/v2\/posts\/113870\/revisions"}],"wp:featuredmedia":[{"embeddable":true,"href":"https:\/\/www.europesays.com\/fi\/wp-json\/wp\/v2\/media\/113871"}],"wp:attachment":[{"href":"https:\/\/www.europesays.com\/fi\/wp-json\/wp\/v2\/media?parent=113870"}],"wp:term":[{"taxonomy":"category","embeddable":true,"href":"https:\/\/www.europesays.com\/fi\/wp-json\/wp\/v2\/categories?post=113870"},{"taxonomy":"post_tag","embeddable":true,"href":"https:\/\/www.europesays.com\/fi\/wp-json\/wp\/v2\/tags?post=113870"}],"curies":[{"name":"wp","href":"https:\/\/api.w.org\/{rel}","templated":true}]}}