{"id":113879,"date":"2025-12-11T19:47:09","date_gmt":"2025-12-11T19:47:09","guid":{"rendered":"https:\/\/www.europesays.com\/fi\/113879\/"},"modified":"2025-12-11T19:47:09","modified_gmt":"2025-12-11T19:47:09","slug":"z-sukupolvi-osallistui-hallituksen-kaatamiseen-myos-bulgariassa","status":"publish","type":"post","link":"https:\/\/www.europesays.com\/fi\/113879\/","title":{"rendered":"Z-sukupolvi osallistui hallituksen kaatamiseen my\u00f6s Bulgariassa"},"content":{"rendered":"<p>Bulgaria|Bulgariassa on osoitettu mielt\u00e4 viikkojen ajan. \u201dNuori Bulgaria ilman mafiaa\u201d, mielenosoittajien kylteiss\u00e4 kerrottiin lukeneen.<\/p>\n<p>Lue tiivistelm\u00e4<\/p>\n<p>Tiivistelm\u00e4 on teko\u00e4lyn tekem\u00e4 ja ihmisen tarkistama.<\/p>\n<p class=\"article-body mb-nof-24 px-nof-16 sndp-summary-bullet-point-font\">Bulgarian hallitus erosi keskiviikkona viikkoja kest\u00e4neiden mielenosoitusten j\u00e4lkeen.<\/p>\n<p class=\"article-body mb-nof-24 px-nof-16 sndp-summary-bullet-point-font\">P\u00e4\u00e4ministeri Rosen \u017deljazkov ilmoitti erosta hetke\u00e4 ennen kuin parlamentin oli m\u00e4\u00e4r\u00e4 \u00e4\u00e4nest\u00e4\u00e4 ep\u00e4luottamuslauseesta.<\/p>\n<p class=\"article-body mb-nof-24 px-nof-16 sndp-summary-bullet-point-font\">Mielenosoitusten taustalla oli alunperin ensi vuoden budjettiesitys, jonka v\u00e4itettiin olevan yritys peitt\u00e4\u00e4 korruptiota.<\/p>\n<p class=\"article-body mb-nof-24 px-nof-16 sndp-summary-bullet-point-font\">Niin kutsutulla Z-sukupolvella on ollut merkitt\u00e4v\u00e4 rooli mielenosoituksissa, ja nuoria turhauttaa laajemmin maan poliittinen eliitti.<\/p>\n<p class=\"article-body mb-nof-24 px-nof-16\">Bulgarian hallitus erosi keskiviikkona viikkokausia kest\u00e4neiden mielenosoitusten j\u00e4lkeen.<\/p>\n<p class=\"article-body mb-nof-24 px-nof-16\">P\u00e4\u00e4ministeri <a class=\"article-personlink\" href=\"https:\/\/www.hs.fi\/haku\/?query=Rosen%20%C5%BDeljazkov\" rel=\"nofollow noopener\" target=\"_blank\">Rosen \u017deljazkov<\/a> ilmoitti erosta hetke\u00e4 ennen kuin parlamentin oli m\u00e4\u00e4r\u00e4 \u00e4\u00e4nest\u00e4\u00e4 opposition j\u00e4tt\u00e4m\u00e4st\u00e4 ep\u00e4luottamuslauseesta.<\/p>\n<p class=\"article-body mb-nof-24 px-nof-16\">Mielenosoitusten taustalla oli alunperin ensi vuoden budjettiesitys, jonka v\u00e4itettiin olevan yritys peitt\u00e4\u00e4 korruptiota. Esitys tehtiin ensimm\u00e4ist\u00e4 kertaa euroissa, kun Bulgarian on m\u00e4\u00e4r\u00e4 liitty\u00e4 rahaliittoon ensi vuoden alussa.<\/p>\n<p class=\"article-body mb-nof-24 px-nof-16\">Vaikka budjettiesitys vedettiin pois joulukuun alussa, protestit eiv\u00e4t laantuneet.<\/p>\n<p class=\"article-body mb-nof-24 px-nof-16\">Muun muassa bulgarialaislehti Noviniten mukaan niin kutsutulla Z-sukupolvella on ollut merkitt\u00e4v\u00e4 rooli mielenosoituksissa.<\/p>\n<p class=\"article-body mb-nof-24 px-nof-16\">Lehden mukaan nuoria ei turhauta vain budjettiesitys vaan laajemmin maan poliittinen eliitti.<\/p>\n<p class=\"article-body mb-nof-24 px-nof-16\">\u201dNuori Bulgaria ilman mafiaa\u201d ja \u201dAnna meille syy j\u00e4\u00e4d\u00e4\u201d, mielenosoittajien kylteiss\u00e4 kerrottiin lukeneen.<\/p>\n<p class=\"article-body mb-nof-24 px-nof-16\">\u201cBudjetti oli syy protestoida, mutta perimm\u00e4inen syy on se, ettemme n\u00e4e tulevaisuutta Bulgariassa, perustaa yrityst\u00e4 tai perhett\u00e4,\u201d 18-vuotias <a class=\"article-personlink\" href=\"https:\/\/www.hs.fi\/haku\/?query=Martin%20Atanassov\" rel=\"nofollow noopener\" target=\"_blank\">Martin Atanassov <\/a><a class=\"article-genericlink\" href=\"https:\/\/www.dw.com\/en\/bulgaria-protests-why-did-gen-z-turn-out-in-record-numbers\/a-75093957\" rel=\"nofollow noopener\" target=\"_blank\">totesi <\/a>saksalaismedia Deutsche Wellelle (DW).<\/p>\n<p class=\"article-body mb-nof-24 px-nof-16\">Joulukuun ensimm\u00e4inen p\u00e4iv\u00e4 Bulgariassa n\u00e4htiin merkitt\u00e4vimm\u00e4t mielenosoitukset vuosikymmeniin, Novinite kertoo. Kymmenettuhannet, mahdollisesti yli sata tuhatta ihmist\u00e4 osoitti mielt\u00e4 ymp\u00e4ri maata.<\/p>\n<p class=\"article-body mb-nof-24 px-nof-16\">Mielenosoituksesta julkaistussa uutiskuvassa n\u00e4kyy Z-sukupolven mielenosoittajien ep\u00e4virallinen kapinatunnus: keltahattuinen p\u00e4\u00e4kallo.<\/p>\n<p><img decoding=\"async\" src=\"https:\/\/www.europesays.com\/fi\/wp-content\/uploads\/2025\/12\/1765482428_114_468.jpg\" alt=\"Bulgariassa on ollut poikkeuksellisen suuria mielenosoituksia viikkojen ajan.\" class=\"_Img_1rerz_1\" style=\"aspect-ratio:1.5686274509803921\" loading=\"eager\"\/><\/p>\n<p class=\"article-picture-caption\">Bulgariassa on ollut poikkeuksellisen suuria mielenosoituksia viikkojen ajan. Kuva:\u00a0Spasiyana Sergieva \/ Reuters<\/p>\n<p class=\"article-body mb-nof-24 px-nof-16\">Z-sukupolveen lasketaan yleens\u00e4 1990-luvun lopun ja 2010-luvun alun v\u00e4liss\u00e4 syntyneet, eli siihen kuuluvat ovat noin 15\u201325-vuotiaita.<\/p>\n<p class=\"article-body mb-nof-24 px-nof-16\">Juuri t\u00e4m\u00e4n sukupolven mielenosoituksia on n\u00e4hty laajasti ymp\u00e4ri maailmaa, kuten Indonesiassa, Filippiineill\u00e4, Boliviassa, Nepalissa, Madagaskarissa ja Marokossa.<\/p>\n<p class=\"article-body mb-nof-24 px-nof-16\">Heit\u00e4 yhdist\u00e4\u00e4 se, ett\u00e4 he kokevat tulevaisuutensa varastetun.<\/p>\n<p class=\"article-body mb-nof-24 px-nof-16\">Kokoonkutsut levi\u00e4v\u00e4t sosiaalisessa mediassa, muun muassa Tiktok-, Instagram- ja Discord-sovelluksissa.<\/p>\n<p class=\"article-body mb-nof-24 px-nof-16\">Bulgariassa Z-sukupolvi ei ole henkil\u00f6kohtaisesti kokenut vuosien 1944-1989 v\u00e4lill\u00e4 hallinnutta kommunistihallintoa, eiv\u00e4tk\u00e4 my\u00f6sk\u00e4\u00e4n my\u00f6hemmin seurannutta talouskriisi\u00e4.<\/p>\n<p class=\"article-body mb-nof-24 px-nof-16\">Z-sukupolven vaatimukset Bulgariassa liittyv\u00e4t esimerkiksi parempaan terveydenhoitoon, parempiin ty\u00f6mahdollisuuksiin ja korruption kitkemiseen.<\/p>\n<p class=\"article-body mb-nof-24 px-nof-16\">\u201cT\u00e4m\u00e4 hetki merkitsee k\u00e4\u00e4nnekohtaa nuorten sietokyvyss\u00e4 korruptiota kohtaan, ja miten asioita on t\u00e4\u00e4ll\u00e4 hoidettu\u201d, 22-vuotias sosiologian opiskelija <a class=\"article-personlink\" href=\"https:\/\/www.hs.fi\/haku\/?query=Anna%20Bodakova\" rel=\"nofollow noopener\" target=\"_blank\">Anna Bodakova<\/a> <a class=\"article-genericlink\" href=\"https:\/\/balkaninsight.com\/2025\/12\/05\/different-energy-budget-win-for-young-bulgarian-protesters-fuels-hope-for-more\/\" rel=\"nofollow noopener\" target=\"_blank\">totesi <\/a>Balkan Insight -sivustolla joulukuun alussa.<\/p>\n<p class=\"article-body mb-nof-24 px-nof-16\">Jo vuosia monet nuoret bulgarialaiset ovat p\u00e4\u00e4tt\u00e4neet j\u00e4tt\u00e4\u00e4 kotimaansa etsi\u00e4kseen parempia mahdollisuuksia muualta.<\/p>\n<p class=\"article-body mb-nof-24 px-nof-16\">Maaliskuussa kerrottiin, ett\u00e4 maan nuorisosta yli 70 prosenttia pohtii maasta muuttoa.<\/p>\n<p class=\"article-body mb-nof-24 px-nof-16\">Bulgariassa on pidetty seitsem\u00e4t vaalit vuodesta 2020 l\u00e4htien. Maan odotetaan siirtyv\u00e4n euron k\u00e4ytt\u00f6\u00f6n vuoden vaihteessa hallituksen erosta huolimatta, brittilehti The Guardian <a class=\"article-genericlink\" href=\"https:\/\/www.theguardian.com\/world\/2025\/dec\/11\/bulgarian-government-resigns-mass-anti-corruption-protests\" rel=\"nofollow noopener\" target=\"_blank\">kertoo.<\/a><\/p>\n<p class=\"article-body mb-nof-24 px-nof-16\">Bulgariaa lukeutuu Euroopan k\u00f6yhimpiin maihin.<\/p>\n","protected":false},"excerpt":{"rendered":"Bulgaria|Bulgariassa on osoitettu mielt\u00e4 viikkojen ajan. \u201dNuori Bulgaria ilman mafiaa\u201d, mielenosoittajien kylteiss\u00e4 kerrottiin lukeneen. Lue tiivistelm\u00e4 Tiivistelm\u00e4 on&hellip;\n","protected":false},"author":2,"featured_media":113880,"comment_status":"","ping_status":"","sticky":false,"template":"","format":"standard","meta":{"footnotes":""},"categories":[14],"tags":[22,23,26,27,33,31,30,17,46,24,25,28,29,15,18,21,32,19,20,56,16,59,60,61],"class_list":{"0":"post-113879","1":"post","2":"type-post","3":"status-publish","4":"format-standard","5":"has-post-thumbnail","7":"category-ulkomaat","8":"tag-breaking-news","9":"tag-breakingnews","10":"tag-featured-news","11":"tag-featurednews","12":"tag-fi","13":"tag-finland","14":"tag-finnish","15":"tag-headlines","16":"tag-helsingin-sanomat","17":"tag-latest-news","18":"tag-latestnews","19":"tag-main-news","20":"tag-mainnews","21":"tag-news","22":"tag-otsikot","23":"tag-paauutiset","24":"tag-suomi","25":"tag-top-stories","26":"tag-topstories","27":"tag-ulkomaat","28":"tag-uutiset","29":"tag-world","30":"tag-world-news","31":"tag-worldnews"},"share_on_mastodon":{"url":"https:\/\/pubeurope.com\/@fi\/115702664473795459","error":""},"_links":{"self":[{"href":"https:\/\/www.europesays.com\/fi\/wp-json\/wp\/v2\/posts\/113879","targetHints":{"allow":["GET"]}}],"collection":[{"href":"https:\/\/www.europesays.com\/fi\/wp-json\/wp\/v2\/posts"}],"about":[{"href":"https:\/\/www.europesays.com\/fi\/wp-json\/wp\/v2\/types\/post"}],"author":[{"embeddable":true,"href":"https:\/\/www.europesays.com\/fi\/wp-json\/wp\/v2\/users\/2"}],"replies":[{"embeddable":true,"href":"https:\/\/www.europesays.com\/fi\/wp-json\/wp\/v2\/comments?post=113879"}],"version-history":[{"count":0,"href":"https:\/\/www.europesays.com\/fi\/wp-json\/wp\/v2\/posts\/113879\/revisions"}],"wp:featuredmedia":[{"embeddable":true,"href":"https:\/\/www.europesays.com\/fi\/wp-json\/wp\/v2\/media\/113880"}],"wp:attachment":[{"href":"https:\/\/www.europesays.com\/fi\/wp-json\/wp\/v2\/media?parent=113879"}],"wp:term":[{"taxonomy":"category","embeddable":true,"href":"https:\/\/www.europesays.com\/fi\/wp-json\/wp\/v2\/categories?post=113879"},{"taxonomy":"post_tag","embeddable":true,"href":"https:\/\/www.europesays.com\/fi\/wp-json\/wp\/v2\/tags?post=113879"}],"curies":[{"name":"wp","href":"https:\/\/api.w.org\/{rel}","templated":true}]}}