{"id":113883,"date":"2025-12-11T19:49:11","date_gmt":"2025-12-11T19:49:11","guid":{"rendered":"https:\/\/www.europesays.com\/fi\/113883\/"},"modified":"2025-12-11T19:49:11","modified_gmt":"2025-12-11T19:49:11","slug":"tasta-syysta-sylvian-joululaulu-lensi-ulos-kirkoista-professorilta-lisaa-tylytysta-kappaleelle","status":"publish","type":"post","link":"https:\/\/www.europesays.com\/fi\/113883\/","title":{"rendered":"T\u00e4st\u00e4 syyst\u00e4 Sylvian joululaulu lensi ulos kirkoista \u2013 Professorilta lis\u00e4\u00e4 tylytyst\u00e4 kappaleelle"},"content":{"rendered":"<p>Joululaulujen asiantuntija pit\u00e4\u00e4 kappaletta ensisijaisesti taiteellisena eik\u00e4 yhteislauluna.<\/p>\n<p><img decoding=\"async\" class=\"image image-show image-preview\" src=\"https:\/\/www.europesays.com\/fi\/wp-content\/uploads\/2025\/12\/c74d3cfb830bd3c842d9697a86bfeb51afd9fd29c7007465b4b1c9195a57f8b4.jpg\" alt=\"\"\/><img decoding=\"async\" class=\"image image-show\" src=\"https:\/\/www.europesays.com\/fi\/wp-content\/uploads\/2025\/12\/1765482551_393_c74d3cfb830bd3c842d9697a86bfeb51afd9fd29c7007465b4b1c9195a57f8b4.jpg\" alt=\"\"\/><\/p>\n<p>Sylvian joululaulu saa sapiskaa julkisuudessa. Arkistokuva Helsingin Aleksanterinkadun joulukadulta. TIINA SOMERPURO\n<\/p>\n<p class=\"paragraph\">Joululauluperinteen tutkijan, emeritusprofessori <strong>Reijo Pajamon<\/strong> mukaan Sylvian joululaulua ei ole koskaan edes tarkoitettu yhteislauluksi.<\/p>\n<p class=\"paragraph\">\u2013 Minun mielest\u00e4ni se on enemm\u00e4n taidelaulu kuin yhteislaulu. Se my\u00f6s vaatii aika hyv\u00e4n \u00e4\u00e4nenk\u00e4yt\u00f6n, jotta laulun onnistuu laulamaan, Pajamo sanoo.<\/p>\n<p class=\"paragraph\">Pajamo istui aikoinaan my\u00f6s itse Suomen L\u00e4hetysseuran musiikkitoimikunnassa, eik\u00e4 h\u00e4n kannattanut Sylvian joululaulun ottamista vihkoon silloinkaan.<\/p>\n<p>Useampi joululaulu vaihtuu joka vuosi<\/p>\n<p class=\"paragraph\">Suomen L\u00e4hetysseuran varainhankinnan p\u00e4\u00e4llikk\u00f6 <strong>Hanna Kalanne<\/strong> kertoo Iltalehdelle, ett\u00e4 p\u00e4\u00e4t\u00f6s Sylvian joululaulun pois j\u00e4tt\u00e4misest\u00e4 ei ollut poikkeuksellinen.<\/p>\n<p class=\"paragraph\">\u2013 Joka vuosi teemme t\u00e4ysin uuden vihon. Noin kolmannes lauluista vaihtuu, jotta kokonaisuus s\u00e4ilyy el\u00e4v\u00e4isen\u00e4.<\/p>\n<p class=\"paragraph\">Kalanne sanoo, ett\u00e4 osa harmistuneesta palautteesta syntyi jo ennen kuin ihmiset tiesiv\u00e4t, mit\u00e4 lauluja vihkoon tuli tilalle. H\u00e4n\u00a0my\u00f6s muistuttaa, etteiv\u00e4t perinteisimpienk\u00e4\u00e4n laulujen poistot tai tauot ole erikoistapaus.\u00a0Palautetta on kuitenkin tullut maltillisesti.<\/p>\n<p class=\"paragraph\">\u2013 Kansainv\u00e4liset melodiat auttavat varsinkin ulkomailla asuneita suomalaisia ja Suomeen muuttaneita p\u00e4\u00e4sem\u00e4\u00e4n laulujen mukaan, Kalanne kertoo.<\/p>\n<p class=\"paragraph\">T\u00e4n\u00e4 vuonna vihkoon palasi useita lauluja vuosikymmenten tauon j\u00e4lkeen. Enkellaulu kajahtaa on kajautettu viimeksi vuonna 1997, Jouluy\u00f6n hymni vuonna 2012 ja Seimess\u00e4 nukkuu -laulu uinui l\u00e4hes kymmenen vuotta.<\/p>\n<p>Kuvituskuva joulupukista. Karoliina Vuorenmaki<\/p>\n<p>\u201dPerinne on aina ollut kansainv\u00e4linen\u201d<\/p>\n<p class=\"paragraph\">Reijo Pajamon mukaan keskustelu kansainv\u00e4lisyydest\u00e4 on usein turhan mustavalkoista.<\/p>\n<p class=\"paragraph\">\u2013 Suomalainen joululauluperinne on aina sis\u00e4lt\u00e4nyt kansainv\u00e4lisi\u00e4 lauluja. Heinill\u00e4 h\u00e4rkien on ranskalainen, Maa on niin kaunis tanskalainen, Oi kuusipuu saksalainen ja Jouluy\u00f6, Juhlay\u00f6 it\u00e4valtalainen.<\/p>\n<p>Perinteen ja uudistumisen tasapaino<\/p>\n<p class=\"paragraph\">Pajamo korostaa, ett\u00e4 Kauneimpien joululaulujen vahvuus on ollut juuri siin\u00e4, ett\u00e4 vihkossa yhdistyv\u00e4t perinteet ja kohtuullinen uudistuminen.<\/p>\n<p class=\"paragraph\">\u2013 P\u00e4\u00e4osan pit\u00e4isi olla sellaisia lauluja, joita vanhastaan opetettiin kouluissa. Mutta ei ihminen paikalleen saa j\u00e4\u00e4d\u00e4. T\u00e4rkeint\u00e4 on, ettei vihkoon oteta kerralla liian montaa uutta laulua.<\/p>\n<p class=\"paragraph\">T\u00e4n\u00e4 vuonna Sylvia vaikenee Kauneimmissa joululauluissa, mutta sen paluu on t\u00e4ysin mahdollista jo ensi vuonna. Monelle suomalaiselle laulu on huulilla joka tapauksessa, ilman vihkoakin.<\/p>\n","protected":false},"excerpt":{"rendered":"Joululaulujen asiantuntija pit\u00e4\u00e4 kappaletta ensisijaisesti taiteellisena eik\u00e4 yhteislauluna. Sylvian joululaulu saa sapiskaa julkisuudessa. Arkistokuva Helsingin Aleksanterinkadun joulukadulta. TIINA&hellip;\n","protected":false},"author":2,"featured_media":113884,"comment_status":"","ping_status":"","sticky":false,"template":"","format":"standard","meta":{"footnotes":""},"categories":[5],"tags":[35,22,23,26,27,33,31,30,17,3674,603,615,96,24,25,28,29,47,15,18,21,32,19,20,16],"class_list":{"0":"post-113883","1":"post","2":"type-post","3":"status-publish","4":"format-standard","5":"has-post-thumbnail","7":"category-otsikot","8":"tag-24h","9":"tag-breaking-news","10":"tag-breakingnews","11":"tag-featured-news","12":"tag-featurednews","13":"tag-fi","14":"tag-finland","15":"tag-finnish","16":"tag-headlines","17":"tag-juhla-ja-vapaapaivat","18":"tag-korkeakoulu","19":"tag-koulut","20":"tag-koulutus","21":"tag-latest-news","22":"tag-latestnews","23":"tag-main-news","24":"tag-mainnews","25":"tag-musiikki","26":"tag-news","27":"tag-otsikot","28":"tag-paauutiset","29":"tag-suomi","30":"tag-top-stories","31":"tag-topstories","32":"tag-uutiset"},"share_on_mastodon":{"url":"https:\/\/pubeurope.com\/@fi\/115702672092078841","error":""},"_links":{"self":[{"href":"https:\/\/www.europesays.com\/fi\/wp-json\/wp\/v2\/posts\/113883","targetHints":{"allow":["GET"]}}],"collection":[{"href":"https:\/\/www.europesays.com\/fi\/wp-json\/wp\/v2\/posts"}],"about":[{"href":"https:\/\/www.europesays.com\/fi\/wp-json\/wp\/v2\/types\/post"}],"author":[{"embeddable":true,"href":"https:\/\/www.europesays.com\/fi\/wp-json\/wp\/v2\/users\/2"}],"replies":[{"embeddable":true,"href":"https:\/\/www.europesays.com\/fi\/wp-json\/wp\/v2\/comments?post=113883"}],"version-history":[{"count":0,"href":"https:\/\/www.europesays.com\/fi\/wp-json\/wp\/v2\/posts\/113883\/revisions"}],"wp:featuredmedia":[{"embeddable":true,"href":"https:\/\/www.europesays.com\/fi\/wp-json\/wp\/v2\/media\/113884"}],"wp:attachment":[{"href":"https:\/\/www.europesays.com\/fi\/wp-json\/wp\/v2\/media?parent=113883"}],"wp:term":[{"taxonomy":"category","embeddable":true,"href":"https:\/\/www.europesays.com\/fi\/wp-json\/wp\/v2\/categories?post=113883"},{"taxonomy":"post_tag","embeddable":true,"href":"https:\/\/www.europesays.com\/fi\/wp-json\/wp\/v2\/tags?post=113883"}],"curies":[{"name":"wp","href":"https:\/\/api.w.org\/{rel}","templated":true}]}}