{"id":113895,"date":"2025-12-11T20:13:09","date_gmt":"2025-12-11T20:13:09","guid":{"rendered":"https:\/\/www.europesays.com\/fi\/113895\/"},"modified":"2025-12-11T20:13:09","modified_gmt":"2025-12-11T20:13:09","slug":"trump-lemppasi-sanna-marinin-pomon","status":"publish","type":"post","link":"https:\/\/www.europesays.com\/fi\/113895\/","title":{"rendered":"Trump lemppasi Sanna Marinin pomon"},"content":{"rendered":"<p>Arabimaat asettuivat vastustamaan Britannian ex-p\u00e4\u00e4ministeri\u00e4.<\/p>\n<p><img decoding=\"async\" class=\"image image-show image-preview\" src=\"https:\/\/www.europesays.com\/fi\/wp-content\/uploads\/2025\/12\/94afa76674ef3c5d8f833c5ca13d077ca3d50cc46a5dd9824433f3f383afc605.jpg\" alt=\"\"\/><img decoding=\"async\" class=\"image image-show\" src=\"https:\/\/www.europesays.com\/fi\/wp-content\/uploads\/2025\/12\/1765483989_608_94afa76674ef3c5d8f833c5ca13d077ca3d50cc46a5dd9824433f3f383afc605.jpg\" alt=\"\"\/><\/p>\n<p>Tony Blair johtaa nyky\u00e4\u00e4n perustamaansa ajatushautomoa. AOP<\/p>\n<p class=\"paragraph\">Britannian entinen p\u00e4\u00e4ministeri <a href=\"https:\/\/www.iltalehti.fi\/henkilot\/Tony Blair\" class=\"article-link-person-page\" rel=\"nofollow noopener\" target=\"_blank\">Tony Blair<\/a> ei p\u00e4\u00e4sek\u00e4\u00e4n mukaan Yhdysvaltain presidentti <a href=\"https:\/\/www.iltalehti.fi\/henkilot\/Donald Trump\" class=\"article-link-person-page\" rel=\"nofollow noopener\" target=\"_blank\">Donald Trumpin<\/a> &#8221;rauhanneuvostoon&#8221;, josta suunnitellaan siirtym\u00e4ajan hallintoa Gazaan.<\/p>\n<p class=\"paragraph\">Neuvosto on osa Trumpin rauhansuunnitelmaa, ja h\u00e4n on ilmoittanut ryhtyv\u00e4ns\u00e4 itse puheenjohtajaksi.<\/p>\n<p class=\"paragraph\"><a href=\"https:\/\/www.ft.com\/content\/3f6cdc81-f286-4424-b80d-2355c8316b29\" target=\"_blank\" rel=\"noopener nofollow\">Financial Timesin<\/a> mukaan n\u00e4kyv\u00e4\u00e4 roolia neuvostossa tavoitellut Blair pudotettiin ehdokkaiden joukosta, koska useat arabimaat asettuivat vastustamaan h\u00e4nt\u00e4.<\/p>\n<p class=\"paragraph\">Blair tunnetaan nykyisin my\u00f6s Tony Blair -instituutin perustajana. Suomen entinen p\u00e4\u00e4ministeri <a href=\"https:\/\/www.iltalehti.fi\/henkilot\/Sanna Marin\" class=\"article-link-person-page\" rel=\"nofollow noopener\" target=\"_blank\">Sanna Marin<\/a> ty\u00f6skentelee instituutissa.<\/p>\n<p>Yhdysvallat ja Britannia johtivat hy\u00f6kk\u00e4yst\u00e4 Irakiin vuonna 2003. Kuvan edustalla Yhdysvaltain entinen presidentti George W. Bush ja taustalla oikealla Britannian entinen p\u00e4\u00e4ministeri Tony Blair. EPA\/AOP<\/p>\n<p class=\"paragraph\">Kritiikki kumpuaa Blairin roolista Irakin sodassa ja vuonna 2016 julkaistun Irak-raportin havainnoista.<\/p>\n<p class=\"paragraph\">Raportin mukaan Britannia p\u00e4\u00e4tti l\u00e4hte\u00e4 p\u00e4\u00e4ministeri Blairin johdolla sotaan, vaikka kaikkia rauhanomaisia vaihtoehtoja ei ollut yritetty.<\/p>\n<p class=\"paragraph\">Blair my\u00f6s esitti parlamentille Irakin joukkotuhoaseista saadun tiedustelutiedon varmana, mik\u00e4 ei raportin mukaan ollut perusteltua.<\/p>\n<p>\u201dKaikki haluavat olla mukana\u201d<\/p>\n<p class=\"paragraph\">Trump ilmoitti keskiviikkona, ett\u00e4 Gazan rauhanneuvoston j\u00e4senet on tarkoitus julkistaa ensi vuoden alussa.<\/p>\n<p class=\"paragraph\">Trump kertoi toimittajille Valkoisessa talossa pidetyn tilaisuuden yhteydess\u00e4, ett\u00e4 \u201duseat johtajat\u201d haluavat mukaan neuvostoon.<\/p>\n<p class=\"paragraph\">\u2013 Kuninkaat, presidentit, p\u00e4\u00e4ministerit, he kaikki haluavat olla mukana rauhanneuvostossa, Trump kertoi toimittajille.<\/p>\n<p class=\"paragraph\">\u2013 Se tulee olemaan yksi legendaarisimmista neuvostoista koskaan.<\/p>\n<p class=\"paragraph\">YK:n turvallisuusneuvosto valtuutti 17. marraskuuta rauhanneuvoston ja sen kanssa yhteisty\u00f6t\u00e4 tekev\u00e4t maat perustamaan v\u00e4liaikaisen kansainv\u00e4listen vakausjoukon (ISF) Gazaan.<\/p>\n","protected":false},"excerpt":{"rendered":"Arabimaat asettuivat vastustamaan Britannian ex-p\u00e4\u00e4ministeri\u00e4. Tony Blair johtaa nyky\u00e4\u00e4n perustamaansa ajatushautomoa. AOP Britannian entinen p\u00e4\u00e4ministeri Tony Blair ei&hellip;\n","protected":false},"author":2,"featured_media":113896,"comment_status":"","ping_status":"","sticky":false,"template":"","format":"standard","meta":{"footnotes":""},"categories":[14],"tags":[35,22,23,26,27,33,31,30,17,24,25,28,29,15,18,21,142,637,144,886,32,19,20,56,16,638,59,60,61],"class_list":{"0":"post-113895","1":"post","2":"type-post","3":"status-publish","4":"format-standard","5":"has-post-thumbnail","7":"category-ulkomaat","8":"tag-24h","9":"tag-breaking-news","10":"tag-breakingnews","11":"tag-featured-news","12":"tag-featurednews","13":"tag-fi","14":"tag-finland","15":"tag-finnish","16":"tag-headlines","17":"tag-latest-news","18":"tag-latestnews","19":"tag-main-news","20":"tag-mainnews","21":"tag-news","22":"tag-otsikot","23":"tag-paauutiset","24":"tag-poliitikot","25":"tag-politiikka","26":"tag-presidentti","27":"tag-puolueet","28":"tag-suomi","29":"tag-top-stories","30":"tag-topstories","31":"tag-ulkomaat","32":"tag-uutiset","33":"tag-valtiovalta","34":"tag-world","35":"tag-world-news","36":"tag-worldnews"},"share_on_mastodon":{"url":"https:\/\/pubeurope.com\/@fi\/115702766691942249","error":""},"_links":{"self":[{"href":"https:\/\/www.europesays.com\/fi\/wp-json\/wp\/v2\/posts\/113895","targetHints":{"allow":["GET"]}}],"collection":[{"href":"https:\/\/www.europesays.com\/fi\/wp-json\/wp\/v2\/posts"}],"about":[{"href":"https:\/\/www.europesays.com\/fi\/wp-json\/wp\/v2\/types\/post"}],"author":[{"embeddable":true,"href":"https:\/\/www.europesays.com\/fi\/wp-json\/wp\/v2\/users\/2"}],"replies":[{"embeddable":true,"href":"https:\/\/www.europesays.com\/fi\/wp-json\/wp\/v2\/comments?post=113895"}],"version-history":[{"count":0,"href":"https:\/\/www.europesays.com\/fi\/wp-json\/wp\/v2\/posts\/113895\/revisions"}],"wp:featuredmedia":[{"embeddable":true,"href":"https:\/\/www.europesays.com\/fi\/wp-json\/wp\/v2\/media\/113896"}],"wp:attachment":[{"href":"https:\/\/www.europesays.com\/fi\/wp-json\/wp\/v2\/media?parent=113895"}],"wp:term":[{"taxonomy":"category","embeddable":true,"href":"https:\/\/www.europesays.com\/fi\/wp-json\/wp\/v2\/categories?post=113895"},{"taxonomy":"post_tag","embeddable":true,"href":"https:\/\/www.europesays.com\/fi\/wp-json\/wp\/v2\/tags?post=113895"}],"curies":[{"name":"wp","href":"https:\/\/api.w.org\/{rel}","templated":true}]}}