{"id":113914,"date":"2025-12-11T20:39:10","date_gmt":"2025-12-11T20:39:10","guid":{"rendered":"https:\/\/www.europesays.com\/fi\/113914\/"},"modified":"2025-12-11T20:39:10","modified_gmt":"2025-12-11T20:39:10","slug":"zelenskyi-ukraina-ei-piilottele-demokratialta","status":"publish","type":"post","link":"https:\/\/www.europesays.com\/fi\/113914\/","title":{"rendered":"Zelenskyi: &#8221;Ukraina ei piilottele demokratialta&#8221;"},"content":{"rendered":"<p><strong class=\"typography-bold\">Ukrainan presidentti kertoo, ett\u00e4 vaalit on mahdolliset j\u00e4rjest\u00e4\u00e4, mik\u00e4li maahan saadaan aselepo.<\/strong><\/p>\n<p>Ukrainan presidentti <strong class=\"typography-bold\">Volodymyr Zelenskyi<\/strong> kertoo maansa toivovan, ett\u00e4 Yhdysvaltain mahdollisille turvatakuille saadaan hyv\u00e4ksynt\u00e4 maan kongressilta, jotta niist\u00e4 saataisiin laillisesti sitovia.<\/p>\n<p>Zelenskyi kommentoi asiaa torstaina halukkaiden koalition maiden kokouksessa pit\u00e4m\u00e4ss\u00e4\u00e4n puheessa, joka julkaistiin presidentinkanslian sivuilla. Zelenskyi oli keskustellut Yhdysvaltain edustajien kanssa mahdollisista turvatakuista noin tuntia ennen koalition kokousta.<\/p>\n<p>\u2013\u2009Ty\u00f6skentelemme asiakirjan kehysten parissa. Sen on oltava tarpeeksi voimakas toimiakseen. Uskomme, ett\u00e4 t\u00e4m\u00e4 asiakirja pit\u00e4isi hyv\u00e4ksytt\u00e4\u00e4 Yhdysvaltain kongressilla. Se tiet\u00e4isi todellisia ja laillisesti sitovia turvatakuita maallemme, Zelenskyi sanoi.<\/p>\n<p>Toimivat turvatakuut tarvitsevat h\u00e4nen mukaansa my\u00f6s Euroopan maiden ja halukkaiden koalition tukea.<\/p>\n<p>\u2013\u2009Olemme valmiita ty\u00f6skentelem\u00e4\u00e4n presidentti Trumpin kanssa miss\u00e4 tahansa muodossa. &#8212; Voimme yritt\u00e4\u00e4 pit\u00e4\u00e4 vaalit. Ukraina ei piilottele demokratialta.<\/p>\n<p>Zelenskyin mukaan vaalien j\u00e4rjest\u00e4minen edellytt\u00e4\u00e4 kuitenkin aselepoa ainakin \u00e4\u00e4nestyksen ja muun vaaliprosessin ajaksi.<\/p>\n<p>Yhdysvaltain presidentti <strong class=\"typography-bold\">Donald Trump<\/strong> on &#8221;\u00e4\u00e4rimm\u00e4isen turhautunut&#8221; sek\u00e4 Ven\u00e4j\u00e4\u00e4n ett\u00e4 Ukrainaan, kertoo Valkoisen talon lehdist\u00f6sihteeri Karoline Leavitt. Leavittin mukaan Trump ei halua en\u00e4\u00e4 puhetta vaan toimintaa l\u00e4hes nelj\u00e4 vuotta kest\u00e4neen sodan p\u00e4\u00e4tt\u00e4miseksi.<\/p>\n<p><strong class=\"typography-bold\">Donetsk ja Zaporizhzhjan voimala kiistana<\/strong><\/p>\n<p>Aiemmin torstaina Zelenskyi kertoi, ett\u00e4 Yhdysvaltain kanssa k\u00e4yt\u00e4viss\u00e4 neuvotteluissa suurinta erimielisyytt\u00e4 aiheuttavat Donetskin alueen ja Zaporizhzhjan ydinvoimalan kohtalot.<\/p>\n","protected":false},"excerpt":{"rendered":"Ukrainan presidentti kertoo, ett\u00e4 vaalit on mahdolliset j\u00e4rjest\u00e4\u00e4, mik\u00e4li maahan saadaan aselepo. Ukrainan presidentti Volodymyr Zelenskyi kertoo maansa&hellip;\n","protected":false},"author":2,"featured_media":86896,"comment_status":"","ping_status":"","sticky":false,"template":"","format":"standard","meta":{"footnotes":""},"categories":[14],"tags":[22,23,26,27,33,31,30,17,24,25,28,29,15,18,21,32,19,20,56,16,59,60,61],"class_list":{"0":"post-113914","1":"post","2":"type-post","3":"status-publish","4":"format-standard","5":"has-post-thumbnail","7":"category-ulkomaat","8":"tag-breaking-news","9":"tag-breakingnews","10":"tag-featured-news","11":"tag-featurednews","12":"tag-fi","13":"tag-finland","14":"tag-finnish","15":"tag-headlines","16":"tag-latest-news","17":"tag-latestnews","18":"tag-main-news","19":"tag-mainnews","20":"tag-news","21":"tag-otsikot","22":"tag-paauutiset","23":"tag-suomi","24":"tag-top-stories","25":"tag-topstories","26":"tag-ulkomaat","27":"tag-uutiset","28":"tag-world","29":"tag-world-news","30":"tag-worldnews"},"share_on_mastodon":{"url":"https:\/\/pubeurope.com\/@fi\/115702868737386383","error":""},"_links":{"self":[{"href":"https:\/\/www.europesays.com\/fi\/wp-json\/wp\/v2\/posts\/113914","targetHints":{"allow":["GET"]}}],"collection":[{"href":"https:\/\/www.europesays.com\/fi\/wp-json\/wp\/v2\/posts"}],"about":[{"href":"https:\/\/www.europesays.com\/fi\/wp-json\/wp\/v2\/types\/post"}],"author":[{"embeddable":true,"href":"https:\/\/www.europesays.com\/fi\/wp-json\/wp\/v2\/users\/2"}],"replies":[{"embeddable":true,"href":"https:\/\/www.europesays.com\/fi\/wp-json\/wp\/v2\/comments?post=113914"}],"version-history":[{"count":0,"href":"https:\/\/www.europesays.com\/fi\/wp-json\/wp\/v2\/posts\/113914\/revisions"}],"wp:featuredmedia":[{"embeddable":true,"href":"https:\/\/www.europesays.com\/fi\/wp-json\/wp\/v2\/media\/86896"}],"wp:attachment":[{"href":"https:\/\/www.europesays.com\/fi\/wp-json\/wp\/v2\/media?parent=113914"}],"wp:term":[{"taxonomy":"category","embeddable":true,"href":"https:\/\/www.europesays.com\/fi\/wp-json\/wp\/v2\/categories?post=113914"},{"taxonomy":"post_tag","embeddable":true,"href":"https:\/\/www.europesays.com\/fi\/wp-json\/wp\/v2\/tags?post=113914"}],"curies":[{"name":"wp","href":"https:\/\/api.w.org\/{rel}","templated":true}]}}