{"id":113917,"date":"2025-12-11T20:41:08","date_gmt":"2025-12-11T20:41:08","guid":{"rendered":"https:\/\/www.europesays.com\/fi\/113917\/"},"modified":"2025-12-11T20:41:08","modified_gmt":"2025-12-11T20:41:08","slug":"kaasurajahdys-on-aiheuttanut-suuren-tulipalon-san-franciscon-lahden-alueella-uutisia-lyhyesti","status":"publish","type":"post","link":"https:\/\/www.europesays.com\/fi\/113917\/","title":{"rendered":"Kaasur\u00e4j\u00e4hdys on aiheuttanut suuren tulipalon San Franciscon lahden alueella | Uutisia lyhyesti"},"content":{"rendered":"<p class=\"aw-1gybjub aw-1p7kakr kEtdKx cEmitX yle__article__paragraph\">Kaasur\u00e4j\u00e4hdys on sytytt\u00e4nyt suuren tulipalon Haywardissa San Franciscon lahden alueella torstaina, uutistoimisto AP kertoo.<\/p>\n<p class=\"aw-1gybjub aw-1p7kakr kEtdKx cEmitX yle__article__paragraph\">Tulipalo on vaurioittanut useita koteja ja aiheuttanut voimakasta savun muodostusta. Paikallisten l\u00e4hteiden mukaan r\u00e4j\u00e4hdyksess\u00e4 on saattanut my\u00f6s loukkaantua ihmisi\u00e4.<\/p>\n<p class=\"aw-1gybjub aw-1p7kakr kEtdKx cEmitX yle__article__paragraph\">Energia-alan yhti\u00f6n Pacific Gas &amp; Electric Co.:n tiedottajan mukaan rakennusryhm\u00e4 vaurioitti maanalaista kaasuputkea noin klo 7.35 aamulla paikallista aikaa eli 17.35 Suomen aikaa. Kyseess\u00e4 eiv\u00e4t olleet yhti\u00f6n ty\u00f6ntekij\u00e4t.<\/p>\n<p class=\"aw-1gybjub aw-1p7kakr kEtdKx cEmitX yle__article__paragraph\">Huoltoty\u00f6ntekij\u00e4t eristiv\u00e4t vaurioituneen putken ja katkaisivat kaasun virtauksen klo 9.25. R\u00e4j\u00e4hdys tapahtui pian t\u00e4m\u00e4n j\u00e4lkeen.<\/p>\n<p class=\"aw-1gybjub aw-1p7kakr kEtdKx cEmitX yle__article__paragraph\">L\u00e4hde: AP<\/p>\n","protected":false},"excerpt":{"rendered":"Kaasur\u00e4j\u00e4hdys on sytytt\u00e4nyt suuren tulipalon Haywardissa San Franciscon lahden alueella torstaina, uutistoimisto AP kertoo. Tulipalo on vaurioittanut useita&hellip;\n","protected":false},"author":2,"featured_media":113918,"comment_status":"","ping_status":"","sticky":false,"template":"","format":"standard","meta":{"footnotes":""},"categories":[5],"tags":[22,23,26,27,33,31,30,20954,17,24,25,28,29,15,837,18,21,1472,20955,32,19,20,56,16],"class_list":{"0":"post-113917","1":"post","2":"type-post","3":"status-publish","4":"format-standard","5":"has-post-thumbnail","7":"category-otsikot","8":"tag-breaking-news","9":"tag-breakingnews","10":"tag-featured-news","11":"tag-featurednews","12":"tag-fi","13":"tag-finland","14":"tag-finnish","15":"tag-hayward","16":"tag-headlines","17":"tag-latest-news","18":"tag-latestnews","19":"tag-main-news","20":"tag-mainnews","21":"tag-news","22":"tag-onnettomuudet","23":"tag-otsikot","24":"tag-paauutiset","25":"tag-rajahdykset","26":"tag-san-franciscon-lahden-ymparisto","27":"tag-suomi","28":"tag-top-stories","29":"tag-topstories","30":"tag-ulkomaat","31":"tag-uutiset"},"share_on_mastodon":{"url":"https:\/\/pubeurope.com\/@fi\/115702876617614040","error":""},"_links":{"self":[{"href":"https:\/\/www.europesays.com\/fi\/wp-json\/wp\/v2\/posts\/113917","targetHints":{"allow":["GET"]}}],"collection":[{"href":"https:\/\/www.europesays.com\/fi\/wp-json\/wp\/v2\/posts"}],"about":[{"href":"https:\/\/www.europesays.com\/fi\/wp-json\/wp\/v2\/types\/post"}],"author":[{"embeddable":true,"href":"https:\/\/www.europesays.com\/fi\/wp-json\/wp\/v2\/users\/2"}],"replies":[{"embeddable":true,"href":"https:\/\/www.europesays.com\/fi\/wp-json\/wp\/v2\/comments?post=113917"}],"version-history":[{"count":0,"href":"https:\/\/www.europesays.com\/fi\/wp-json\/wp\/v2\/posts\/113917\/revisions"}],"wp:featuredmedia":[{"embeddable":true,"href":"https:\/\/www.europesays.com\/fi\/wp-json\/wp\/v2\/media\/113918"}],"wp:attachment":[{"href":"https:\/\/www.europesays.com\/fi\/wp-json\/wp\/v2\/media?parent=113917"}],"wp:term":[{"taxonomy":"category","embeddable":true,"href":"https:\/\/www.europesays.com\/fi\/wp-json\/wp\/v2\/categories?post=113917"},{"taxonomy":"post_tag","embeddable":true,"href":"https:\/\/www.europesays.com\/fi\/wp-json\/wp\/v2\/tags?post=113917"}],"curies":[{"name":"wp","href":"https:\/\/api.w.org\/{rel}","templated":true}]}}