{"id":113937,"date":"2025-12-11T21:08:18","date_gmt":"2025-12-11T21:08:18","guid":{"rendered":"https:\/\/www.europesays.com\/fi\/113937\/"},"modified":"2025-12-11T21:08:18","modified_gmt":"2025-12-11T21:08:18","slug":"ennuste-muuttui-saassa-muhii-kaanne","status":"publish","type":"post","link":"https:\/\/www.europesays.com\/fi\/113937\/","title":{"rendered":"Ennuste muuttui: S\u00e4\u00e4ss\u00e4 muhii k\u00e4\u00e4nne"},"content":{"rendered":"<p>Tuoreessa kuukausiennusteessa n\u00e4kyy talvisempaa s\u00e4\u00e4t\u00e4.<\/p>\n<p><img decoding=\"async\" class=\"image image-show image-preview\" src=\"https:\/\/www.europesays.com\/fi\/wp-content\/uploads\/2025\/12\/2e4386aa2573856323b369f41ae10665c2112dfd42d0bf458e931cdb9f85a7fc.jpg\" alt=\"\"\/><img decoding=\"async\" class=\"image image-show\" src=\"https:\/\/www.europesays.com\/fi\/wp-content\/uploads\/2025\/12\/1765487296_592_2e4386aa2573856323b369f41ae10665c2112dfd42d0bf458e931cdb9f85a7fc.jpg\" alt=\"\"\/><\/p>\n<p>Ennusteessa n\u00e4kyy aiemmin odotettua talvisempaa s\u00e4\u00e4t\u00e4. Jussi Korhonen<\/p>\n<p class=\"paragraph\">Euroopan keskipitkien ennusteiden keskuksen ECMWF:n tuoreimmassa kuukausiennusteessa muhii koko Suomea koskeva k\u00e4\u00e4nne.<\/p>\n<p class=\"paragraph\"><a href=\"https:\/\/www.foreca.fi\/meteorologilta\/kc2x7s9u\" rel=\"noopener nofollow\" target=\"_blank\">Forecan<\/a> s\u00e4\u00e4blogissa kerrotaan, ett\u00e4 ennuste on ottanut aiempaa viile\u00e4mm\u00e4n kannan. Uumoiltu l\u00e4mmin poikkeama on poistunut uusimmassa ennusteessa koko maasta.<\/p>\n<p class=\"paragraph\">Muutos koskee etenkin vuodenvaihteen ymp\u00e4rille asettuvaa viikkoa. Tuolloin luvassa on aiemmasta ennusteesta poiketen talvista s\u00e4\u00e4t\u00e4.<\/p>\n<p class=\"paragraph\">Muutoksen aiempiin ennusteisiin voi aiheuttaa Atlantilla n\u00e4ill\u00e4 n\u00e4kymin jouluviikolla muodostuva, tavanomaista korkeamman ilmanpaineen alue.<\/p>\n<p class=\"paragraph\">Se kurottautuu Suomeen asti jo jouluviikolla, mutta s\u00e4\u00e4n odotetaan edelleen olevan tavanomaista l\u00e4mpim\u00e4mp\u00e4\u00e4. Sadem\u00e4\u00e4r\u00e4n ennakoidaan kuitenkin muuttuvan jo tavanomaiseksi.<\/p>\n<p>Vuosi 2026<\/p>\n<p class=\"paragraph\">Vuodenvaihteen j\u00e4lkeen korkeamman ilmanpaineen poikkeaman odotetaan pysyv\u00e4n edelleen Pohjois-Atlantin ja Pohjois-Euroopan yll\u00e4.<\/p>\n<p class=\"paragraph\">Silloin s\u00e4\u00e4 Suomessa olisi talvinen. Suomen yll\u00e4 ei Forecan mukaan n\u00e4y tavanomaisesta merkitt\u00e4v\u00e4sti poikkeavia sateita tai l\u00e4mp\u00f6tiloja.<\/p>\n<p class=\"paragraph\">Muualla Euroopassa on ennusteen mukaan laajoilla alueilla keskim\u00e4\u00e4r\u00e4ist\u00e4 kylmemp\u00e4\u00e4.<\/p>\n<p class=\"paragraph\">Foreca huomauttaa, ett\u00e4 jouluviikolla Atlantilla n\u00e4kyv\u00e4 muutos aiempaan ennusteeseen on niin suuri, ett\u00e4 siihen kannattaa suhtautua varauksella.<\/p>\n<p class=\"paragraph\">Muutenkin ennustettavuus on jouluviikosta alkaen parhaimmillaankin kohtalainen.<\/p>\n<p class=\"paragraph\">Tulevasta viikonlopusta on tulossa Suomessa talvinen, mutta ensi viikolla s\u00e4\u00e4n odotetaan lauhtuvan.<\/p>\n<p class=\"paragraph\">Pitk\u00e4n ajan s\u00e4\u00e4ennusteet kertovat tarkasteltavien ajanjaksojen keskim\u00e4\u00e4r\u00e4isest\u00e4 s\u00e4\u00e4st\u00e4, joka voi toteutua monella eri tavalla. Ajanjaksojen, kuten viikkojen, sis\u00e4ll\u00e4 s\u00e4\u00e4 voi vaihdella suuresti.<\/p>\n<p><a href=\"https:\/\/www.iltalehti.fi\/parassaa?storeCampaign=ArticleBottomBanner\" rel=\"nofollow noopener\" target=\"_blank\"><img decoding=\"async\" src=\"https:\/\/www.europesays.com\/fi\/wp-content\/uploads\/2025\/08\/d0fd7860228df4fdd5fd0367e49d769aa09b08189080ddc5ccdd8c31ad63aca9.png\" alt=\"IL Paras S\u00e4\u00e4 - S\u00e4\u00e4tiedot ja s\u00e4\u00e4ennusteet\"\/><\/a><\/p>\n","protected":false},"excerpt":{"rendered":"Tuoreessa kuukausiennusteessa n\u00e4kyy talvisempaa s\u00e4\u00e4t\u00e4. Ennusteessa n\u00e4kyy aiemmin odotettua talvisempaa s\u00e4\u00e4t\u00e4. Jussi Korhonen Euroopan keskipitkien ennusteiden keskuksen ECMWF:n&hellip;\n","protected":false},"author":2,"featured_media":93853,"comment_status":"","ping_status":"","sticky":false,"template":"","format":"standard","meta":{"footnotes":""},"categories":[5],"tags":[35,22,23,2110,26,27,33,31,30,17,14442,713,24,25,28,29,15,18,21,710,714,32,19,20,16],"class_list":{"0":"post-113937","1":"post","2":"type-post","3":"status-publish","4":"format-standard","5":"has-post-thumbnail","7":"category-otsikot","8":"tag-24h","9":"tag-breaking-news","10":"tag-breakingnews","11":"tag-elamantapa-ja-vapaa-aika","12":"tag-featured-news","13":"tag-featurednews","14":"tag-fi","15":"tag-finland","16":"tag-finnish","17":"tag-headlines","18":"tag-kansalliset-ja-kansainvaliset-juhlapaivat","19":"tag-lampotila-saa","20":"tag-latest-news","21":"tag-latestnews","22":"tag-main-news","23":"tag-mainnews","24":"tag-news","25":"tag-otsikot","26":"tag-paauutiset","27":"tag-saa","28":"tag-saaennustus","29":"tag-suomi","30":"tag-top-stories","31":"tag-topstories","32":"tag-uutiset"},"share_on_mastodon":{"url":"https:\/\/pubeurope.com\/@fi\/115702982802045902","error":""},"_links":{"self":[{"href":"https:\/\/www.europesays.com\/fi\/wp-json\/wp\/v2\/posts\/113937","targetHints":{"allow":["GET"]}}],"collection":[{"href":"https:\/\/www.europesays.com\/fi\/wp-json\/wp\/v2\/posts"}],"about":[{"href":"https:\/\/www.europesays.com\/fi\/wp-json\/wp\/v2\/types\/post"}],"author":[{"embeddable":true,"href":"https:\/\/www.europesays.com\/fi\/wp-json\/wp\/v2\/users\/2"}],"replies":[{"embeddable":true,"href":"https:\/\/www.europesays.com\/fi\/wp-json\/wp\/v2\/comments?post=113937"}],"version-history":[{"count":0,"href":"https:\/\/www.europesays.com\/fi\/wp-json\/wp\/v2\/posts\/113937\/revisions"}],"wp:featuredmedia":[{"embeddable":true,"href":"https:\/\/www.europesays.com\/fi\/wp-json\/wp\/v2\/media\/93853"}],"wp:attachment":[{"href":"https:\/\/www.europesays.com\/fi\/wp-json\/wp\/v2\/media?parent=113937"}],"wp:term":[{"taxonomy":"category","embeddable":true,"href":"https:\/\/www.europesays.com\/fi\/wp-json\/wp\/v2\/categories?post=113937"},{"taxonomy":"post_tag","embeddable":true,"href":"https:\/\/www.europesays.com\/fi\/wp-json\/wp\/v2\/tags?post=113937"}],"curies":[{"name":"wp","href":"https:\/\/api.w.org\/{rel}","templated":true}]}}