{"id":113938,"date":"2025-12-11T21:21:14","date_gmt":"2025-12-11T21:21:14","guid":{"rendered":"https:\/\/www.europesays.com\/fi\/113938\/"},"modified":"2025-12-11T21:21:14","modified_gmt":"2025-12-11T21:21:14","slug":"venajan-bianca-censorin-ulkonako-puhuttaa","status":"publish","type":"post","link":"https:\/\/www.europesays.com\/fi\/113938\/","title":{"rendered":"\u201dVen\u00e4j\u00e4n Bianca Censorin\u201d ulkon\u00e4k\u00f6 puhuttaa"},"content":{"rendered":"<p>Alina Zagitova halusi jo nuorena kauneusleikkaukseen.<\/p>\n<p><img decoding=\"async\" class=\"image image-show image-preview\" src=\"https:\/\/www.europesays.com\/fi\/wp-content\/uploads\/2025\/12\/d6300e30a4992c6f5aa4bc2345f3b2e857d96f1eedcac7c8a8d5f0ab553d8f84.jpg\" alt=\"\"\/><img decoding=\"async\" class=\"image image-show\" src=\"https:\/\/www.europesays.com\/fi\/wp-content\/uploads\/2025\/12\/1765488073_986_d6300e30a4992c6f5aa4bc2345f3b2e857d96f1eedcac7c8a8d5f0ab553d8f84.jpg\" alt=\"\"\/><\/p>\n<p>Alina Zagitova koki hirvitt\u00e4vi\u00e4 ulkon\u00e4k\u00f6paineita. AOP<\/p>\n<p class=\"paragraph\">Taitoluistelun olympiavoittaja <a href=\"https:\/\/www.iltalehti.fi\/henkilot\/Alina Zagitova\" class=\"article-link-person-page\" rel=\"nofollow noopener\" target=\"_blank\">Alina Zagitova<\/a>, 23, kertoo saamastaan ulkon\u00e4k\u00f6kritiikist\u00e4 <a href=\"https:\/\/www.youtube.com\/watch?v=jBDD0Ws-GvQ\" target=\"_blank\" rel=\"noopener nofollow\">Vmeste-kanavan<\/a> haastattelussa.<\/p>\n<p class=\"paragraph\">Zagitovaa on kritisoitu Ven\u00e4j\u00e4ll\u00e4 liiallisista kauneusoperaatioista ja <a href=\"https:\/\/spletnik.ru\/posmotri-kakaya-ty-zhirnaya-alina-zagitova-rasskazala-ob-unizheniyakh-so-storony-trenerov-i-izmeneniyakh-vo-vneshnosti-336023\" target=\"_blank\" rel=\"noopener nofollow\">\u201drivosta\u201d<\/a> pukeutumistyylist\u00e4\u00e4n.<\/p>\n<p class=\"paragraph\">Muun muassa viime kev\u00e4\u00e4n\u00e4 urheilut\u00e4hti laittoi Instagram-kuviin ylleen pelk\u00e4t sukkahousut, eik\u00e4 lainkaan hametta niiden p\u00e4\u00e4lle. Kommenttikent\u00e4ss\u00e4 <a href=\"https:\/\/spletnik.ru\/novaya-byanka-tsenzori-alina-zagitova-snyalas-v-prozrachnykh-kolgotkakh-328464\" target=\"_blank\" rel=\"noopener nofollow\">ihmeteltiin<\/a>, oliko kuvissa \u201duusi <a href=\"https:\/\/www.iltalehti.fi\/henkilot\/Bianca Censori\" class=\"article-link-person-page\" rel=\"nofollow noopener\" target=\"_blank\">Bianca Censori<\/a>\u201d.<\/p>\n<p class=\"paragraph\"><a href=\"https:\/\/www.iltalehti.fi\/henkilot\/Kanye West\" class=\"article-link-person-page\" rel=\"nofollow noopener\" target=\"_blank\">Kanye Westin<\/a> puoliso Censori tunnetaan \u00e4\u00e4rimm\u00e4isen paljastavista asuistaan.<\/p>\n<p class=\"paragraph\">Zagitova kertoo kokeneensa sosiaalisen median vuoksi niin paljon ulkon\u00e4k\u00f6paineita, ett\u00e4 oli jo nuorena tytt\u00f6n\u00e4 valmis marssimaan kauneusleikkaukseen.<\/p>\n<p class=\"paragraph\">\u2013 Ajattelin, ett\u00e4 kun kasvan isoksi, menen kirurgin pakeille ja korjautan kaiken, h\u00e4n sanoo <a href=\"https:\/\/www.championat.com\/figureskating\/news-6275654-posmotri-kakaya-ty-zhirnaya-alina-zagitova-raskryla-iz-za-chego-vsegda-kompleksovala.html\" target=\"_blank\" rel=\"noopener nofollow\">Championat-sivuston<\/a> mukaan.<\/p>\n<p class=\"paragraph\">Luistelija vihasi erityisesti poskiaan.<\/p>\n<p class=\"paragraph\">\u2013 Valmentajatkin puhuivat siit\u00e4. \u201dKatso nyt poskiasi. Katso, miten lihava olet.\u201d Se on yleist\u00e4 nuorten urheilussa. Kaikki eiv\u00e4t ymm\u00e4rr\u00e4, ett\u00e4 se on vain lapsuuden py\u00f6reytt\u00e4, Zagitova muistelee.<\/p>\n<p class=\"paragraph\">Aikuistuttuaan ven\u00e4l\u00e4inen huomasi, miten kiillotettua kulissia ihmiset pitiv\u00e4t yll\u00e4 sosiaalisessa mediassa. H\u00e4n lupasi itselleen, ettei ikin\u00e4 k\u00e4sittele omia kuviaan.<\/p>\n<p class=\"paragraph\">Zagitova <a href=\"https:\/\/www.maximonline.ru\/sport\/plasticheskie-operacii-otkrovennye-naryady-i-khudoba-alina-zagitova-dala-intervyu-evgenii-medvedevoi-id6364557\/\" target=\"_blank\" rel=\"noopener nofollow\">kiist\u00e4\u00e4<\/a> k\u00e4yneens\u00e4 koskaan plastiikkakirurgilla. H\u00e4n laittaa muuttuneen ulkon\u00e4k\u00f6ns\u00e4 hampaiden oikomisen piikkiin.<\/p>\n<p class=\"paragraph\">\u2013 Hankin hammasraudat, mutta en n\u00e4hnyt siin\u00e4 mit\u00e4\u00e4n pahaa. Se ei ole kuitenkaan mik\u00e4\u00e4n leikkaus. Ei ole salaisuus, ett\u00e4 hammasraudat muuttavat kasvojen muotoja.<\/p>\n<p><a href=\"https:\/\/www.iltalehti.fi\/telkku\/?utm_source=iltalehti.fi&amp;utm_medium=almainternal&amp;utm_campaign=urheilu_artikkelibanneri&amp;utm_content=banner_612_a\" rel=\"nofollow noopener\" target=\"_blank\"><img decoding=\"async\" src=\"https:\/\/www.europesays.com\/fi\/wp-content\/uploads\/2025\/08\/7ef604e47d46ca174b7df4149bd3557dbde56a86d520f8e1b2125548b0a2e03a.png\" alt=\"TV-ohjelmat t\u00e4n\u00e4\u00e4n, TV-opas\"\/><\/a><\/p>\n","protected":false},"excerpt":{"rendered":"Alina Zagitova halusi jo nuorena kauneusleikkaukseen. Alina Zagitova koki hirvitt\u00e4vi\u00e4 ulkon\u00e4k\u00f6paineita. AOP Taitoluistelun olympiavoittaja Alina Zagitova, 23, kertoo&hellip;\n","protected":false},"author":2,"featured_media":113939,"comment_status":"","ping_status":"","sticky":false,"template":"","format":"standard","meta":{"footnotes":""},"categories":[136],"tags":[35,407,137,33,31,30,876,3207,1391,408,41,32,167,109],"class_list":{"0":"post-113938","1":"post","2":"type-post","3":"status-publish","4":"format-standard","5":"has-post-thumbnail","7":"category-julkkikset","8":"tag-24h","9":"tag-celebrities","10":"tag-entertainment","11":"tag-fi","12":"tag-finland","13":"tag-finnish","14":"tag-fyysinen-kauneus","15":"tag-ihmisen-ulkonako","16":"tag-ihmisten-ja-elainten-ruumiit","17":"tag-julkkikset","18":"tag-liikunta-ja-urheilu","19":"tag-suomi","20":"tag-terveys","21":"tag-viihde"},"share_on_mastodon":{"url":"https:\/\/pubeurope.com\/@fi\/115703033855957666","error":""},"_links":{"self":[{"href":"https:\/\/www.europesays.com\/fi\/wp-json\/wp\/v2\/posts\/113938","targetHints":{"allow":["GET"]}}],"collection":[{"href":"https:\/\/www.europesays.com\/fi\/wp-json\/wp\/v2\/posts"}],"about":[{"href":"https:\/\/www.europesays.com\/fi\/wp-json\/wp\/v2\/types\/post"}],"author":[{"embeddable":true,"href":"https:\/\/www.europesays.com\/fi\/wp-json\/wp\/v2\/users\/2"}],"replies":[{"embeddable":true,"href":"https:\/\/www.europesays.com\/fi\/wp-json\/wp\/v2\/comments?post=113938"}],"version-history":[{"count":0,"href":"https:\/\/www.europesays.com\/fi\/wp-json\/wp\/v2\/posts\/113938\/revisions"}],"wp:featuredmedia":[{"embeddable":true,"href":"https:\/\/www.europesays.com\/fi\/wp-json\/wp\/v2\/media\/113939"}],"wp:attachment":[{"href":"https:\/\/www.europesays.com\/fi\/wp-json\/wp\/v2\/media?parent=113938"}],"wp:term":[{"taxonomy":"category","embeddable":true,"href":"https:\/\/www.europesays.com\/fi\/wp-json\/wp\/v2\/categories?post=113938"},{"taxonomy":"post_tag","embeddable":true,"href":"https:\/\/www.europesays.com\/fi\/wp-json\/wp\/v2\/tags?post=113938"}],"curies":[{"name":"wp","href":"https:\/\/api.w.org\/{rel}","templated":true}]}}