{"id":113946,"date":"2025-12-11T21:33:08","date_gmt":"2025-12-11T21:33:08","guid":{"rendered":"https:\/\/www.europesays.com\/fi\/113946\/"},"modified":"2025-12-11T21:33:08","modified_gmt":"2025-12-11T21:33:08","slug":"laskuvarjohyppaajan-varjo-kietoutui-lentokoneen-siipeen-hurja-tilanne-tallentui-videolle","status":"publish","type":"post","link":"https:\/\/www.europesays.com\/fi\/113946\/","title":{"rendered":"Laskuvarjohypp\u00e4\u00e4j\u00e4n varjo kietoutui lentokoneen siipeen \u2013 hurja tilanne tallentui videolle"},"content":{"rendered":"<p>Hypp\u00e4\u00e4j\u00e4 selvisi hurjasta tilanteesta v\u00e4h\u00e4isin vammoin ja onnistui laskeutumaan turvallisesti.<\/p>\n<p class=\"article-body mb-nof-24 px-nof-16\">Australiassa laskuvarjohypp\u00e4\u00e4j\u00e4 joutui leikkaamaan itsens\u00e4 irti varjostaan, joka oli kietoutunut lentokoneen siiven ymp\u00e4rille.<\/p>\n<p class=\"article-body mb-nof-24 px-nof-16\">Australian liikenneturvallisuusvirasto on julkaissut syyskuisesta hurjasta tilanteesta videon.<\/p>\n<p class=\"article-body mb-nof-24 px-nof-16\">Cessna Caravan -merkkisess\u00e4 koneessa oli yhteens\u00e4 17 laskuvarjohypp\u00e4\u00e4j\u00e4\u00e4: kuvaaja ja 16 muuta, joiden tarkoituksena oli tehd\u00e4 ilmassa muodostelma.<\/p>\n<p class=\"article-body mb-nof-24 px-nof-16\">Liikenneturvallisuusviraston raportin mukaan ensimm\u00e4isen hypp\u00e4\u00e4j\u00e4n varavarjon kahva osui pienkoneen laskusiivekkeeseen, mink\u00e4 takia varjo yll\u00e4tt\u00e4en aukesi ja veti hypp\u00e4\u00e4j\u00e4n mukanaan. Samalla hypp\u00e4\u00e4j\u00e4 pudotti vahingossa kuvaajan.<\/p>\n<p class=\"article-body mb-nof-24 px-nof-16\">13 hypp\u00e4\u00e4j\u00e4\u00e4 hypp\u00e4si ulos koneesta, mutta kaksi j\u00e4i ovensuuhun katsomaan, kun ensimm\u00e4inen hypp\u00e4\u00e4j\u00e4 irrotti itsens\u00e4 puukon avulla siivest\u00e4. Pudotessaan h\u00e4n sai avattua p\u00e4\u00e4varjonsa ja pystyi laskeutumaan turvallisesti.<\/p>\n<p class=\"article-body mb-nof-24 px-nof-16\">Irti itsens\u00e4 leikannut hypp\u00e4\u00e4j\u00e4 sai vain v\u00e4h\u00e4isi\u00e4 vammoja. My\u00f6s koneen lent\u00e4j\u00e4 onnistui laskeutumaan onnistuneesti, vaikka koneen siipi oli vahingoittunut.<\/p>\n","protected":false},"excerpt":{"rendered":"Hypp\u00e4\u00e4j\u00e4 selvisi hurjasta tilanteesta v\u00e4h\u00e4isin vammoin ja onnistui laskeutumaan turvallisesti. Australiassa laskuvarjohypp\u00e4\u00e4j\u00e4 joutui leikkaamaan itsens\u00e4 irti varjostaan, joka&hellip;\n","protected":false},"author":2,"featured_media":113947,"comment_status":"","ping_status":"","sticky":false,"template":"","format":"standard","meta":{"footnotes":""},"categories":[14],"tags":[22,23,26,27,33,31,30,17,34,24,25,28,29,15,18,21,32,19,20,56,16,59,60,61],"class_list":{"0":"post-113946","1":"post","2":"type-post","3":"status-publish","4":"format-standard","5":"has-post-thumbnail","7":"category-ulkomaat","8":"tag-breaking-news","9":"tag-breakingnews","10":"tag-featured-news","11":"tag-featurednews","12":"tag-fi","13":"tag-finland","14":"tag-finnish","15":"tag-headlines","16":"tag-ilta-sanomat","17":"tag-latest-news","18":"tag-latestnews","19":"tag-main-news","20":"tag-mainnews","21":"tag-news","22":"tag-otsikot","23":"tag-paauutiset","24":"tag-suomi","25":"tag-top-stories","26":"tag-topstories","27":"tag-ulkomaat","28":"tag-uutiset","29":"tag-world","30":"tag-world-news","31":"tag-worldnews"},"share_on_mastodon":{"url":"https:\/\/pubeurope.com\/@fi\/115703080836605125","error":""},"_links":{"self":[{"href":"https:\/\/www.europesays.com\/fi\/wp-json\/wp\/v2\/posts\/113946","targetHints":{"allow":["GET"]}}],"collection":[{"href":"https:\/\/www.europesays.com\/fi\/wp-json\/wp\/v2\/posts"}],"about":[{"href":"https:\/\/www.europesays.com\/fi\/wp-json\/wp\/v2\/types\/post"}],"author":[{"embeddable":true,"href":"https:\/\/www.europesays.com\/fi\/wp-json\/wp\/v2\/users\/2"}],"replies":[{"embeddable":true,"href":"https:\/\/www.europesays.com\/fi\/wp-json\/wp\/v2\/comments?post=113946"}],"version-history":[{"count":0,"href":"https:\/\/www.europesays.com\/fi\/wp-json\/wp\/v2\/posts\/113946\/revisions"}],"wp:featuredmedia":[{"embeddable":true,"href":"https:\/\/www.europesays.com\/fi\/wp-json\/wp\/v2\/media\/113947"}],"wp:attachment":[{"href":"https:\/\/www.europesays.com\/fi\/wp-json\/wp\/v2\/media?parent=113946"}],"wp:term":[{"taxonomy":"category","embeddable":true,"href":"https:\/\/www.europesays.com\/fi\/wp-json\/wp\/v2\/categories?post=113946"},{"taxonomy":"post_tag","embeddable":true,"href":"https:\/\/www.europesays.com\/fi\/wp-json\/wp\/v2\/tags?post=113946"}],"curies":[{"name":"wp","href":"https:\/\/api.w.org\/{rel}","templated":true}]}}