{"id":11395,"date":"2025-08-20T17:55:08","date_gmt":"2025-08-20T17:55:08","guid":{"rendered":"https:\/\/www.europesays.com\/fi\/11395\/"},"modified":"2025-08-20T17:55:08","modified_gmt":"2025-08-20T17:55:08","slug":"sara-siipolan-pukeutui-nakutrendin-mukaiseen-keikka-asuun","status":"publish","type":"post","link":"https:\/\/www.europesays.com\/fi\/11395\/","title":{"rendered":"Sara Siipolan pukeutui nakutrendin mukaiseen keikka-asuun"},"content":{"rendered":"<p>Sara Siipola pukeutui viikonlopun keikalleen maailmalta tuttua nakutrendi\u00e4 mukaillen. <\/p>\n<p><img decoding=\"async\" class=\"image image-show image-preview\" src=\"https:\/\/www.europesays.com\/fi\/wp-content\/uploads\/2025\/08\/d836e09514c983340a915ac6b80c96aed6d2e4aca0bf09ac82bc58aeb4d7d111.jpg\" alt=\"\"\/><img decoding=\"async\" class=\"image image-show\" src=\"https:\/\/www.europesays.com\/fi\/wp-content\/uploads\/2025\/08\/1755712508_419_d836e09514c983340a915ac6b80c96aed6d2e4aca0bf09ac82bc58aeb4d7d111.jpg\" alt=\"\"\/><\/p>\n<p>Sara Siipola edustaa trendikk\u00e4\u00e4sti.  Miia Sir\u00e9n<\/p>\n<p class=\"paragraph\">Laulaja <a href=\"https:\/\/www.iltalehti.fi\/henkilot\/Sara Siipola\" class=\"article-link-person-page\" rel=\"nofollow noopener\" target=\"_blank\">Sara Siipola<\/a>, 28, on julkaissut kuvakarusellin edellisviikonlopustaan Instagram-tilill\u00e4\u00e4n. H\u00e4n kertoo julkaisussaan esiintyneens\u00e4 Iisalmessa ja Mikkeliss\u00e4 sek\u00e4 piipahtaneensa <strong>Sexmanen<\/strong> keikoilla Tapiola Festivalilla ja Blockfestiss\u00e4.<\/p>\n<p class=\"paragraph\">Kuvakarusellin ensimm\u00e4isess\u00e4 kuvassa Siipola esittelee keikkalookiaan. Asuun kuuluvat mustat saapikkaat, pitk\u00e4t kuviolliset ruskeas\u00e4vyiset housut sek\u00e4 ruskea paita. Asun kruunaa pariin kertaan lantiolle kierretty niittivy\u00f6.<\/p>\n<p class=\"paragraph\">Siipolan paita noudattelee maailmalta tuttua nakumekkotrendi\u00e4. Nakumekot ovat viime vuosina vallanneet erilaiset maailmanluokan gaalatkin, jopa niin, ett\u00e4 <a href=\"https:\/\/www.iltalehti.fi\/viihdeuutiset\/04b6be19-c599-4e5e-a0be-f0e165bd0ef4\" rel=\"nofollow noopener\" target=\"_blank\">Cannesin elokuvajuhlilla ne p\u00e4\u00e4dyttiin kielt\u00e4m\u00e4\u00e4n<\/a>. Sara Siipola edusti <a href=\"https:\/\/www.iltalehti.fi\/musiikki\/7a9aed9f-7545-420d-9411-d5b7add28da8\" rel=\"nofollow noopener\" target=\"_blank\">l\u00e4pin\u00e4kyv\u00e4ss\u00e4 asussa<\/a> t\u00e4m\u00e4n vuoden Emma-gaalassa. Tuoreessa julkaisussa Siipolan paita toimii my\u00f6s esimerkkin\u00e4 trendist\u00e4, vaikka toki kyseess\u00e4 onkin vain yl\u00e4osa. Paita on l\u00e4pikuultava ja ihonmy\u00f6t\u00e4inen \u2013 eik\u00e4 varsinaisesti peit\u00e4 mit\u00e4\u00e4n.<\/p>\n<p class=\"paragraph\">Jos kuva ei n\u00e4y, voit katsoa sen <a href=\"https:\/\/www.instagram.com\/p\/DNf___YNItd\/?img_index=1\" target=\"_blank\" rel=\"noopener nofollow\">t\u00e4st\u00e4<\/a>.<\/p>\n<p class=\"paragraph\">Festivaalikoosteen lis\u00e4ksi Siipola paljastaa, ett\u00e4 nyt ovat alkaneet Tanssii t\u00e4htien kanssa -treenit. H\u00e4n on yksi t\u00e4m\u00e4n vuoden t\u00e4htioppilaista ja tanssii ohjelmaan opettajaksi palaavan <strong>Jurijs Trosenkon<\/strong> ohjauksessa.<\/p>\n<p class=\"paragraph\">\u2013 Ja t\u00e4n\u00e4\u00e4n alkoi sitten vihdoin Tanssii t\u00e4htien kanssa -treenit! Meni aika kivasti siihen n\u00e4hden, ett\u00e4 muutaman tunnin y\u00f6unet takana. Mutta nyt on kes\u00e4n rundi vedetty ja pystyy keskittym\u00e4\u00e4n t\u00e4ysill\u00e4 TTK:hon. Ollut ihanaa ja kaikkea j\u00e4nn\u00e4\u00e4 taas tulossa. Toivottavasti sinulla on kaikki hyvin, Siipola kirjoittaa.<\/p>\n<p>Jurjis Trosenko ja Sara Siipola Tanssii t\u00e4htien kanssa -lehdist\u00f6tilaisuudessa. KAISA VEHKALAHTI<\/p>\n<p class=\"paragraph\">Siipolan kuvakarusellissa on my\u00f6s kuvia esimerkiksi TTK-pukukaapista, koirasta ja \u00e4\u00e4nitystilanteesta. H\u00e4n on julkaissut my\u00f6s keikkalavalta kuvan, jossa h\u00e4nell\u00e4 on p\u00e4\u00e4ll\u00e4\u00e4n materiaaliltaan punaiselta nahkalta n\u00e4ytt\u00e4v\u00e4 toppi. Kuvakarusellissa on my\u00f6s videota, jossa h\u00e4n asettelee ruskeaa paitaansa sek\u00e4 korvamonitoria paikalleen.<\/p>\n<p class=\"paragraph\">Julkaisuun on tulvinut emojeja monilta julkisuudesta tutuilta, kuten <a href=\"https:\/\/www.iltalehti.fi\/henkilot\/Olga Heikkala\" class=\"article-link-person-page\" rel=\"nofollow noopener\" target=\"_blank\">Olga Heikkalalta<\/a>, <a href=\"https:\/\/www.iltalehti.fi\/henkilot\/Katariina Juselius\" class=\"article-link-person-page\" rel=\"nofollow noopener\" target=\"_blank\">Katariina Juseliukselta<\/a>, Tinzelt\u00e4 eli <a href=\"https:\/\/www.iltalehti.fi\/henkilot\/Tinze\" class=\"article-link-person-page\" rel=\"nofollow noopener\" target=\"_blank\">Tia-Maria Sokalta<\/a> ja <strong>Sofia Tuomolalta<\/strong>.<\/p>\n<p><script async src=\"\/\/www.instagram.com\/embed.js\"><\/script><\/p>\n","protected":false},"excerpt":{"rendered":"Sara Siipola pukeutui viikonlopun keikalleen maailmalta tuttua nakutrendi\u00e4 mukaillen. Sara Siipola edustaa trendikk\u00e4\u00e4sti. Miia Sir\u00e9n Laulaja Sara Siipola,&hellip;\n","protected":false},"author":2,"featured_media":11396,"comment_status":"","ping_status":"","sticky":false,"template":"","format":"standard","meta":{"footnotes":""},"categories":[136],"tags":[35,138,407,137,33,31,30,408,47,141,32,484,139,109],"class_list":{"0":"post-11395","1":"post","2":"type-post","3":"status-publish","4":"format-standard","5":"has-post-thumbnail","7":"category-julkkikset","8":"tag-24h","9":"tag-audio","10":"tag-celebrities","11":"tag-entertainment","12":"tag-fi","13":"tag-finland","14":"tag-finnish","15":"tag-julkkikset","16":"tag-musiikki","17":"tag-muusikot-bandit","18":"tag-suomi","19":"tag-taiteellinen-ilmaisu-ja-mediat","20":"tag-tv-ohjelmat","21":"tag-viihde"},"share_on_mastodon":{"url":"","error":""},"_links":{"self":[{"href":"https:\/\/www.europesays.com\/fi\/wp-json\/wp\/v2\/posts\/11395","targetHints":{"allow":["GET"]}}],"collection":[{"href":"https:\/\/www.europesays.com\/fi\/wp-json\/wp\/v2\/posts"}],"about":[{"href":"https:\/\/www.europesays.com\/fi\/wp-json\/wp\/v2\/types\/post"}],"author":[{"embeddable":true,"href":"https:\/\/www.europesays.com\/fi\/wp-json\/wp\/v2\/users\/2"}],"replies":[{"embeddable":true,"href":"https:\/\/www.europesays.com\/fi\/wp-json\/wp\/v2\/comments?post=11395"}],"version-history":[{"count":0,"href":"https:\/\/www.europesays.com\/fi\/wp-json\/wp\/v2\/posts\/11395\/revisions"}],"wp:featuredmedia":[{"embeddable":true,"href":"https:\/\/www.europesays.com\/fi\/wp-json\/wp\/v2\/media\/11396"}],"wp:attachment":[{"href":"https:\/\/www.europesays.com\/fi\/wp-json\/wp\/v2\/media?parent=11395"}],"wp:term":[{"taxonomy":"category","embeddable":true,"href":"https:\/\/www.europesays.com\/fi\/wp-json\/wp\/v2\/categories?post=11395"},{"taxonomy":"post_tag","embeddable":true,"href":"https:\/\/www.europesays.com\/fi\/wp-json\/wp\/v2\/tags?post=11395"}],"curies":[{"name":"wp","href":"https:\/\/api.w.org\/{rel}","templated":true}]}}