{"id":113950,"date":"2025-12-11T21:35:08","date_gmt":"2025-12-11T21:35:08","guid":{"rendered":"https:\/\/www.europesays.com\/fi\/113950\/"},"modified":"2025-12-11T21:35:08","modified_gmt":"2025-12-11T21:35:08","slug":"pelicans-menetti-bartosakin-emond-paikkasi-ja-piti-maalinsa-puhtaana-urheilu","status":"publish","type":"post","link":"https:\/\/www.europesays.com\/fi\/113950\/","title":{"rendered":"Pelicans menetti Bartosakin \u2013 Emond paikkasi ja piti maalinsa puhtaana | Urheilu"},"content":{"rendered":"<p>Lahden Pelicans sai synkki\u00e4 uutisia torstaina, ennen kuin kiekko enn\u00e4tti pudota j\u00e4\u00e4h\u00e4n Vaasan Kuparisaaressa Sportin ja Pelicansin v\u00e4lisess\u00e4 miesten j\u00e4\u00e4kiekkoliigan ottelussa. Lahtelaisten ykk\u00f6smaalivahti Patrik Bartosak j\u00e4tti l\u00e4mmittelyt kesken, eik\u00e4 h\u00e4n tullut my\u00f6sk\u00e4\u00e4n Pelicansin penkille ottelun aikana.<\/p>\n<p>\u2013\u2009Siin\u00e4 oli pient\u00e4 vaivaa, mutta ei pit\u00e4isi olla mit\u00e4\u00e4n radikaalia, Pelicansin p\u00e4\u00e4valmentaja Sami Kapanen sanoi Bartosakin tilanteesta.<\/p>\n<p>Bartosak oli merkitty aloittavaksi maalivahdiksi, mutta torjuntavastuussa olikin loukkaantumisen my\u00f6t\u00e4 Zachary Emond. T\u00e4ksi kaudeksi lahtelaisten riveihin liittyneell\u00e4 kanadalaismaalivahdilla ei ole kulkenut alkukauden aikana, mutta seitsem\u00e4nnest\u00e4 j\u00e4\u00e4kiekkoliigan ottelusta tilille tarttui viimein ensimm\u00e4inen voitto.<\/p>\n<p>Emond torjui torstaina Sportin vieraana 21 kertaa ja piti maalinsa puhtaana. N\u00e4in ollen avausvoiton lis\u00e4ksi h\u00e4n kirjautti my\u00f6s ensimm\u00e4isen nollapelins\u00e4, kun Pelicans kaatoi Sportin maalein 4\u20130.<\/p>\n<p>\u2013\u2009Zach oli eritt\u00e4in rauhallinen ja teki hyvi\u00e4 torjuntoja erityisesti toisessa sek\u00e4 kolmannessa er\u00e4ss\u00e4, kiitteli p\u00e4\u00e4valmentaja Kapanen.<\/p>\n<p>Vaasan Sport pelasi torstaina uudessa valmennuksessa. Seura ilmoitti, ett\u00e4 sopimus p\u00e4\u00e4valmentaja Doug Sheddenin kanssa oli purettu keskiviikkona h\u00e4nen omasta aloitteestaan. Lokakuussa Sport n\u00e4ytti ovea Juuso Hahlille. Nyt p\u00e4\u00e4valmentajana toimi Jussi Tapio.<\/p>\n<p>Sport ei kuitenkaan pystynyt korjaamaan kurssiaan. Viime viikolla Pelicans piti Sportin maaleitta Lahdessa Bartosakin johdolla ja nyt vajaata viikkoa my\u00f6hemmin Vaasassa Emondin johdolla.<\/p>\n<p>Hy\u00f6kk\u00e4\u00e4j\u00e4 Elias Vil\u00e9n teki voittomaaliksi j\u00e4\u00e4neen avausosuman vajaan 16 minuutin pelin j\u00e4lkeen.<\/p>\n","protected":false},"excerpt":{"rendered":"Lahden Pelicans sai synkki\u00e4 uutisia torstaina, ennen kuin kiekko enn\u00e4tti pudota j\u00e4\u00e4h\u00e4n Vaasan Kuparisaaressa Sportin ja Pelicansin v\u00e4lisess\u00e4&hellip;\n","protected":false},"author":2,"featured_media":106230,"comment_status":"","ping_status":"","sticky":false,"template":"","format":"standard","meta":{"footnotes":""},"categories":[5],"tags":[22,23,26,27,33,31,30,17,1143,1801,24,25,41,28,29,1146,15,18,21,32,1145,19,20,16,859,2974],"class_list":{"0":"post-113950","1":"post","2":"type-post","3":"status-publish","4":"format-standard","5":"has-post-thumbnail","7":"category-otsikot","8":"tag-breaking-news","9":"tag-breakingnews","10":"tag-featured-news","11":"tag-featurednews","12":"tag-fi","13":"tag-finland","14":"tag-finnish","15":"tag-headlines","16":"tag-jaakiekko","17":"tag-lahti","18":"tag-latest-news","19":"tag-latestnews","20":"tag-liikunta-ja-urheilu","21":"tag-main-news","22":"tag-mainnews","23":"tag-miesten-jaakiekko","24":"tag-news","25":"tag-otsikot","26":"tag-paauutiset","27":"tag-suomi","28":"tag-talviurheilu","29":"tag-top-stories","30":"tag-topstories","31":"tag-uutiset","32":"tag-vaasa","33":"tag-vaasan-sport"},"share_on_mastodon":{"url":"https:\/\/pubeurope.com\/@fi\/115703088605520802","error":""},"_links":{"self":[{"href":"https:\/\/www.europesays.com\/fi\/wp-json\/wp\/v2\/posts\/113950","targetHints":{"allow":["GET"]}}],"collection":[{"href":"https:\/\/www.europesays.com\/fi\/wp-json\/wp\/v2\/posts"}],"about":[{"href":"https:\/\/www.europesays.com\/fi\/wp-json\/wp\/v2\/types\/post"}],"author":[{"embeddable":true,"href":"https:\/\/www.europesays.com\/fi\/wp-json\/wp\/v2\/users\/2"}],"replies":[{"embeddable":true,"href":"https:\/\/www.europesays.com\/fi\/wp-json\/wp\/v2\/comments?post=113950"}],"version-history":[{"count":0,"href":"https:\/\/www.europesays.com\/fi\/wp-json\/wp\/v2\/posts\/113950\/revisions"}],"wp:featuredmedia":[{"embeddable":true,"href":"https:\/\/www.europesays.com\/fi\/wp-json\/wp\/v2\/media\/106230"}],"wp:attachment":[{"href":"https:\/\/www.europesays.com\/fi\/wp-json\/wp\/v2\/media?parent=113950"}],"wp:term":[{"taxonomy":"category","embeddable":true,"href":"https:\/\/www.europesays.com\/fi\/wp-json\/wp\/v2\/categories?post=113950"},{"taxonomy":"post_tag","embeddable":true,"href":"https:\/\/www.europesays.com\/fi\/wp-json\/wp\/v2\/tags?post=113950"}],"curies":[{"name":"wp","href":"https:\/\/api.w.org\/{rel}","templated":true}]}}