{"id":113951,"date":"2025-12-11T21:47:08","date_gmt":"2025-12-11T21:47:08","guid":{"rendered":"https:\/\/www.europesays.com\/fi\/113951\/"},"modified":"2025-12-11T21:47:08","modified_gmt":"2025-12-11T21:47:08","slug":"danniella-westbrookille-ikava-takaisku","status":"publish","type":"post","link":"https:\/\/www.europesays.com\/fi\/113951\/","title":{"rendered":"Danniella Westbrookille ik\u00e4v\u00e4 takaisku"},"content":{"rendered":"<p>EastEnders-n\u00e4yttelij\u00e4 on joutunut sairaalaan.<\/p>\n<p><img decoding=\"async\" class=\"image image-show image-preview\" src=\"https:\/\/www.europesays.com\/fi\/wp-content\/uploads\/2025\/12\/fd85430dbf86a058954b5ed37f4312ce9ec234588fb896793823ebea51ca7eba.jpg\" alt=\"\"\/><img decoding=\"async\" class=\"image image-show\" src=\"https:\/\/www.europesays.com\/fi\/wp-content\/uploads\/2025\/12\/1765489628_265_fd85430dbf86a058954b5ed37f4312ce9ec234588fb896793823ebea51ca7eba.jpg\" alt=\"\"\/><\/p>\n<p>Danniella Westbrook joutui vet\u00e4ytym\u00e4\u00e4n elokuvaroolista. AOP<\/p>\n<p class=\"paragraph\">N\u00e4yttelij\u00e4 <a href=\"https:\/\/www.iltalehti.fi\/henkilot\/Danniella Westbrook\" class=\"article-link-person-page\" rel=\"nofollow noopener\" target=\"_blank\">Danniella Westbrook<\/a> kiid\u00e4tettiin sairaalaan. Asiasta uutisoi <a href=\"https:\/\/www.dailymail.co.uk\/tvshowbiz\/article-15363065\/Danniella-Westbrook-rushed-hospital-breathing-issues-causing-END-big-screen-comeback-gangster-movie-health-woes.html\" target=\"_blank\" rel=\"noopener nofollow\">Daily Mail<\/a> 8. joulukuuta. Lehden tietojen mukaan n\u00e4yttelij\u00e4 k\u00e4rsi hengitysvaikeuksista.<\/p>\n<p class=\"paragraph\">Terveysvaivojensa vuoksi n\u00e4yttelij\u00e4 ei pysty jatkamaan Tales from the Trap -elokuvan kuvauksissa. H\u00e4n olisi n\u00e4ytellyt elokuvassa aseita myyv\u00e4\u00e4 gangsteria. Westbrookin tilalla roolissa n\u00e4hd\u00e4\u00e4n brittin\u00e4yttelij\u00e4 <a href=\"https:\/\/www.iltalehti.fi\/henkilot\/Kim Tiddy\" class=\"article-link-person-page\" rel=\"nofollow noopener\" target=\"_blank\">Kim Tiddy<\/a>.<\/p>\n<p class=\"paragraph\">Roolin menett\u00e4minen on kova takaisku Westbrookille, sill\u00e4 kyseess\u00e4 olisi ollut n\u00e4yttelij\u00e4n paluu valkokankaalle. H\u00e4nt\u00e4 ei ole n\u00e4hty miss\u00e4\u00e4n elokuvassa tai tv-sarjassa vuoden 2016 j\u00e4lkeen.<\/p>\n<p class=\"paragraph\">\u2013 Se on todella pettymys, koska olen varma, ett\u00e4 kaikki odottivat innolla n\u00e4kev\u00e4ns\u00e4 h\u00e4net tuossa roolissa, nimet\u00f6n l\u00e4hde sanoo lehdelle.<\/p>\n<p class=\"paragraph\">Westbrook nousi aikoinaan julkisuuteen EastEnders-sarjasta. T\u00e4hden kokaiiniriippuvuus aiheutti ajan saatossa sen, ett\u00e4 h\u00e4nen nen\u00e4ns\u00e4 v\u00e4lisein\u00e4 tipahti kokonaan pois. Tilannetta yritettiin korjata kauneusleikkauksilla, mutta turhaan. Westbrookin poskiluut ja ikenet alkoivat m\u00e4d\u00e4nty\u00e4 ep\u00e4onnistuneiden kauneusleikkausten vuoksi.<\/p>\n<p class=\"paragraph\">T\u00e4hdelle on tehty my\u00f6hemmin korjausleikkauksia. <a href=\"https:\/\/www.iltalehti.fi\/viihdeuutiset\/b4ba8800-6295-4a1f-bd68-75299975e80c\" rel=\"nofollow noopener\" target=\"_blank\">Kolme vuotta sitten<\/a> h\u00e4nen kylkiluustaan siirrettiin pala h\u00e4nen nen\u00e4\u00e4ns\u00e4.<\/p>\n<p class=\"paragraph\"><a href=\"https:\/\/www.iltalehti.fi\/viihdeuutiset\/386ee680-ca1c-4cb7-b9e8-2f24ea0ee273\" rel=\"nofollow noopener\" target=\"_blank\">Vuonna 2022<\/a> h\u00e4n sai vaarallisen verenmyrkytyksen. N\u00e4yttelij\u00e4 selvisi kuitenkin s\u00e4ik\u00e4hdyksell\u00e4.<\/p>\n<p class=\"paragraph\">\u2013 Onneksi t\u00e4m\u00e4 havaittiin ajoissa ja l\u00e4\u00e4ketieteen ammattilaiset hoitivat sen. Danniella on p\u00e4\u00e4ssyt sairaalasta ja on kotona toipumassa l\u00e4heistens\u00e4 tukemana, n\u00e4yttelij\u00e4n edustaja sanoi.<\/p>\n<p class=\"paragraph\">Muutaman viikon j\u00e4lkeen t\u00e4hti kertoi <a href=\"https:\/\/www.iltalehti.fi\/viihdeuutiset\/9e8d1122-d677-43ca-a1e9-e07e82bc5997\" rel=\"nofollow noopener\" target=\"_blank\">Instagramissa<\/a> joutuneensa j\u00e4lleen sairaalaan. Tuolloin syyt\u00e4 ei kerrottu julkisuuteen.<\/p>\n<p class=\"paragraph\">Muuttuneen ulkon\u00e4k\u00f6ns\u00e4 vuoksi t\u00e4hti on saanut osakseen julmaa nettikiusaamista. Westbrook on avautunut asiasta sosiaalisessa mediassa.<\/p>\n<p class=\"paragraph\">Kes\u00e4ll\u00e4 2023 n\u00e4yttelij\u00e4 p\u00e4\u00e4tti <a href=\"https:\/\/www.iltalehti.fi\/viihdeuutiset\/f753d95e-d608-4652-80ee-8889f0ef9949\" rel=\"nofollow noopener\" target=\"_blank\">myyd\u00e4<\/a> rintaimplanttinsa Onlyfans-sivustolla.<\/p>\n","protected":false},"excerpt":{"rendered":"EastEnders-n\u00e4yttelij\u00e4 on joutunut sairaalaan. Danniella Westbrook joutui vet\u00e4ytym\u00e4\u00e4n elokuvaroolista. AOP N\u00e4yttelij\u00e4 Danniella Westbrook kiid\u00e4tettiin sairaalaan. Asiasta uutisoi Daily&hellip;\n","protected":false},"author":2,"featured_media":113952,"comment_status":"","ping_status":"","sticky":false,"template":"","format":"standard","meta":{"footnotes":""},"categories":[136],"tags":[35,153,407,137,33,31,30,408,2461,32,502,167,140,109],"class_list":{"0":"post-113951","1":"post","2":"type-post","3":"status-publish","4":"format-standard","5":"has-post-thumbnail","7":"category-julkkikset","8":"tag-24h","9":"tag-audiovisuaalinen-media","10":"tag-celebrities","11":"tag-entertainment","12":"tag-fi","13":"tag-finland","14":"tag-finnish","15":"tag-julkkikset","16":"tag-sairaalat-ja-terveyskeskukset","17":"tag-suomi","18":"tag-terveydenhoito","19":"tag-terveys","20":"tag-tv-ja-elokuvat","21":"tag-viihde"},"share_on_mastodon":{"url":"https:\/\/pubeurope.com\/@fi\/115703136278994517","error":""},"_links":{"self":[{"href":"https:\/\/www.europesays.com\/fi\/wp-json\/wp\/v2\/posts\/113951","targetHints":{"allow":["GET"]}}],"collection":[{"href":"https:\/\/www.europesays.com\/fi\/wp-json\/wp\/v2\/posts"}],"about":[{"href":"https:\/\/www.europesays.com\/fi\/wp-json\/wp\/v2\/types\/post"}],"author":[{"embeddable":true,"href":"https:\/\/www.europesays.com\/fi\/wp-json\/wp\/v2\/users\/2"}],"replies":[{"embeddable":true,"href":"https:\/\/www.europesays.com\/fi\/wp-json\/wp\/v2\/comments?post=113951"}],"version-history":[{"count":0,"href":"https:\/\/www.europesays.com\/fi\/wp-json\/wp\/v2\/posts\/113951\/revisions"}],"wp:featuredmedia":[{"embeddable":true,"href":"https:\/\/www.europesays.com\/fi\/wp-json\/wp\/v2\/media\/113952"}],"wp:attachment":[{"href":"https:\/\/www.europesays.com\/fi\/wp-json\/wp\/v2\/media?parent=113951"}],"wp:term":[{"taxonomy":"category","embeddable":true,"href":"https:\/\/www.europesays.com\/fi\/wp-json\/wp\/v2\/categories?post=113951"},{"taxonomy":"post_tag","embeddable":true,"href":"https:\/\/www.europesays.com\/fi\/wp-json\/wp\/v2\/tags?post=113951"}],"curies":[{"name":"wp","href":"https:\/\/api.w.org\/{rel}","templated":true}]}}