{"id":113959,"date":"2025-12-11T21:59:09","date_gmt":"2025-12-11T21:59:09","guid":{"rendered":"https:\/\/www.europesays.com\/fi\/113959\/"},"modified":"2025-12-11T21:59:09","modified_gmt":"2025-12-11T21:59:09","slug":"me-olemme-venajan-seuraava-kohde","status":"publish","type":"post","link":"https:\/\/www.europesays.com\/fi\/113959\/","title":{"rendered":"\u201dMe olemme Ven\u00e4j\u00e4n seuraava kohde\u201d"},"content":{"rendered":"<p>Aika ei ole Naton puolella, sanoo Mark Rutte.<\/p>\n<p><img decoding=\"async\" class=\"image image-show image-preview\" src=\"https:\/\/www.europesays.com\/fi\/wp-content\/uploads\/2025\/12\/87fae5e91e322d39aed66d7de8cfc0e3220b07f5d9255bf773012e9bc42c0eeb.jpg\" alt=\"\"\/><img decoding=\"async\" class=\"image image-show\" src=\"https:\/\/www.europesays.com\/fi\/wp-content\/uploads\/2025\/12\/1765490349_721_87fae5e91e322d39aed66d7de8cfc0e3220b07f5d9255bf773012e9bc42c0eeb.jpg\" alt=\"\"\/><\/p>\n<p>Naton on toimittava nopeasti, sanoo p\u00e4\u00e4sihteeri Mark Rutte. EPA \/ AOP<\/p>\n<p class=\"paragraph\">\u2013 Me olemme Ven\u00e4j\u00e4n seuraava kohde, ja me olemme jo vaarassa.<\/p>\n<p class=\"paragraph\"><a href=\"https:\/\/www.theguardian.com\/world\/live\/2025\/dec\/11\/ukraine-war-meeting-coalition-donald-trump-europe-russia-latest-updates-news\" target=\"_blank\" rel=\"noopener nofollow\">Naton p\u00e4\u00e4sihteeri<\/a> <a href=\"https:\/\/www.iltalehti.fi\/henkilot\/Mark Rutte\" class=\"article-link-person-page\" rel=\"nofollow noopener\" target=\"_blank\">Mark Rutte<\/a> kehotti t\u00e4n\u00e4\u00e4n kovasanaisesti sotilasliiton j\u00e4senmaita satsaamaan puolustukseensa pikimmiten M\u00fcnchenin turvallisuuskokouksessa pit\u00e4m\u00e4ss\u00e4\u00e4n <a href=\"https:\/\/www.nato.int\/en\/news-and-events\/events\/transcripts\/2025\/12\/11\/keynote-speech-by-nato-secretary-general-mark-rutte-and-moderated-discussion-with-the-minister-for-foreign-affairs-of-germany-johann-wadephul\" target=\"_blank\" rel=\"noopener nofollow\">puheessa.<\/a><\/p>\n<p class=\"paragraph\">\u2013 Pelk\u00e4\u00e4n, ett\u00e4 liian moni on v\u00e4linpit\u00e4m\u00e4t\u00f6n, ei ymm\u00e4rr\u00e4 tilanteen vakavuutta ja uskoo, ett\u00e4 aika on meid\u00e4n puolellamme. N\u00e4in ei ole. Nyt on aika toimia.<\/p>\n<p class=\"paragraph\"><a href=\"https:\/\/www.uusisuomi.fi\/uutiset\/a\/ff2c4093-307f-4ad0-9ee3-1c726a5ffaf1\" target=\"_blank\" rel=\"noopener nofollow\">Rutten mukaan<\/a> Naton viimeisimm\u00e4n huippukokouksen p\u00e4\u00e4t\u00f6s puolustusmenojen kasvattamisesta oli tervetullut, mutta nyt ei ole itsekehun aika. Nato-maiden on nostettava puolustusmenojaan ja tuotantoaan pikaisesti, Rutte sanoi.<\/p>\n<p class=\"paragraph\">P \u00e4\u00e4sihteerin mukaan Ven\u00e4j\u00e4ll\u00e4 on mahdollisuus hy\u00f6k\u00e4t\u00e4 Natoon viiden vuoden kuluessa. Ven\u00e4j\u00e4n hallinto on tyrm\u00e4nnyt Naton v\u00e4itteet \u201dhysteriaksi\u201d.<\/p>\n<p class=\"paragraph\">Rutte sanoi Ven\u00e4j\u00e4n presidentti <a href=\"https:\/\/www.iltalehti.fi\/henkilot\/Vladimir Putin\" class=\"article-link-person-page\" rel=\"nofollow noopener\" target=\"_blank\">Vladimir Putinin<\/a> rakentavan imperiumia ja olevan entist\u00e4 r\u00f6yhke\u00e4mpi ja armottomampi.<\/p>\n<p class=\"paragraph\">\u2013 Putin maksaa ylpeydest\u00e4\u00e4n oman kansansa verell\u00e4. Jos h\u00e4n on valmis uhraamaan tavallisia ven\u00e4l\u00e4isi\u00e4 p\u00e4ivitt\u00e4in, mit\u00e4 h\u00e4n on valmis tekem\u00e4\u00e4n meille?<\/p>\n<p class=\"paragraph\">\u2013 V\u00e4\u00e4ristyneess\u00e4 historian- ja maailmank\u00e4sityksess\u00e4\u00e4n Putin uskoo, ett\u00e4 vapautemme uhkaa h\u00e4nen valtaansa ja ett\u00e4 haluamme tuhota Ven\u00e4j\u00e4n. Putin tekee siin\u00e4 hyv\u00e4\u00e4 ty\u00f6t\u00e4 ihan itse.<\/p>\n<p>Kiinan vastuu<\/p>\n<p class=\"paragraph\">Rutte sanoi, ett\u00e4 Ven\u00e4j\u00e4n salainen palvelu on koordinoinut hybridioperaatioita ja sabotaasia Euroopassa my\u00f6s muualle kuin sotilaskohteisiin, kuten kauppakeskuksiin, sek\u00e4 loukannut Nato-maiden ilmatilaa. Puola ep\u00e4ilee Ven\u00e4j\u00e4n sabotoineen maan rautateit\u00e4.<\/p>\n<p class=\"paragraph\">\u2013 Naton vastaus Ven\u00e4j\u00e4n provokaatioihin on j\u00e4rkev\u00e4, harkittu ja rauhallinen, mutta meid\u00e4n on oltava valmiita lis\u00e4eskalaatioon ja yhteenottoon.<\/p>\n<p>Ven\u00e4j\u00e4 ei voisi jatkaa sotaa ilman Kiinaa, sanoi Naton p\u00e4\u00e4sihteeri Rutte. Vasemmalla Ven\u00e4j\u00e4n presidentti Putin, oikealla Kiinan presidentti Xi. EPA \/ AOP<\/p>\n<p class=\"paragraph\">J\u00e4senmaiden on nostettava puolustuksensa sille tasolle, ettei Ven\u00e4j\u00e4 k\u00e4ynnist\u00e4 sotaa, \u201djoka olisi mittakaavaltaan vastaava kuin millaisen isovanhempamme ja isoisovanhempamme kokivat\u201d, Rutte sanoi.<\/p>\n<p class=\"paragraph\">Rutte hy\u00f6kk\u00e4si puheessaan tiukasti my\u00f6s Kiinaa vastaan.<\/p>\n<p class=\"paragraph\">\u2013 Kiina on Ven\u00e4j\u00e4n elinehto. Kiina haluaa est\u00e4\u00e4 liittolaistaan \u200b\u200bh\u00e4vi\u00e4m\u00e4st\u00e4 Ukrainassa. Ilman Kiinan tukea Ven\u00e4j\u00e4 ei voisi jatkaa t\u00e4t\u00e4 sotaa, esimerkiksi noin 80 % ven\u00e4l\u00e4isten droonien ja muiden j\u00e4rjestelmien kriittisist\u00e4 elektronisista komponenteista valmistetaan Kiinassa.<\/p>\n<p class=\"paragraph\">\u2013 Kun siviilej\u00e4 kuolee Kiovassa tai Harkovassa, kiinalainen teknologia on usein heid\u00e4t tappaneiden aseiden sis\u00e4ll\u00e4, eik\u00e4 pid\u00e4 unohtaa, ett\u00e4 Ven\u00e4j\u00e4 luottaa my\u00f6s Pohjois-Koreaan ja Iraniin taistelussaan vapautta vastaan, ammusten ja sotilasv\u00e4lineiden osalta.<\/p>\n<p class=\"paragraph\">Yhdysvaltain presidentti <a href=\"https:\/\/www.iltalehti.fi\/henkilot\/Donald Trump\" class=\"article-link-person-page\" rel=\"nofollow noopener\" target=\"_blank\">Donald Trump<\/a> on Rutten mukaan ainoa, joka voi saada Putinin neuvottelup\u00f6yt\u00e4\u00e4n. Putin on \u201desitt\u00e4nyt rauhantekij\u00e4\u00e4 vain silloin kun se h\u00e4nelle sopii, ostaakseen aikaa sodan jatkamiseen\u201d.<\/p>\n<p class=\"paragraph\">\u2013 Joten pannaan Putin koetukselle, katsotaan, haluaako h\u00e4n todella rauhaa vai haluaako h\u00e4n teurastusten jatkuvan. On t\u00e4rke\u00e4\u00e4, ett\u00e4 me kaikki jatkamme Ven\u00e4j\u00e4n painostamista ja tuemme aitoja pyrkimyksi\u00e4 t\u00e4m\u00e4n sodan lopettamiseksi, Rutte sanoi.<\/p>\n","protected":false},"excerpt":{"rendered":"Aika ei ole Naton puolella, sanoo Mark Rutte. Naton on toimittava nopeasti, sanoo p\u00e4\u00e4sihteeri Mark Rutte. EPA \/&hellip;\n","protected":false},"author":2,"featured_media":113960,"comment_status":"","ping_status":"","sticky":false,"template":"","format":"standard","meta":{"footnotes":""},"categories":[14],"tags":[35,22,23,26,27,33,31,30,17,24,25,28,29,15,18,21,142,637,144,32,19,20,56,16,1262,1665,59,60,61],"class_list":{"0":"post-113959","1":"post","2":"type-post","3":"status-publish","4":"format-standard","5":"has-post-thumbnail","7":"category-ulkomaat","8":"tag-24h","9":"tag-breaking-news","10":"tag-breakingnews","11":"tag-featured-news","12":"tag-featurednews","13":"tag-fi","14":"tag-finland","15":"tag-finnish","16":"tag-headlines","17":"tag-latest-news","18":"tag-latestnews","19":"tag-main-news","20":"tag-mainnews","21":"tag-news","22":"tag-otsikot","23":"tag-paauutiset","24":"tag-poliitikot","25":"tag-politiikka","26":"tag-presidentti","27":"tag-suomi","28":"tag-top-stories","29":"tag-topstories","30":"tag-ulkomaat","31":"tag-uutiset","32":"tag-venajan-politiikka","33":"tag-venalaiset-poliitikot","34":"tag-world","35":"tag-world-news","36":"tag-worldnews"},"share_on_mastodon":{"url":"https:\/\/pubeurope.com\/@fi\/115703183436933359","error":""},"_links":{"self":[{"href":"https:\/\/www.europesays.com\/fi\/wp-json\/wp\/v2\/posts\/113959","targetHints":{"allow":["GET"]}}],"collection":[{"href":"https:\/\/www.europesays.com\/fi\/wp-json\/wp\/v2\/posts"}],"about":[{"href":"https:\/\/www.europesays.com\/fi\/wp-json\/wp\/v2\/types\/post"}],"author":[{"embeddable":true,"href":"https:\/\/www.europesays.com\/fi\/wp-json\/wp\/v2\/users\/2"}],"replies":[{"embeddable":true,"href":"https:\/\/www.europesays.com\/fi\/wp-json\/wp\/v2\/comments?post=113959"}],"version-history":[{"count":0,"href":"https:\/\/www.europesays.com\/fi\/wp-json\/wp\/v2\/posts\/113959\/revisions"}],"wp:featuredmedia":[{"embeddable":true,"href":"https:\/\/www.europesays.com\/fi\/wp-json\/wp\/v2\/media\/113960"}],"wp:attachment":[{"href":"https:\/\/www.europesays.com\/fi\/wp-json\/wp\/v2\/media?parent=113959"}],"wp:term":[{"taxonomy":"category","embeddable":true,"href":"https:\/\/www.europesays.com\/fi\/wp-json\/wp\/v2\/categories?post=113959"},{"taxonomy":"post_tag","embeddable":true,"href":"https:\/\/www.europesays.com\/fi\/wp-json\/wp\/v2\/tags?post=113959"}],"curies":[{"name":"wp","href":"https:\/\/api.w.org\/{rel}","templated":true}]}}