{"id":113965,"date":"2025-12-11T22:13:09","date_gmt":"2025-12-11T22:13:09","guid":{"rendered":"https:\/\/www.europesays.com\/fi\/113965\/"},"modified":"2025-12-11T22:13:09","modified_gmt":"2025-12-11T22:13:09","slug":"christoffer-strandberg-aikoo-jaada-elakkeelle","status":"publish","type":"post","link":"https:\/\/www.europesays.com\/fi\/113965\/","title":{"rendered":"Christoffer Strandberg aikoo j\u00e4\u00e4d\u00e4 el\u00e4kkeelle"},"content":{"rendered":"<p>N\u00e4yttelij\u00e4-juontaja <strong>Christoffer Strandberg<\/strong> tekee somejulkaisussaan paljastuksen. Se liittyy jo ensi viikon suunnitelmiin. Sit\u00e4 voi olla vaikea uskoa ja lopulta h\u00e4n my\u00f6nt\u00e4\u00e4, ett\u00e4 se ei taida edes onnistua.<\/p>\n<p>\u2013 Ensi viikolla j\u00e4\u00e4n el\u00e4kkeelle, muutan Italiaan ja el\u00e4n loppuel\u00e4m\u00e4ni \u00e4yri\u00e4isill\u00e4 ja vermentinolla. Saatan tehd\u00e4 satunnaisia keikkoja artistinimell\u00e4 Stallone Chiaro (vaalea ori, huom, oma k\u00e4\u00e4nn\u00f6s) laulaen kevyesti eroottista italo-iskelm\u00e4\u00e4. Jos (ja kun rahat) loppuu myyn Jannen ja Viivin sirkukselle, paljastaa Strandberg suunnitelmansa.<\/p>\n<p>Lue my\u00f6s: <a href=\"https:\/\/www.como.fi\/uutiset\/christoffer-strandberg-komean-veljensa-seurassa-lillebror-on-jo-niin-aikuinen\/\" title=\"Christoffer Strandberg komean veljens\u00e4 seurassa: \u201dLillebror on jo niin aikuinen\u201d\" class=\"underline-custom !font-montserrat !font-bold !underline-offset-4 !decoration-4 !decoration-red-600 !text-md\" rel=\"nofollow noopener\" target=\"_blank\">Christoffer Strandberg komean veljens\u00e4 seurassa: \u201dLillebror on jo niin aikuinen\u201d<\/a><\/p>\n<p>Vaikka suunnitelma kuulostaa hyv\u00e4lt\u00e4, ei se taida toteutua. Tiedossa on nimitt\u00e4in paljon t\u00f6it\u00e4.<\/p>\n<p>\u2013 Voi olla, ett\u00e4 joudun siirt\u00e4m\u00e4\u00e4n suunnitelmia ensi vuoteen, sill\u00e4 lehtitietojen mukaan juonnetaan Pelkosen Jaanan kanssa Helsingin kaupungin uuttavuotta. Kansalaistorin pippaloissa esiintyv\u00e4t nuoret lupaukset Ares, Erika Vikman ja KAJ. Kom och baila! kertoo Strandberg<\/p>\n<p>Monien mielest\u00e4 suunnitelma on hyv\u00e4. Joku tarjoutuu tuuraajaksi siksi aikaa, kun Strandberg hoitaa juontot\u00f6it\u00e4\u00e4n.<\/p>\n<p>N\u00e4et Strandbergin julkaisun my\u00f6s <a href=\"https:\/\/www.instagram.com\/p\/DSE-m_vjPrU\/?utm_source=ig_web_copy_link&amp;igsh=MzRlODBiNWFlZA==\" target=\"_blank\" rel=\"noreferrer noopener nofollow\">t\u00e4\u00e4lt\u00e4<\/a>.<\/p>\n<p>Lue my\u00f6s: <a href=\"https:\/\/www.como.fi\/tilaa-comon-uutiskirje\/\" title=\"Tilaa Comon uutiskirje ja tied\u00e4t mist\u00e4 kahvitauolla puhutaan! Nappaa kotimaan tv-vinkit ja puheenaiheet suoraan s\u00e4hk\u00f6postiin t\u00e4st\u00e4.\" class=\"underline-custom !font-montserrat !font-bold !underline-offset-4 !decoration-4 !decoration-red-600 !text-md\" rel=\"nofollow noopener\" target=\"_blank\">Tilaa Comon uutiskirje ja tied\u00e4t mist\u00e4 kahvitauolla puhutaan! Nappaa kotimaan tv-vinkit ja puheenaiheet suoraan s\u00e4hk\u00f6postiin t\u00e4st\u00e4.<\/a><\/p>\n<p>\t\t\t<script async src=\"\/\/www.instagram.com\/embed.js\"><\/script><\/p>\n","protected":false},"excerpt":{"rendered":"N\u00e4yttelij\u00e4-juontaja Christoffer Strandberg tekee somejulkaisussaan paljastuksen. Se liittyy jo ensi viikon suunnitelmiin. Sit\u00e4 voi olla vaikea uskoa ja&hellip;\n","protected":false},"author":2,"featured_media":113966,"comment_status":"","ping_status":"","sticky":false,"template":"","format":"standard","meta":{"footnotes":""},"categories":[136],"tags":[407,1427,137,33,31,30,408,32,109],"class_list":{"0":"post-113965","1":"post","2":"type-post","3":"status-publish","4":"format-standard","5":"has-post-thumbnail","7":"category-julkkikset","8":"tag-celebrities","9":"tag-christoffer-strandberg","10":"tag-entertainment","11":"tag-fi","12":"tag-finland","13":"tag-finnish","14":"tag-julkkikset","15":"tag-suomi","16":"tag-viihde"},"share_on_mastodon":{"url":"https:\/\/pubeurope.com\/@fi\/115703238062561000","error":""},"_links":{"self":[{"href":"https:\/\/www.europesays.com\/fi\/wp-json\/wp\/v2\/posts\/113965","targetHints":{"allow":["GET"]}}],"collection":[{"href":"https:\/\/www.europesays.com\/fi\/wp-json\/wp\/v2\/posts"}],"about":[{"href":"https:\/\/www.europesays.com\/fi\/wp-json\/wp\/v2\/types\/post"}],"author":[{"embeddable":true,"href":"https:\/\/www.europesays.com\/fi\/wp-json\/wp\/v2\/users\/2"}],"replies":[{"embeddable":true,"href":"https:\/\/www.europesays.com\/fi\/wp-json\/wp\/v2\/comments?post=113965"}],"version-history":[{"count":0,"href":"https:\/\/www.europesays.com\/fi\/wp-json\/wp\/v2\/posts\/113965\/revisions"}],"wp:featuredmedia":[{"embeddable":true,"href":"https:\/\/www.europesays.com\/fi\/wp-json\/wp\/v2\/media\/113966"}],"wp:attachment":[{"href":"https:\/\/www.europesays.com\/fi\/wp-json\/wp\/v2\/media?parent=113965"}],"wp:term":[{"taxonomy":"category","embeddable":true,"href":"https:\/\/www.europesays.com\/fi\/wp-json\/wp\/v2\/categories?post=113965"},{"taxonomy":"post_tag","embeddable":true,"href":"https:\/\/www.europesays.com\/fi\/wp-json\/wp\/v2\/tags?post=113965"}],"curies":[{"name":"wp","href":"https:\/\/api.w.org\/{rel}","templated":true}]}}