{"id":113969,"date":"2025-12-11T22:21:13","date_gmt":"2025-12-11T22:21:13","guid":{"rendered":"https:\/\/www.europesays.com\/fi\/113969\/"},"modified":"2025-12-11T22:21:13","modified_gmt":"2025-12-11T22:21:13","slug":"is-michael-monroelle-maarattiin-kovat-korvaukset-dokumenttisekoilunsa-takia","status":"publish","type":"post","link":"https:\/\/www.europesays.com\/fi\/113969\/","title":{"rendered":"IS: Michael Monroelle m\u00e4\u00e4r\u00e4ttiin kovat korvaukset dokumenttisekoilunsa takia"},"content":{"rendered":"<p>Hanoi Rocks -legenda <strong>Michael Monroe<\/strong> oli oikeudessa puimassa muutaman vuoden takaista dokumenttikiistaansa, uutisoi <a href=\"https:\/\/www.is.fi\/viihde\/art-2000011680368.html\" target=\"_blank\" rel=\"noreferrer noopener nofollow\">Ilta-Sanomat<\/a>.<\/p>\n<p>Tuotantoyhti\u00f6 Love U Mean It (Lumi) voitti kiistan, joka alkoi vuosina 2017\u20132018 kuvatun dokumentin julkaisun takia.<\/p>\n<p>Lue my\u00f6s: <a href=\"https:\/\/www.episodi.fi\/uutiset\/torille-peacemakerin-kakkoskauden-alussa-nahdaan-suomalaisittain-ilahduttava-yksityiskohta\/\" title=\"Torille! Peacemakerin kakkoskauden alussa n\u00e4hd\u00e4\u00e4n suomalaisittain ilahduttava yksityiskohta\" class=\"underline-custom !font-montserrat !font-bold !underline-offset-4 !decoration-4 !decoration-episodi-blue !text-md\" rel=\"nofollow noopener\" target=\"_blank\">Torille! Peacemakerin kakkoskauden alussa n\u00e4hd\u00e4\u00e4n suomalaisittain ilahduttava yksityiskohta<\/a><\/p>\n<p>Lue my\u00f6s: <a href=\"https:\/\/www.episodi.fi\/uutiset\/torille-james-gunn-ja-dc-nayttelijat-takahuoneessa-michael-monroen-kanssa\/\" title=\"Torille! James Gunn ja DC-n\u00e4yttelij\u00e4t takahuoneessa Michael Monroen kanssa\" class=\"underline-custom !font-montserrat !font-bold !underline-offset-4 !decoration-4 !decoration-episodi-blue !text-md\" rel=\"nofollow noopener\" target=\"_blank\">Torille! James Gunn ja DC-n\u00e4yttelij\u00e4t takahuoneessa Michael Monroen kanssa<\/a><\/p>\n<p>Dokkari julkaistiin Elisa Viihteess\u00e4 27.12.2021, mutta se poistettiin nopeasti palvelusta.<\/p>\n<p>Monroen mukaan tuotantoyhti\u00f6ll\u00e4 ei ollut oikeutta julkaista dokumenttia ilman h\u00e4nen lupaansa. Monroe ei ilmeisesti pit\u00e4nyt siit\u00e4. Se n\u00e4ytti h\u00e4nen mukaansa \u201dkornilta\u201d.<\/p>\n<p>Tuottajan mukaan tuotantoyhti\u00f6ll\u00e4 oli kuitenkin oikeus julkaista dokumentti, koska sopimuksessa todettiin, ett\u00e4 yhti\u00f6ll\u00e4 on t\u00e4ydet oikeudet teokseen.<\/p>\n<p>Muusikkolegenda tuomittiin lopulta korvaamaan tuotantoyhti\u00f6lle 28\u00a0000 euroa.<\/p>\n<p>Monroe teki toisen dokumentin pian t\u00e4m\u00e4n sotkun j\u00e4lkeen. <strong>Patrik Sigmundtin, Pete Eklundin <\/strong>ja <strong>Jussi Lehtom\u00e4en<\/strong> ohjaama Michael Monroe -dokumenttielokuva sai ensi-iltansa 29. syyskuuta 2023.<\/p>\n<p>Lue my\u00f6s: <a href=\"https:\/\/www.episodi.fi\/uutiskirje\/?uutiskirjemainos=tekstilinkkimainos\" title=\"Tilaa Episodin uutiskirje ja voit voittaa leffalippuja! Nappaa tv-vinkit suoraan s\u00e4hk\u00f6postiin t\u00e4st\u00e4.\" class=\"underline-custom !font-montserrat !font-bold !underline-offset-4 !decoration-4 !decoration-episodi-blue !text-md\" rel=\"nofollow noopener\" target=\"_blank\">Tilaa Episodin uutiskirje ja voit voittaa leffalippuja! Nappaa katseluvinkit suoraan s\u00e4hk\u00f6postiin t\u00e4st\u00e4.<\/a><\/p>\n","protected":false},"excerpt":{"rendered":"Hanoi Rocks -legenda Michael Monroe oli oikeudessa puimassa muutaman vuoden takaista dokumenttikiistaansa, uutisoi Ilta-Sanomat. Tuotantoyhti\u00f6 Love U Mean&hellip;\n","protected":false},"author":2,"featured_media":113970,"comment_status":"","ping_status":"","sticky":false,"template":"","format":"standard","meta":{"footnotes":""},"categories":[130],"tags":[137,33,31,30,6433,1305,32,109],"class_list":{"0":"post-113969","1":"post","2":"type-post","3":"status-publish","4":"format-standard","5":"has-post-thumbnail","7":"category-viihde","8":"tag-entertainment","9":"tag-fi","10":"tag-finland","11":"tag-finnish","12":"tag-michael-monroe","13":"tag-oikeudenkaynti","14":"tag-suomi","15":"tag-viihde"},"share_on_mastodon":{"url":"https:\/\/pubeurope.com\/@fi\/115703269526714077","error":""},"_links":{"self":[{"href":"https:\/\/www.europesays.com\/fi\/wp-json\/wp\/v2\/posts\/113969","targetHints":{"allow":["GET"]}}],"collection":[{"href":"https:\/\/www.europesays.com\/fi\/wp-json\/wp\/v2\/posts"}],"about":[{"href":"https:\/\/www.europesays.com\/fi\/wp-json\/wp\/v2\/types\/post"}],"author":[{"embeddable":true,"href":"https:\/\/www.europesays.com\/fi\/wp-json\/wp\/v2\/users\/2"}],"replies":[{"embeddable":true,"href":"https:\/\/www.europesays.com\/fi\/wp-json\/wp\/v2\/comments?post=113969"}],"version-history":[{"count":0,"href":"https:\/\/www.europesays.com\/fi\/wp-json\/wp\/v2\/posts\/113969\/revisions"}],"wp:featuredmedia":[{"embeddable":true,"href":"https:\/\/www.europesays.com\/fi\/wp-json\/wp\/v2\/media\/113970"}],"wp:attachment":[{"href":"https:\/\/www.europesays.com\/fi\/wp-json\/wp\/v2\/media?parent=113969"}],"wp:term":[{"taxonomy":"category","embeddable":true,"href":"https:\/\/www.europesays.com\/fi\/wp-json\/wp\/v2\/categories?post=113969"},{"taxonomy":"post_tag","embeddable":true,"href":"https:\/\/www.europesays.com\/fi\/wp-json\/wp\/v2\/tags?post=113969"}],"curies":[{"name":"wp","href":"https:\/\/api.w.org\/{rel}","templated":true}]}}