{"id":113975,"date":"2025-12-11T22:26:10","date_gmt":"2025-12-11T22:26:10","guid":{"rendered":"https:\/\/www.europesays.com\/fi\/113975\/"},"modified":"2025-12-11T22:26:10","modified_gmt":"2025-12-11T22:26:10","slug":"omakotitalo-paloi-ilmiliekeissa-ylojarvella-asukas-vietiin-ensihoidon-hoidettavaksi","status":"publish","type":"post","link":"https:\/\/www.europesays.com\/fi\/113975\/","title":{"rendered":"Omakotitalo paloi ilmiliekeiss\u00e4 Yl\u00f6j\u00e4rvell\u00e4 \u2013 asukas vietiin ensihoidon hoidettavaksi"},"content":{"rendered":"<p>Pelastustoiminta oli yh\u00e4 k\u00e4ynniss\u00e4 my\u00f6h\u00e4\u00e4n torstai-iltana.<\/p>\n<p>11.12. 18:32 | P\u00e4ivitetty 11.12. 21:50<\/p>\n<p class=\"article-body mb-nof-24 px-nof-16\">Aamulehti<\/p>\n<p class=\"article-body mb-nof-24 px-nof-16\">Sataneli\u00f6inen omakotitalo syttyi palamaan Yl\u00f6j\u00e4rven Viljakkalassa Hanhij\u00e4rventiell\u00e4 torstai-iltana.<\/p>\n<p class=\"article-body mb-nof-24 px-nof-16\">Rakennus paloi ilmiliekeiss\u00e4, ja pelastustoiminta jatkui yh\u00e4 my\u00f6h\u00e4\u00e4n illalla.<\/p>\n<p class=\"article-body mb-nof-24 px-nof-16\">Syttymis\u00adhetkell\u00e4 talossa oli paikalla sen asukas, Pirkanmaan pelastuslaitos kertoo. H\u00e4net vietiin ensihoidon hoidettavaksi.<\/p>\n","protected":false},"excerpt":{"rendered":"Pelastustoiminta oli yh\u00e4 k\u00e4ynniss\u00e4 my\u00f6h\u00e4\u00e4n torstai-iltana. 11.12. 18:32 | P\u00e4ivitetty 11.12. 21:50 Aamulehti Sataneli\u00f6inen omakotitalo syttyi palamaan Yl\u00f6j\u00e4rven&hellip;\n","protected":false},"author":2,"featured_media":113976,"comment_status":"","ping_status":"","sticky":false,"template":"","format":"standard","meta":{"footnotes":""},"categories":[12],"tags":[157,22,23,26,27,33,31,30,17,24,25,28,29,15,18,21,32,19,20,16],"class_list":{"0":"post-113975","1":"post","2":"type-post","3":"status-publish","4":"format-standard","5":"has-post-thumbnail","7":"category-suomi","8":"tag-aamulehti","9":"tag-breaking-news","10":"tag-breakingnews","11":"tag-featured-news","12":"tag-featurednews","13":"tag-fi","14":"tag-finland","15":"tag-finnish","16":"tag-headlines","17":"tag-latest-news","18":"tag-latestnews","19":"tag-main-news","20":"tag-mainnews","21":"tag-news","22":"tag-otsikot","23":"tag-paauutiset","24":"tag-suomi","25":"tag-top-stories","26":"tag-topstories","27":"tag-uutiset"},"share_on_mastodon":{"url":"https:\/\/pubeurope.com\/@fi\/115703289331908895","error":""},"_links":{"self":[{"href":"https:\/\/www.europesays.com\/fi\/wp-json\/wp\/v2\/posts\/113975","targetHints":{"allow":["GET"]}}],"collection":[{"href":"https:\/\/www.europesays.com\/fi\/wp-json\/wp\/v2\/posts"}],"about":[{"href":"https:\/\/www.europesays.com\/fi\/wp-json\/wp\/v2\/types\/post"}],"author":[{"embeddable":true,"href":"https:\/\/www.europesays.com\/fi\/wp-json\/wp\/v2\/users\/2"}],"replies":[{"embeddable":true,"href":"https:\/\/www.europesays.com\/fi\/wp-json\/wp\/v2\/comments?post=113975"}],"version-history":[{"count":0,"href":"https:\/\/www.europesays.com\/fi\/wp-json\/wp\/v2\/posts\/113975\/revisions"}],"wp:featuredmedia":[{"embeddable":true,"href":"https:\/\/www.europesays.com\/fi\/wp-json\/wp\/v2\/media\/113976"}],"wp:attachment":[{"href":"https:\/\/www.europesays.com\/fi\/wp-json\/wp\/v2\/media?parent=113975"}],"wp:term":[{"taxonomy":"category","embeddable":true,"href":"https:\/\/www.europesays.com\/fi\/wp-json\/wp\/v2\/categories?post=113975"},{"taxonomy":"post_tag","embeddable":true,"href":"https:\/\/www.europesays.com\/fi\/wp-json\/wp\/v2\/tags?post=113975"}],"curies":[{"name":"wp","href":"https:\/\/api.w.org\/{rel}","templated":true}]}}