{"id":113977,"date":"2025-12-11T22:27:09","date_gmt":"2025-12-11T22:27:09","guid":{"rendered":"https:\/\/www.europesays.com\/fi\/113977\/"},"modified":"2025-12-11T22:27:09","modified_gmt":"2025-12-11T22:27:09","slug":"stubb-nauratti-juhlavieraita-lohkaisuillaan-kuninkaalla-sama-ongelma-vaimon-kanssa","status":"publish","type":"post","link":"https:\/\/www.europesays.com\/fi\/113977\/","title":{"rendered":"Stubb nauratti juhlavieraita lohkaisuillaan \u2013 kuninkaalla sama ongelma vaimon kanssa"},"content":{"rendered":"<p>Presidentti Alexander Stubbilla ja kuningas Willem-Alexanderilla on yksi yhteinen projekti vaimojensa suhteen kesken. Kuningas sanoi kippis!<\/p>\n<p>N\u00e4in presidentti Alexander Stubb puhui.<\/p>\n<p>11.12. 23:47<\/p>\n<p class=\"article-body mb-nof-24 px-nof-16\">Tasavallan presidentti Alexander Stubb ja Alankomaiden kuningas Willem-Alexander saivat juhlav\u00e4en h\u00f6r\u00e4ht\u00e4m\u00e4\u00e4n nauruun useaan kertaan juhlapuheillaan Amsterdamin kuninkaanlinnassa valtiovierailun juhlaillallisilla. Kuningasparin ja presidenttiparin v\u00e4lit olivat koko p\u00e4iv\u00e4n silminn\u00e4hden rennot ja mutkattomat muutenkin.<\/p>\n<p class=\"article-body mb-nof-24 px-nof-16\">Ensimm\u00e4isen\u00e4 puheen piti is\u00e4nt\u00e4n\u00e4 toiminut kuningas.<\/p>\n<p class=\"article-body mb-nof-24 px-nof-16\">\u2013 Kell\u00e4p\u00e4 ei olisi rakkaita muistoja Nokia-puhelimistaan, Willem-Alexander heitti puheensa alkupuolella.<\/p>\n<p class=\"article-body mb-nof-24 px-nof-16\">Kuningas muistutti maiden jalkapallojoukkueiden kohdanneen pari kuukautta sitten MM-karsinnassa. Stubbilta p\u00e4\u00e4si kuuluva huokaus ja sali purskahti nauruun valtavien kristallikruunujen alla. Hollanti murskasi ottelussa Huuhkajien viimeisetkin MM-kisahaaveet.<\/p>\n<p class=\"article-body mb-nof-24 px-nof-16\">Kuningas kiitteli Stubbin golfaustaitoja ja kutsui t\u00e4m\u00e4n pelaamaan kanssaan golfia.<\/p>\n<p class=\"article-body mb-nof-24 px-nof-16\">\u2013 Urheilulla voi rakentaa siltoja transatlanttisessa suhteessakin.<\/p>\n<p class=\"article-body mb-nof-24 px-nof-16\">Kuningas viittasi Stubbin ja Yhdysvaltain presidentti <a class=\"article-personlink\" href=\"https:\/\/www.is.fi\/haku\/?query=Donald%20Trumpin\" rel=\"nofollow noopener\" target=\"_blank\">Donald Trumpin<\/a> pitk\u00e4ksi venyneeseen golfkierrokseen. H\u00e4n alleviivasi Suomen liittymisen Natoon vahvistaneen liittokuntaa merkitt\u00e4v\u00e4sti. H\u00e4n kutsui suomalaisia resilienssin mestareiksi ja mainitsi sisun suomalaisena el\u00e4m\u00e4ntapana.<\/p>\n<p class=\"article-body mb-nof-24 px-nof-16\">Puheensa p\u00e4\u00e4tteeksi kuningas sanoi kippis ja lasit helisiv\u00e4t toisiaan vasten salissa.<\/p>\n<p><img decoding=\"async\" src=\"https:\/\/www.europesays.com\/fi\/wp-content\/uploads\/2025\/12\/1765492029_682_468.jpg\" alt=\"Alexander Stubb.\" class=\"_Img_1rerz_1\" style=\"aspect-ratio:1.5\" loading=\"eager\"\/><\/p>\n<p class=\"article-picture-caption\">Alexander Stubb. Kuva:\u00a0Pete Aarre-Ahtio \/ IS<\/p>\n<p class=\"article-body mb-nof-24 px-nof-16\">Presidentti Stubb ei j\u00e4\u00e4nyt puheessaan kuninkaasta j\u00e4lkeen. H\u00e4n sai salin nauramaan monesti. Stubb kuvaili, ettei voinut 13-vuotiaana j\u00e4\u00e4kiekonpelaajana kuvitellakaan, ett\u00e4 olisi joskus Alankomaiden kuninkaan kestitt\u00e4v\u00e4n\u00e4 kuninkaanlinnassa Suomen presidenttin\u00e4. Stubb viittasi Alankomaiden Tilburgissa j\u00e4rjestettyyn j\u00e4\u00e4kiekkoturnaukseen.<\/p>\n<p class=\"article-body mb-nof-24 px-nof-16\">\u2013 Suhteeni Hollantiin alkoi sielt\u00e4. Silloin matkustaminen oli iso juttu. Kaikki tuntui niin erilaiselta. Kuten aamupalalla paahtoleip\u00e4 suklaastr\u00f6sseleill\u00e4.<\/p>\n<p class=\"article-body mb-nof-24 px-nof-16\">Molempia maita yhdist\u00e4\u00e4 my\u00f6s rakkaus salmiakkiin. Stubb kertoi h\u00e4nell\u00e4 ja kuninkaalla olevan salmiakin suhteen kuitenkin yksi yhteinen ongelma.<\/p>\n<p class=\"article-body mb-nof-24 px-nof-16\">\u2013 Meill\u00e4 molemmilla on viel\u00e4 ty\u00f6t\u00e4 edess\u00e4mme. Kummankaan puoliso ei ole viel\u00e4 p\u00e4\u00e4ssyt t\u00e4m\u00e4n ainutlaatuisen herkun makuun, vaikka heist\u00e4 on tullut Alankomaiden ja Suomen kansalaisia. Ty\u00f6 jatkuu, Stubb nauratti vieraita.<\/p>\n<p class=\"article-body mb-nof-24 px-nof-16\">Kuningatar <a class=\"article-personlink\" href=\"https:\/\/www.is.fi\/haku\/?query=Maxima\" rel=\"nofollow noopener\" target=\"_blank\">Maxima <\/a>on kotoisin Argentiinasta, <a class=\"article-personlink\" href=\"https:\/\/www.is.fi\/haku\/?query=Suzanne%20Innes-Stubb\" rel=\"nofollow noopener\" target=\"_blank\">Suzanne Innes-Stubb<\/a> Britanniasta.<\/p>\n<p class=\"article-body mb-nof-24 px-nof-16\">Stubb sanoi suomalaisia ja alankomaalaisia yhdist\u00e4v\u00e4n my\u00f6s v\u00e4h\u00e4eleinen huumorintaju ja kyky nauraa my\u00f6s itselle. Stubbin mukaan kahden metrin turvav\u00e4lit koronan aikaan olivat suomalaisille \u201dloukkaus yksityisyytt\u00e4 kohtaan\u201d.<\/p>\n<p class=\"article-body mb-nof-24 px-nof-16\">Ja taas naurettiin.<\/p>\n<p class=\"article-body mb-nof-24 px-nof-16\">Stubb nosti juhlavieraana olleen ex-jalkapalloilija <a class=\"article-personlink\" href=\"https:\/\/www.is.fi\/haku\/?query=Jari%20Litmasen\" rel=\"nofollow noopener\" target=\"_blank\">Jari Litmasen<\/a> esiin Suomen kuninkaana.<\/p>\n<p class=\"article-body mb-nof-24 px-nof-16\">Sek\u00e4 Stubb ett\u00e4 kuningas Willem-Alexander alleviivasivat puheissaan luonnollisesti my\u00f6s Suomen ja Alankomaiden pitk\u00e4\u00e4 yst\u00e4vyytt\u00e4 ja l\u00e4mpimi\u00e4 v\u00e4lej\u00e4. Puheissa l\u00f6ytyi yhteist\u00e4 my\u00f6s rakkaudesta kahviin molempien puheissa.<\/p>\n","protected":false},"excerpt":{"rendered":"Presidentti Alexander Stubbilla ja kuningas Willem-Alexanderilla on yksi yhteinen projekti vaimojensa suhteen kesken. Kuningas sanoi kippis! N\u00e4in presidentti&hellip;\n","protected":false},"author":2,"featured_media":113978,"comment_status":"","ping_status":"","sticky":false,"template":"","format":"standard","meta":{"footnotes":""},"categories":[5],"tags":[22,23,26,27,33,31,30,17,34,24,25,28,29,15,18,21,32,19,20,16],"class_list":{"0":"post-113977","1":"post","2":"type-post","3":"status-publish","4":"format-standard","5":"has-post-thumbnail","7":"category-otsikot","8":"tag-breaking-news","9":"tag-breakingnews","10":"tag-featured-news","11":"tag-featurednews","12":"tag-fi","13":"tag-finland","14":"tag-finnish","15":"tag-headlines","16":"tag-ilta-sanomat","17":"tag-latest-news","18":"tag-latestnews","19":"tag-main-news","20":"tag-mainnews","21":"tag-news","22":"tag-otsikot","23":"tag-paauutiset","24":"tag-suomi","25":"tag-top-stories","26":"tag-topstories","27":"tag-uutiset"},"share_on_mastodon":{"url":"https:\/\/pubeurope.com\/@fi\/115703293157381571","error":""},"_links":{"self":[{"href":"https:\/\/www.europesays.com\/fi\/wp-json\/wp\/v2\/posts\/113977","targetHints":{"allow":["GET"]}}],"collection":[{"href":"https:\/\/www.europesays.com\/fi\/wp-json\/wp\/v2\/posts"}],"about":[{"href":"https:\/\/www.europesays.com\/fi\/wp-json\/wp\/v2\/types\/post"}],"author":[{"embeddable":true,"href":"https:\/\/www.europesays.com\/fi\/wp-json\/wp\/v2\/users\/2"}],"replies":[{"embeddable":true,"href":"https:\/\/www.europesays.com\/fi\/wp-json\/wp\/v2\/comments?post=113977"}],"version-history":[{"count":0,"href":"https:\/\/www.europesays.com\/fi\/wp-json\/wp\/v2\/posts\/113977\/revisions"}],"wp:featuredmedia":[{"embeddable":true,"href":"https:\/\/www.europesays.com\/fi\/wp-json\/wp\/v2\/media\/113978"}],"wp:attachment":[{"href":"https:\/\/www.europesays.com\/fi\/wp-json\/wp\/v2\/media?parent=113977"}],"wp:term":[{"taxonomy":"category","embeddable":true,"href":"https:\/\/www.europesays.com\/fi\/wp-json\/wp\/v2\/categories?post=113977"},{"taxonomy":"post_tag","embeddable":true,"href":"https:\/\/www.europesays.com\/fi\/wp-json\/wp\/v2\/tags?post=113977"}],"curies":[{"name":"wp","href":"https:\/\/api.w.org\/{rel}","templated":true}]}}