{"id":113985,"date":"2025-12-11T22:51:09","date_gmt":"2025-12-11T22:51:09","guid":{"rendered":"https:\/\/www.europesays.com\/fi\/113985\/"},"modified":"2025-12-11T22:51:09","modified_gmt":"2025-12-11T22:51:09","slug":"ap-syytteet-new-yorkin-oikeusministeria-vastaan-kaatuneet-jalleen-uutisia-lyhyesti","status":"publish","type":"post","link":"https:\/\/www.europesays.com\/fi\/113985\/","title":{"rendered":"AP: Syytteet New Yorkin oikeus\u00administeri\u00e4 vastaan kaatuneet j\u00e4lleen | Uutisia lyhyesti"},"content":{"rendered":"<p class=\"aw-1gybjub aw-5vja16 kEtdKx kmuxyA yle__article__paragraph\">James oli aiemmin asetettu syytteeseen pankki\u00adpetoksesta ja v\u00e4\u00e4rien lausuntojen antamisesta rahoitus\u00adlaitokselle. Liittovaltion tuomari hylk\u00e4si syytteet marraskuun lopulla.<\/p>\n<p><img decoding=\"async\" alt=\" Letitia James kuvattuna syyskuussa 2025.\" src=\"https:\/\/www.europesays.com\/fi\/wp-content\/uploads\/2025\/10\/39-153632368e85e2732e67.jpeg\" class=\"aw-1l9m598 hKVVvP\"\/><\/p>\n<p>Avaa kuvien katselu<\/p>\n<p>Arkistokuva. New Yorkin osavaltion oikeuministeri Letitia James kuvattuna syyskuussa 2025. Kuva: Lev Radin\/Shutterstock\/All Over Press<\/p>\n<p>11.12. 23:24\u2022P\u00e4ivitetty 11.12. 23:46<\/p>\n<p class=\"aw-1gybjub aw-1p7kakr kEtdKx cEmitX yle__article__paragraph\">Yhdysvalloissa valamiehist\u00f6 on kielt\u00e4ytynyt toistamiseen asettamasta New Yorkin osavaltion oikeusministeri\u00e4 <strong class=\"aw-ak79eh KyCXm yle__article__strong\">Letitia Jamesia<\/strong> uudelleen syytteeseen. Asiasta kertoo uutistoimisto AP:n l\u00e4hde.<\/p>\n<p class=\"aw-1gybjub aw-1p7kakr kEtdKx cEmitX yle__article__paragraph\">James oli aiemmin asetettu syytteeseen pankkipetoksesta ja v\u00e4\u00e4rien lausuntojen antamisesta rahoituslaitokselle. Liittovaltion tuomari hylk\u00e4si syytteet marraskuun lopulla.<\/p>\n<p class=\"aw-1gybjub aw-1p7kakr kEtdKx cEmitX yle__article__paragraph\">Tuomari mukaan tapauksen syytt\u00e4j\u00e4 <strong class=\"aw-ak79eh KyCXm yle__article__strong\">Lindsey Halligan<\/strong> oli laittomasti nimitetty Yhdysvaltain syytt\u00e4j\u00e4ksi Virginian it\u00e4isess\u00e4 piiriss\u00e4.<\/p>\n<p class=\"aw-1gybjub aw-1p7kakr kEtdKx cEmitX yle__article__paragraph\">Oikeusministeri\u00f6 pyysi valamiehist\u00f6\u00e4 Alexandriassa Virginian osavaltiossa nostamaan syytteen torstaina sen j\u00e4lkeen, kun toinen valamiehist\u00f6 Norfolkissa kielt\u00e4ytyi tekem\u00e4st\u00e4 niin viime viikolla. Henkil\u00f6, joka vahvisti syytteen nostamisen ep\u00e4onnistumisen, ei ollut valtuutettu puhumaan asiasta julkisesti ja antoi lausunnon nimett\u00f6m\u00e4n\u00e4, kertoo AP.<\/p>\n<p class=\"aw-1gybjub aw-1p7kakr kEtdKx cEmitX yle__article__paragraph\">Kyseess\u00e4 on merkitt\u00e4v\u00e4 takaisku oikeusministeri\u00f6lle, joka on pyrkinyt nostamaan syytteeseen Yhdysvaltain presidentin <strong class=\"aw-ak79eh KyCXm yle__article__strong\">Donald Trumpin<\/strong> poliittisia vastustajia syytteeseen.<\/p>\n<p class=\"aw-1gybjub aw-1p7kakr kEtdKx cEmitX yle__article__paragraph\">James johti vuonna 2023 petostutkintaa siviilioikeudessa Trumpia vastaan.<\/p>\n<p class=\"aw-1gybjub aw-1p7kakr kEtdKx cEmitX yle__article__paragraph\">James on sanonut tapauksen olevan poliittisesti motivoitunut ja on kiist\u00e4nyt syyllistyneens\u00e4 v\u00e4itettyihin rikkeisiin.<\/p>\n<p class=\"aw-1gybjub aw-1p7kakr kEtdKx cEmitX yle__article__paragraph\">L\u00e4hteet: AP, Reuters<\/p>\n","protected":false},"excerpt":{"rendered":"James oli aiemmin asetettu syytteeseen pankki\u00adpetoksesta ja v\u00e4\u00e4rien lausuntojen antamisesta rahoitus\u00adlaitokselle. Liittovaltion tuomari hylk\u00e4si syytteet marraskuun lopulla. Avaa&hellip;\n","protected":false},"author":2,"featured_media":57732,"comment_status":"","ping_status":"","sticky":false,"template":"","format":"standard","meta":{"footnotes":""},"categories":[14],"tags":[22,23,585,26,27,33,31,30,17,24,25,13597,28,29,15,2098,18,21,6811,32,19,20,56,16,20959,59,60,61,619,10136,1867],"class_list":{"0":"post-113985","1":"post","2":"type-post","3":"status-publish","4":"format-standard","5":"has-post-thumbnail","7":"category-ulkomaat","8":"tag-breaking-news","9":"tag-breakingnews","10":"tag-donald-trump","11":"tag-featured-news","12":"tag-featurednews","13":"tag-fi","14":"tag-finland","15":"tag-finnish","16":"tag-headlines","17":"tag-latest-news","18":"tag-latestnews","19":"tag-letitia-james","20":"tag-main-news","21":"tag-mainnews","22":"tag-news","23":"tag-oikeudenkaynnit","24":"tag-otsikot","25":"tag-paauutiset","26":"tag-presidentti-trumpin-hallinto","27":"tag-suomi","28":"tag-top-stories","29":"tag-topstories","30":"tag-ulkomaat","31":"tag-uutiset","32":"tag-virginia","33":"tag-world","34":"tag-world-news","35":"tag-worldnews","36":"tag-yhdysvallat","37":"tag-yhdysvaltain-oikeusministerio","38":"tag-yhdysvaltojen-politiikka"},"share_on_mastodon":{"url":"https:\/\/pubeurope.com\/@fi\/115703387748342778","error":""},"_links":{"self":[{"href":"https:\/\/www.europesays.com\/fi\/wp-json\/wp\/v2\/posts\/113985","targetHints":{"allow":["GET"]}}],"collection":[{"href":"https:\/\/www.europesays.com\/fi\/wp-json\/wp\/v2\/posts"}],"about":[{"href":"https:\/\/www.europesays.com\/fi\/wp-json\/wp\/v2\/types\/post"}],"author":[{"embeddable":true,"href":"https:\/\/www.europesays.com\/fi\/wp-json\/wp\/v2\/users\/2"}],"replies":[{"embeddable":true,"href":"https:\/\/www.europesays.com\/fi\/wp-json\/wp\/v2\/comments?post=113985"}],"version-history":[{"count":0,"href":"https:\/\/www.europesays.com\/fi\/wp-json\/wp\/v2\/posts\/113985\/revisions"}],"wp:featuredmedia":[{"embeddable":true,"href":"https:\/\/www.europesays.com\/fi\/wp-json\/wp\/v2\/media\/57732"}],"wp:attachment":[{"href":"https:\/\/www.europesays.com\/fi\/wp-json\/wp\/v2\/media?parent=113985"}],"wp:term":[{"taxonomy":"category","embeddable":true,"href":"https:\/\/www.europesays.com\/fi\/wp-json\/wp\/v2\/categories?post=113985"},{"taxonomy":"post_tag","embeddable":true,"href":"https:\/\/www.europesays.com\/fi\/wp-json\/wp\/v2\/tags?post=113985"}],"curies":[{"name":"wp","href":"https:\/\/api.w.org\/{rel}","templated":true}]}}