{"id":113986,"date":"2025-12-11T22:52:09","date_gmt":"2025-12-11T22:52:09","guid":{"rendered":"https:\/\/www.europesays.com\/fi\/113986\/"},"modified":"2025-12-11T22:52:09","modified_gmt":"2025-12-11T22:52:09","slug":"bulgarian-hallitus-kaatui-mtv-uutiset","status":"publish","type":"post","link":"https:\/\/www.europesays.com\/fi\/113986\/","title":{"rendered":"Bulgarian hallitus kaatui | MTV Uutiset"},"content":{"rendered":"<p><strong class=\"typography-bold\">Bulgarian hallitus kaatui protestien seurauksena.<\/strong><\/p>\n<p>Nato- ja EU-maa Bulgarian p\u00e4\u00e4ministeri <strong class=\"typography-bold\">Rosen Zheljazkov<\/strong> ilmoitti torstaina hallituksensa eroavan alle vuoden kest\u00e4neen hallitustaipaleen p\u00e4\u00e4tteeksi.<\/p>\n<p>Hallituksen kaatumista edelsi noin kaksi viikkoa jatkunut korruption vastainen protestiliike. Erosta ilmoitettiin ennen kuin parlamentti \u00e4\u00e4nesti hallituksen luottamuksesta.<\/p>\n<p>Keskiviikkona kymmenet tuhannet ihmiset osoittivat mielt\u00e4\u00e4n hallitusta ja korruptiota vastaan. Erityisesti nuoret, niin sanottua sukupolvi Z:t\u00e4 edustavat bulgarialaiset ovat l\u00e4hteneet kaduille, kertoi muun muassa DW.<\/p>\n<p>Protestit syttyiv\u00e4t ensi vuoden budjettiesityksest\u00e4, jota syytettiin korruption peittelyksi. Hallitus perui budjettiesityksen viime viikolla, mutta protestit eiv\u00e4t siit\u00e4 laantuneet.<\/p>\n<p>Bulgaria on EU:n k\u00f6yhin maa. Sen on m\u00e4\u00e4r\u00e4 ottaa euro k\u00e4ytt\u00f6\u00f6n valuuttana ensi vuoden alussa.<\/p>\n","protected":false},"excerpt":{"rendered":"Bulgarian hallitus kaatui protestien seurauksena. Nato- ja EU-maa Bulgarian p\u00e4\u00e4ministeri Rosen Zheljazkov ilmoitti torstaina hallituksensa eroavan alle vuoden&hellip;\n","protected":false},"author":2,"featured_media":113987,"comment_status":"","ping_status":"","sticky":false,"template":"","format":"standard","meta":{"footnotes":""},"categories":[12],"tags":[22,23,26,27,33,31,30,17,24,25,28,29,15,18,21,32,19,20,16],"class_list":{"0":"post-113986","1":"post","2":"type-post","3":"status-publish","4":"format-standard","5":"has-post-thumbnail","7":"category-suomi","8":"tag-breaking-news","9":"tag-breakingnews","10":"tag-featured-news","11":"tag-featurednews","12":"tag-fi","13":"tag-finland","14":"tag-finnish","15":"tag-headlines","16":"tag-latest-news","17":"tag-latestnews","18":"tag-main-news","19":"tag-mainnews","20":"tag-news","21":"tag-otsikot","22":"tag-paauutiset","23":"tag-suomi","24":"tag-top-stories","25":"tag-topstories","26":"tag-uutiset"},"share_on_mastodon":{"url":"https:\/\/pubeurope.com\/@fi\/115703391587968472","error":""},"_links":{"self":[{"href":"https:\/\/www.europesays.com\/fi\/wp-json\/wp\/v2\/posts\/113986","targetHints":{"allow":["GET"]}}],"collection":[{"href":"https:\/\/www.europesays.com\/fi\/wp-json\/wp\/v2\/posts"}],"about":[{"href":"https:\/\/www.europesays.com\/fi\/wp-json\/wp\/v2\/types\/post"}],"author":[{"embeddable":true,"href":"https:\/\/www.europesays.com\/fi\/wp-json\/wp\/v2\/users\/2"}],"replies":[{"embeddable":true,"href":"https:\/\/www.europesays.com\/fi\/wp-json\/wp\/v2\/comments?post=113986"}],"version-history":[{"count":0,"href":"https:\/\/www.europesays.com\/fi\/wp-json\/wp\/v2\/posts\/113986\/revisions"}],"wp:featuredmedia":[{"embeddable":true,"href":"https:\/\/www.europesays.com\/fi\/wp-json\/wp\/v2\/media\/113987"}],"wp:attachment":[{"href":"https:\/\/www.europesays.com\/fi\/wp-json\/wp\/v2\/media?parent=113986"}],"wp:term":[{"taxonomy":"category","embeddable":true,"href":"https:\/\/www.europesays.com\/fi\/wp-json\/wp\/v2\/categories?post=113986"},{"taxonomy":"post_tag","embeddable":true,"href":"https:\/\/www.europesays.com\/fi\/wp-json\/wp\/v2\/tags?post=113986"}],"curies":[{"name":"wp","href":"https:\/\/api.w.org\/{rel}","templated":true}]}}