{"id":113988,"date":"2025-12-11T22:53:10","date_gmt":"2025-12-11T22:53:10","guid":{"rendered":"https:\/\/www.europesays.com\/fi\/113988\/"},"modified":"2025-12-11T22:53:10","modified_gmt":"2025-12-11T22:53:10","slug":"zelenskyi-kertoi-yhdysvaltojen-tarjoamasta-kompromissista-ukraina-ei-hyvaksy","status":"publish","type":"post","link":"https:\/\/www.europesays.com\/fi\/113988\/","title":{"rendered":"Zelenskyi kertoi Yhdysvaltojen tarjoamasta kompromissista \u2013 Ukraina ei hyv\u00e4ksy"},"content":{"rendered":"<p>Zelenskyin mukaan Ukrainaa vaaditaan edelleen luopumaan Donetskista.<\/p>\n<p class=\"article-body mb-nof-24 px-nof-16\">Ukrainan presidentin <a class=\"article-personlink\" href=\"https:\/\/www.is.fi\/haku\/?query=Volodymyr%20Zelenskyin\" rel=\"nofollow noopener\" target=\"_blank\">Volodymyr Zelenskyin<\/a> mukaan Yhdysvaltojen \u201dn\u00e4kemys kompromissista\u201d Donbasin alueen suhteen on, ett\u00e4 ukrainalaiset vet\u00e4ytyv\u00e4t Donetskissa viel\u00e4 hallitsemaltaan alueelta ja ven\u00e4l\u00e4iset eiv\u00e4t tunkeudu sinne, Ukrainan Pravda uutisoi.<\/p>\n<p class=\"article-body mb-nof-24 px-nof-16\">Ven\u00e4j\u00e4 on vaatinut itselleen koko Donetskia eli my\u00f6s niit\u00e4 alueita, joita se ei viel\u00e4 miehit\u00e4. Asiantuntijoiden mukaan Ven\u00e4j\u00e4lt\u00e4 todenn\u00e4k\u00f6isesti kest\u00e4isi jopa vuosia ennen kuin se saisi taisteltua alueen itselleen.<\/p>\n<p class=\"article-body mb-nof-24 px-nof-16\">Zelenskyi korosti, ett\u00e4 Ukraina \u201dei hyv\u00e4ksy\u201d Ven\u00e4j\u00e4n vaatimusta.<\/p>\n<p class=\"article-body mb-nof-24 px-nof-16\">\u2013\u2009Amerikkalaiset hakevat jonkinlaista formaattia. He ovat keskustelleet \u201dvapaasta talousalueesta\u201d. Amerikkalaiset kutsuvat sit\u00e4 siksi ja ven\u00e4l\u00e4iset kutsuvat sit\u00e4 \u201ddemilitarisoiduksi alueeksi\u201d.<\/p>\n<p class=\"article-body mb-nof-24 px-nof-16\">Alla olevassa kartassa n\u00e4kyv\u00e4t Donetskin ja Luhanskin alueet, jotka muodostavat Donbasin. Hersonin ja Zaporizzjan kohdalla esill\u00e4 on ollut rintamalinjan j\u00e4\u00e4dytys, joskin Ven\u00e4j\u00e4 on vastoin kansainv\u00e4list\u00e4 oikeutta ilmoittanut liitt\u00e4v\u00e4ns\u00e4 alueet itseens\u00e4.<\/p>\n<p><img decoding=\"async\" src=\"https:\/\/images.sanoma-sndp.fi\/aad49d1fa43b6addbc3b011032646b0e.svg\" alt=\"\" class=\"_Img_1rerz_1\" style=\"aspect-ratio:1.2533333333333334\" loading=\"eager\"\/><\/p>\n<p class=\"article-body mb-nof-24 px-nof-16\">Zelenskyin mukaan Yhdysvallat on tarjonnut kompromissia.<\/p>\n<p class=\"article-body mb-nof-24 px-nof-16\">\u2013\u2009He n\u00e4kev\u00e4t ukrainalaisjoukkojen vet\u00e4ytymisen Donetskista ja kompromissi vaikuttaa olevan se, ett\u00e4 Ven\u00e4j\u00e4n joukot eiv\u00e4t mene t\u00e4lle alueelle Donetskissa. He eiv\u00e4t tied\u00e4, kuka hallitsee t\u00e4t\u00e4 aluetta, jota he jo kutsuvat \u201dvapaaksi talousalueeksi\u201d tai \u201ddemilitarisoiduksi alueeksi\u201d. T\u00e4lt\u00e4 karkeasti otettuna n\u00e4ytt\u00e4\u00e4 Yhdysvaltojen n\u00e4kemys kompromissista nyt.<\/p>\n<p class=\"article-body mb-nof-24 px-nof-16\">Ukraina ei voi hyv\u00e4ksy\u00e4 Yhdysvaltojen ehdotusta, koska \u201dkun kerrot meille kompromissista, on annettava reilu kompromissi,\u201d Zelenskyi sanoo.<\/p>\n<p class=\"article-body mb-nof-24 px-nof-16\">Zelenskyin mukaan keskustelua rauhasta on jatkettava. H\u00e4n my\u00f6s sanoi, ett\u00e4 Ukrainan kansalaisten olisi pystytt\u00e4v\u00e4 kommentoimaan alueluovutuksia joko vaalien tai kansan\u00e4\u00e4nestyksen muodossa.<\/p>\n<p><img decoding=\"async\" src=\"https:\/\/www.europesays.com\/fi\/wp-content\/uploads\/2025\/12\/1765493590_489_468.jpg\" alt=\"Zelenskyi keskusteli Yhdysvaltojen edustajien kanssa torstaina turvatakuista. Zelenskyi on sanonut, ett\u00e4 Ukrainan on tiedett\u00e4v\u00e4, mihin sen kumppanit ovat valmiita, jos Ven\u00e4j\u00e4 hy\u00f6kk\u00e4isi uudestaan tai jatkaisi aggressiota muuten.\" class=\"_Img_1rerz_1\" style=\"aspect-ratio:1.4791987673343605\" loading=\"eager\"\/><\/p>\n<p class=\"article-picture-caption\">Zelenskyi keskusteli Yhdysvaltojen edustajien kanssa torstaina turvatakuista. Zelenskyi on sanonut, ett\u00e4 Ukrainan on tiedett\u00e4v\u00e4, mihin sen kumppanit ovat valmiita, jos Ven\u00e4j\u00e4 hy\u00f6kk\u00e4isi uudestaan tai jatkaisi aggressiota muuten. Kuva:\u00a0UKRAINIAN PRESIDENTIAL PRESS SERVICE HANDOUT<\/p>\n<p class=\"article-body mb-nof-24 px-nof-16\">Zelenskyin mukaan tulitauko on edellytys mahdollisten vaalien j\u00e4rjest\u00e4miselle Ukrainassa.<\/p>\n<p class=\"article-body mb-nof-24 px-nof-16\">\u2013\u2009T\u00e4ytyy olla tulitauko \u2013 ainakin vaaliprosessin ja \u00e4\u00e4nest\u00e4misen ajaksi. T\u00e4st\u00e4 pit\u00e4\u00e4 keskustella. Suoraan sanoen t\u00e4\u00e4ll\u00e4 Ukrainassa uskomme, ett\u00e4 Yhdysvaltojen pit\u00e4\u00e4 keskustella Ven\u00e4j\u00e4n puolen kanssa t\u00e4st\u00e4, Zelenskyi sanoi Ukrainan liittolaisten kokouksessa.<\/p>\n<p class=\"article-body mb-nof-24 px-nof-16\">Sodan aiheuttaman poikkeustilan takia Ukrainassa ei ole voitu j\u00e4rjest\u00e4\u00e4 vaaleja. Zelenskyi on kuitenkin sanonut pyyt\u00e4neens\u00e4 parlamenttia selvitt\u00e4m\u00e4\u00e4n vaalien j\u00e4rjest\u00e4miseen liittyv\u00e4n lains\u00e4\u00e4d\u00e4nn\u00f6n muuttamista.<\/p>\n<p class=\"article-body mb-nof-24 px-nof-16\">Zelenskyin mukaan Yhdysvallat ei ole asettanut m\u00e4\u00e4r\u00e4aikaa rauhanprosessille.<\/p>\n<p class=\"article-body mb-nof-24 px-nof-16\">\u2013\u2009Ei ole erityisi\u00e4 uhkavaatimuksia, ei p\u00e4iv\u00e4m\u00e4\u00e4ri\u00e4. Se on fakta, ett\u00e4 kaikki haluavat saada lopetettua t\u00e4m\u00e4n mahdollisimman nopeasti, Zelenskyi sanoi <a class=\"article-genericlink\" href=\"https:\/\/www.pravda.com.ua\/news\/2025\/12\/11\/8011443\/\" rel=\"nofollow noopener\" target=\"_blank\">Ukrainan Pravdan<\/a> mukaan.<\/p>\n<p class=\"article-body mb-nof-24 px-nof-16\">Julkisuuteen ei ole juurikaan kerrottu yksityiskohtia Yhdysvaltojen tuoreimmasta rauhanehdotuksesta tai Ukrainan muutoksista siihen.<\/p>\n<p class=\"article-body mb-nof-24 px-nof-16\">Zelenskyin mukaan 20-kohtaisessa suunnitelmassa k\u00e4sitell\u00e4\u00e4n Ukrainan rauhaa, turvatakuita ja j\u00e4lleenrakennusta. Viimeisimm\u00e4ss\u00e4 luonnoksessa Ukrainan asevoimien koko on rajattu 800\u00a0000:een sotilaaseen.<\/p>\n<p class=\"article-body mb-nof-24 px-nof-16\">Zelenskyin mukaan keskusteltavana on my\u00f6s Ven\u00e4j\u00e4n vet\u00e4ytyminen Harkovassa, Sumyssa ja Dnipropetrovskissa miehitt\u00e4milt\u00e4\u00e4n alueilta.<\/p>\n<p class=\"article-body mb-nof-24 px-nof-16\"><a class=\"article-genericlink\" href=\"https:\/\/epravda.com.ua\/energetika\/zelenskiy-rozpoviv-pro-peremovini-shchodo-zaes-815340?_gl=1*10v2vbc*_ga*MTU0NTI2MzEzOS4xNzYxMDUwMDY3*_ga_6ELQ7YCNBS*czE3NjU0Njg5MTEkbzQ1MiRnMSR0MTc2NTQ2OTQwMyRqNTMkbDAkaDA.\" rel=\"nofollow noopener\" target=\"_blank\">Ekonomitshna Pravda<\/a> my\u00f6s uutisoi Zelenskyin sanoneen, ett\u00e4 yhteisymm\u00e4rryst\u00e4 ei ole Zaporizzjan ydinvoimalan kohtalosta.<\/p>\n<p class=\"article-body mb-nof-24 px-nof-16\">\u2013\u2009Ven\u00e4l\u00e4iset haluavat pit\u00e4\u00e4 laitoksen. Me olemme selv\u00e4sti t\u00e4t\u00e4 vastaan. Ja me sanoimme, jos n\u00e4in on, laitos ei toimi, Zelenskyi sanoo.<\/p>\n","protected":false},"excerpt":{"rendered":"Zelenskyin mukaan Ukrainaa vaaditaan edelleen luopumaan Donetskista. Ukrainan presidentin Volodymyr Zelenskyin mukaan Yhdysvaltojen \u201dn\u00e4kemys kompromissista\u201d Donbasin alueen suhteen&hellip;\n","protected":false},"author":2,"featured_media":113989,"comment_status":"","ping_status":"","sticky":false,"template":"","format":"standard","meta":{"footnotes":""},"categories":[5],"tags":[22,23,26,27,33,31,30,17,34,24,25,28,29,15,18,21,32,19,20,16],"class_list":{"0":"post-113988","1":"post","2":"type-post","3":"status-publish","4":"format-standard","5":"has-post-thumbnail","7":"category-otsikot","8":"tag-breaking-news","9":"tag-breakingnews","10":"tag-featured-news","11":"tag-featurednews","12":"tag-fi","13":"tag-finland","14":"tag-finnish","15":"tag-headlines","16":"tag-ilta-sanomat","17":"tag-latest-news","18":"tag-latestnews","19":"tag-main-news","20":"tag-mainnews","21":"tag-news","22":"tag-otsikot","23":"tag-paauutiset","24":"tag-suomi","25":"tag-top-stories","26":"tag-topstories","27":"tag-uutiset"},"share_on_mastodon":{"url":"https:\/\/pubeurope.com\/@fi\/115703395523425770","error":""},"_links":{"self":[{"href":"https:\/\/www.europesays.com\/fi\/wp-json\/wp\/v2\/posts\/113988","targetHints":{"allow":["GET"]}}],"collection":[{"href":"https:\/\/www.europesays.com\/fi\/wp-json\/wp\/v2\/posts"}],"about":[{"href":"https:\/\/www.europesays.com\/fi\/wp-json\/wp\/v2\/types\/post"}],"author":[{"embeddable":true,"href":"https:\/\/www.europesays.com\/fi\/wp-json\/wp\/v2\/users\/2"}],"replies":[{"embeddable":true,"href":"https:\/\/www.europesays.com\/fi\/wp-json\/wp\/v2\/comments?post=113988"}],"version-history":[{"count":0,"href":"https:\/\/www.europesays.com\/fi\/wp-json\/wp\/v2\/posts\/113988\/revisions"}],"wp:featuredmedia":[{"embeddable":true,"href":"https:\/\/www.europesays.com\/fi\/wp-json\/wp\/v2\/media\/113989"}],"wp:attachment":[{"href":"https:\/\/www.europesays.com\/fi\/wp-json\/wp\/v2\/media?parent=113988"}],"wp:term":[{"taxonomy":"category","embeddable":true,"href":"https:\/\/www.europesays.com\/fi\/wp-json\/wp\/v2\/categories?post=113988"},{"taxonomy":"post_tag","embeddable":true,"href":"https:\/\/www.europesays.com\/fi\/wp-json\/wp\/v2\/tags?post=113988"}],"curies":[{"name":"wp","href":"https:\/\/api.w.org\/{rel}","templated":true}]}}