{"id":113994,"date":"2025-12-11T23:13:15","date_gmt":"2025-12-11T23:13:15","guid":{"rendered":"https:\/\/www.europesays.com\/fi\/113994\/"},"modified":"2025-12-11T23:13:15","modified_gmt":"2025-12-11T23:13:15","slug":"aiti-sai-viimeisen-viestin-pojaltaan-sitten-kuului-laukaus","status":"publish","type":"post","link":"https:\/\/www.europesays.com\/fi\/113994\/","title":{"rendered":"\u00c4iti sai viimeisen viestin pojaltaan \u2013 Sitten kuului laukaus"},"content":{"rendered":"<p>Ylen dokumentti kertoo Evan Boettlerin, 16, kohtalosta.<\/p>\n<p><img decoding=\"async\" class=\"image image-show image-preview\" src=\"https:\/\/www.europesays.com\/fi\/wp-content\/uploads\/2025\/12\/d14bf916a9e4f3b5d32ef323ca0f88e3e4763cf895c976d5c8b9021169f29d3a.jpg\" alt=\"\"\/><img decoding=\"async\" class=\"image image-show\" src=\"https:\/\/www.europesays.com\/fi\/wp-content\/uploads\/2025\/12\/1765494795_387_d14bf916a9e4f3b5d32ef323ca0f88e3e4763cf895c976d5c8b9021169f29d3a.jpg\" alt=\"\"\/><\/p>\n<p>Brad ja Kari Boettler kertovat tv:ss\u00e4, ett\u00e4 heid\u00e4n Evan-poikansa pelk\u00e4si seksikirist\u00e4j\u00e4n haluavan tappaa h\u00e4net ja kyselev\u00e4n siksi h\u00e4nen kotiosoitettaan. Jamie Tahsin, Yle<\/p>\n<p class=\"paragraph\">Tammikuussa 2024 vanhemmat saapuivat kotitalonsa pihaan, kun he kuulivat laukauksen. Samaan aikaan \u00e4iti avasi puhelimellaan viesti\u00e4.<\/p>\n<p class=\"paragraph\">Ulkolinjassa n\u00e4ht\u00e4v\u00e4n Seksikirist\u00e4jien j\u00e4ljill\u00e4 -dokumentissa kerrotaan, ett\u00e4 viesti oli tullut ampujalta. H\u00e4n oli 16-vuotias <strong>Evan Boettler<\/strong>, joka riisti oman henkens\u00e4. Evan oli Missourissa USA:ssa asuvien <strong>Kari<\/strong> ja <strong>Brad Boettlerin<\/strong> lapsi.<\/p>\n<p class=\"paragraph\">Vain paria tuntia aiemmin Evan oli saanut ensimm\u00e4isen viestin, joiden tulva johti itsemurhaan. Nuorena tytt\u00f6n\u00e4 esiintynyt nimimerkki Jennytee60 oli l\u00e4hestynyt poikaa ensin Snapchatissa ja pyyt\u00e4nyt t\u00e4lt\u00e4 arkaluontoista selfiet\u00e4. Kun Evan oli l\u00e4hett\u00e4nyt sen, alkoi seksuaalinen kirist\u00e4minen. Jos Evan ei antaisi rahaa tai lahjakortteja ja paljastaisi sometiliens\u00e4 salasanoja ja kotiosoitettaan, Jennytee60 jakaisi Evanin kuvan kaikille t\u00e4m\u00e4n Instagram-seuraajille ja \u00e4idille.<\/p>\n<p class=\"paragraph\">\u2013\u2009Evan ei saanut aikaa ajatella. Viestipommitus oli tauotonta, Kari-\u00e4iti kertoo tv:ss\u00e4.<\/p>\n<p class=\"paragraph\">Viimeisess\u00e4 viestiss\u00e4\u00e4n \u00e4idilleen Evan kertoi rakastavansa vanhempiaan ja pyysi tekoaan etuk\u00e4teen anteeksi.<\/p>\n<p class=\"paragraph\">\u2013\u2009H\u00e4n sanoi toivovansa, ett\u00e4 n\u00e4emme taas taivaassa, Kari muistelee itsemurhaviesti\u00e4 Ylell\u00e4.<\/p>\n<p>Toimittaja Tir Dhondy tapaa Nigeriassa muun muassa n\u00e4m\u00e4 kaksi henkil\u00f6llisyytens\u00e4 salaavaa nettihuijaria. Kaikki eiv\u00e4t tee seksikiristyshuijauksia, sill\u00e4 osa huijareistakin pit\u00e4\u00e4 niit\u00e4 moraalittomana.  Jamie Tahsin, Yle<\/p>\n<p class=\"paragraph\">Ulkolinjan dokumentin mukaan seksikirist\u00e4minen on netin nopeimmin kasvava huijaustapa. Se on sosiaalisen median v\u00e4lityksell\u00e4 tapahtuva hy\u00f6kk\u00e4ys, joka kohdistuu juuri l\u00e4nsimaissa asuviin teinipoikiin.<\/p>\n<p class=\"paragraph\">Dokumentin mukaan suuri osa huijareista tulee L\u00e4nsi-Afrikasta, etenkin Nigeriasta. Juuri sinne Jennytee60-nimimerkinkin j\u00e4ljet johtavat. Toimittaja <strong>Tir Dhondy<\/strong> matkustaa maahan tavoitteenaan l\u00f6yt\u00e4\u00e4 nimimerkin taakse k\u00e4tkeytyv\u00e4 huijari, niin kutsuttujen sextortion-viestien l\u00e4hett\u00e4j\u00e4. Dhondyn on otettava ohjat omiin k\u00e4siins\u00e4, koska viranomaisten tutkimukset USA:ssa ovat edenneet reilun vuoden aikana hitaanpuoleisesti. Nigeriassa tapausta aletaan tutkia vasta, kun Dhondy alkaa kysell\u00e4 asiasta.<\/p>\n<p>Evanin is\u00e4n Brad Boettlerin mukaan h\u00e4nen poikansa oli kova ulkoilemaan, kalastamaan ja mets\u00e4st\u00e4m\u00e4\u00e4n. Vasemmalla toimittaja Tir Dhondy. Jamie Tahsin, Yle<\/p>\n<p class=\"paragraph\">\u00c4l\u00e4 j\u00e4\u00e4 yksin! Mielenterveysongelmiin ja itsetuhoisiin ajatuksiin on saatavilla apua. Tietoa tukipalveluista puhelimitse, verkossa ja kasvokkain l\u00f6yd\u00e4t <a href=\"https:\/\/www.iltalehti.fi\/terveysuutiset\/201806102200998639\" rel=\"nofollow noopener\" target=\"_blank\">t\u00e4st\u00e4 jutusta<\/a>.<\/p>\n<p class=\"paragraph\">Ulkolinja: Seksikirist\u00e4jien j\u00e4ljill\u00e4 t\u00e4n\u00e4\u00e4n TV1:ll\u00e4 kello 22.02 &amp; Areenassa. <a href=\"https:\/\/www.iltalehti.fi\/telkku\/\" rel=\"nofollow noopener\" target=\"_blank\">Katso kaikki\u00a0TV-ohjelmat ja l\u00e4hetysajat Telkun TV-oppaasta<\/a>.<\/p>\n","protected":false},"excerpt":{"rendered":"Ylen dokumentti kertoo Evan Boettlerin, 16, kohtalosta. Brad ja Kari Boettler kertovat tv:ss\u00e4, ett\u00e4 heid\u00e4n Evan-poikansa pelk\u00e4si seksikirist\u00e4j\u00e4n&hellip;\n","protected":false},"author":2,"featured_media":113995,"comment_status":"","ping_status":"","sticky":false,"template":"","format":"standard","meta":{"footnotes":""},"categories":[130],"tags":[35,137,33,31,30,101,99,100,98,38,32,109],"class_list":{"0":"post-113994","1":"post","2":"type-post","3":"status-publish","4":"format-standard","5":"has-post-thumbnail","7":"category-viihde","8":"tag-24h","9":"tag-entertainment","10":"tag-fi","11":"tag-finland","12":"tag-finnish","13":"tag-ihmissuhteet","14":"tag-lapset","15":"tag-lapset-ja-nuoret","16":"tag-perhe","17":"tag-rikos","18":"tag-suomi","19":"tag-viihde"},"share_on_mastodon":{"url":"https:\/\/pubeurope.com\/@fi\/115703474296003054","error":""},"_links":{"self":[{"href":"https:\/\/www.europesays.com\/fi\/wp-json\/wp\/v2\/posts\/113994","targetHints":{"allow":["GET"]}}],"collection":[{"href":"https:\/\/www.europesays.com\/fi\/wp-json\/wp\/v2\/posts"}],"about":[{"href":"https:\/\/www.europesays.com\/fi\/wp-json\/wp\/v2\/types\/post"}],"author":[{"embeddable":true,"href":"https:\/\/www.europesays.com\/fi\/wp-json\/wp\/v2\/users\/2"}],"replies":[{"embeddable":true,"href":"https:\/\/www.europesays.com\/fi\/wp-json\/wp\/v2\/comments?post=113994"}],"version-history":[{"count":0,"href":"https:\/\/www.europesays.com\/fi\/wp-json\/wp\/v2\/posts\/113994\/revisions"}],"wp:featuredmedia":[{"embeddable":true,"href":"https:\/\/www.europesays.com\/fi\/wp-json\/wp\/v2\/media\/113995"}],"wp:attachment":[{"href":"https:\/\/www.europesays.com\/fi\/wp-json\/wp\/v2\/media?parent=113994"}],"wp:term":[{"taxonomy":"category","embeddable":true,"href":"https:\/\/www.europesays.com\/fi\/wp-json\/wp\/v2\/categories?post=113994"},{"taxonomy":"post_tag","embeddable":true,"href":"https:\/\/www.europesays.com\/fi\/wp-json\/wp\/v2\/tags?post=113994"}],"curies":[{"name":"wp","href":"https:\/\/api.w.org\/{rel}","templated":true}]}}