{"id":113999,"date":"2025-12-11T23:17:14","date_gmt":"2025-12-11T23:17:14","guid":{"rendered":"https:\/\/www.europesays.com\/fi\/113999\/"},"modified":"2025-12-11T23:17:14","modified_gmt":"2025-12-11T23:17:14","slug":"ukrainalle-tarjotaan-kompromissia-tasta-on-kyse","status":"publish","type":"post","link":"https:\/\/www.europesays.com\/fi\/113999\/","title":{"rendered":"Ukrainalle tarjotaan kompromissia \u2013 T\u00e4st\u00e4 on kyse"},"content":{"rendered":"<p>Ukrainan sodan rauhansuunnitelman p\u00e4ivitetyn version kohdista on viime p\u00e4ivin\u00e4 tihkunut tietoja julkisuuteen.<\/p>\n<p><img decoding=\"async\" class=\"image image-show image-preview\" src=\"https:\/\/www.europesays.com\/fi\/wp-content\/uploads\/2025\/12\/d88bade0ab97b173a4a1db540a831ab9f453e08acf4b72fb806effdd04c22725.jpg\" alt=\"\"\/><img decoding=\"async\" class=\"image image-show\" src=\"https:\/\/www.europesays.com\/fi\/wp-content\/uploads\/2025\/12\/1765495034_791_d88bade0ab97b173a4a1db540a831ab9f453e08acf4b72fb806effdd04c22725.jpg\" alt=\"\"\/><\/p>\n<p>Yhdysvallat pyrkii presidentti Donald Trumpin johdolla nyt ajamaan Ukrainan rauhanneuvotteluita eteenp\u00e4in. Kuva elokuulta, kun Euroopan johtajat vierailivat Valkoisessa talossa. EPA \/ AOP<\/p>\n<p class=\"paragraph\">Ukrainaa varten ty\u00f6stett\u00e4v\u00e4 kompromissi alueluovutuksista voi helpottaa niiden hyv\u00e4ksymist\u00e4 my\u00f6s Suomessa ja muissa Euroopan valtioissa, arvioi Iltalehdelle kansainv\u00e4lisen politiikan professori <a href=\"https:\/\/www.iltalehti.fi\/henkilot\/Tuomas Forsberg\" class=\"article-link-person-page\" rel=\"nofollow noopener\" target=\"_blank\">Tuomas Forsberg<\/a>.<\/p>\n<p class=\"paragraph\">Tuoreimmasta 20-kohtaisesta rauhansuunnitelmasta yhdysvaltalaismedioille <a href=\"https:\/\/edition.cnn.com\/2025\/12\/10\/politics\/ukraine-response-peace-plan\" target=\"_blank\" rel=\"noopener nofollow\">CNN:lle<\/a> ja <a href=\"https:\/\/www.washingtonpost.com\/opinions\/2025\/12\/09\/ukraine-russia-peace-deal-trump-negotiations\/\" target=\"_blank\" rel=\"noopener nofollow\">Washington Postille<\/a> tihkuneiden tietojen mukaan esill\u00e4 on nyt ehdotus nykyisille rintamalinjoille perustettavasta demilitarisoidusta vy\u00f6hykkeest\u00e4.<\/p>\n<p class=\"paragraph\">\u2013 Kyll\u00e4h\u00e4n Suomikin luovutti alueitaan talvisodan j\u00e4lkeen, mutta t\u00e4ss\u00e4 tilanteessa Ukrainalle on hankala kysymys, miten se voidaan poliittisesti vied\u00e4 l\u00e4pi, Forsberg sanoo.<\/p>\n<p class=\"paragraph\">Etenkin Yhdysvallat on pyrkinyt ehdotuksella k\u00e4\u00e4nt\u00e4m\u00e4\u00e4n Ukrainan presidentti <a href=\"https:\/\/www.iltalehti.fi\/henkilot\/Volodymyr Zelenskyi\" class=\"article-link-person-page\" rel=\"nofollow noopener\" target=\"_blank\">Volodymyr Zelenskyin<\/a> p\u00e4\u00e4t\u00e4, joka on jyrk\u00e4sti ilmoittanut, ettei Ukraina sen perustuslainkaan mukaan voi suostua alueluovutuksiin.<\/p>\n<p class=\"paragraph\">Demilitarisoidun vy\u00f6hykkeen ratkaisussa sek\u00e4 Ven\u00e4j\u00e4 ett\u00e4 Ukraina voisivat sanoa hallitsevansa alueita.<\/p>\n<p>Kansainv\u00e4lisen politiikan professori Tuomas Forsberg. Pete Anikari<\/p>\n<p class=\"paragraph\">Samalla ratkaisun my\u00f6t\u00e4 my\u00f6s Suomi ja useat muut Euroopan maat voisivat olla tyytyv\u00e4isempi\u00e4 siihen, ett\u00e4 Ven\u00e4j\u00e4 ei saanut aggressiostaan palkintoa. T\u00e4m\u00e4n on pel\u00e4tty rohkaisevan Ven\u00e4j\u00e4\u00e4 jatkossakin samanlaisiin toimiin.<\/p>\n<p class=\"paragraph\">\u2013 Antaa Ven\u00e4j\u00e4n pit\u00e4\u00e4 niit\u00e4 alueita, mutta niit\u00e4 ei kuitenkaan tunnusteta osaksi Ven\u00e4j\u00e4\u00e4. Jos Yhdysvallat ne tunnustaa, niin eurooppalaiset eiv\u00e4t paljon mit\u00e4\u00e4n voi, mutta eurooppalaisten ei ole silti syyt\u00e4 siihen l\u00e4hte\u00e4, Forsberg sanoo.<\/p>\n<p class=\"paragraph\">Tilanteessa merkitsee paljon toki my\u00f6s se, miten kansainv\u00e4linen yhteis\u00f6 asiaan suhtautuisi eli tunnustaisivatko muut maailman maat Ven\u00e4j\u00e4n valtaamat ukrainalaisalueet osaksi Ven\u00e4j\u00e4\u00e4.<\/p>\n<p class=\"paragraph\">\u2013 Olisi tietysti toivottavaa, ett\u00e4 kansainv\u00e4linen yhteis\u00f6 laajemmin pit\u00e4ytyisi sill\u00e4 linjalla, ett\u00e4 rajoja ei muuteta v\u00e4kivalloin. Se on kuitenkin ollut viimeist\u00e4\u00e4n toisen maailmansodan p\u00e4\u00e4ttymisen j\u00e4lkeen keskeinen periaate.<\/p>\n<p>Ukrainan presidentti Volodymyr Zelenskyi on pysynyt tiukkana alueluovutusten suhteen. ZumaWire \/ MVPHOTOS<\/p>\n<p>Toinenkin kompromissi?<\/p>\n<p class=\"paragraph\">Forsbergin mukaan demilitarisoidun vy\u00f6hykkeen ratkaisu liittyy my\u00f6s toiseen neuvotteluissa olleeseen asiaan, nimitt\u00e4in Ukrainan asevoimien koon rajoittamiseen.<\/p>\n<p class=\"paragraph\">28-osaisessa suunnitelmassa asevoimien kokoa ehdotettiin rajoitettavaksi 600\u00a0000 henkil\u00f6\u00f6n. Nykyisiss\u00e4 keskusteluissa luku on noussut 800\u00a0000 henkil\u00f6\u00f6n.<\/p>\n<p class=\"paragraph\">Ukrainan kannalta kysymys asevoimien rajoittamisesta rikkoo selv\u00e4sti sen suvereniteettia ja kietoutuu uhkaan Ven\u00e4j\u00e4n mahdollisesta tulevasta aggressiosta.<\/p>\n<p class=\"paragraph\">Koko sodan ratkaisun osalta onkin ollut Zelenskyin ja h\u00e4nen tukijoidensa keskuudessa jatkuvasti esill\u00e4 kest\u00e4v\u00e4n rauhan takaaminen.<\/p>\n<p class=\"paragraph\">Ukraina onkin jyrk\u00e4sti tyrm\u00e4nnyt ehdotukset sen asevoimille asetettavista rajoituksista. Forsbergin mukaan t\u00e4h\u00e4nkin ongelmaan voitaisiin kuitenkin l\u00f6yt\u00e4\u00e4 ratkaisu, johon molemmat osapuolet voisivat mahdollisesti suostua.<\/p>\n<p class=\"paragraph\">\u2013 Tietysti, jos Ukrainalle asetetaan mink\u00e4\u00e4nlaisia kattoja sen asevoimien koolle, olisi luonnollista, ett\u00e4 joitakin rajoituksia asetettaisiin my\u00f6s Ukrainan rajan l\u00e4heisyydess\u00e4 oleville Ven\u00e4j\u00e4n asevoimille. Silloin se olisi varmaankin ukrainalaistenkin helpompi hyv\u00e4ksy\u00e4.<\/p>\n<p>Ukraina kaipaa rauhaan suostuakseen Yhdysvaltain hallinnolta my\u00f6s kattavia turvatakuita. ZumaWire \/ MVPHOTOS<\/p>\n<p>Turvatakuut<\/p>\n<p class=\"paragraph\">Alueluovutusten lis\u00e4ksi my\u00f6s Ukrainalle my\u00f6nnett\u00e4v\u00e4t turvatakuut ovat olleet laajasti esill\u00e4 rauhansuunnitelmissa.<\/p>\n<p class=\"paragraph\">WP:n mukaan tuoreimmassa esityksess\u00e4 Ukraina vaatii Yhdysvaltoja ratifioimaan kongressissa Naton 5. artiklaa vastaavat turvatakuut. Euroopan maat my\u00f6nt\u00e4isiv\u00e4t erilliset turvatakuut.<\/p>\n<p class=\"paragraph\">Forsbergin mukaan kyseiset turvatakuut olisivat toki paperilla vahvemmat kuin ne, jotka Ukraina sai Budapestin vuoden 1994 sopimuksessa sit\u00e4 vastaan, ett\u00e4 se luopui Neuvostoliiton maahan j\u00e4tt\u00e4mist\u00e4 ydinaseista.<\/p>\n<p class=\"paragraph\">Takuut pohjautuivat Forsbergin mukaan kuitenkin l\u00e4hinn\u00e4 siihen, ett\u00e4 rikkomukset viet\u00e4isiin Yhdistyneiden kansakuntien turvallisuusneuvoston k\u00e4sitelt\u00e4v\u00e4ksi. Ven\u00e4j\u00e4ll\u00e4 on turvallisuusneuvoston pysyv\u00e4n\u00e4 j\u00e4senen\u00e4 veto-oikeus neuvoston p\u00e4\u00e4t\u00f6ksiin.<\/p>\n<p class=\"paragraph\">Nyt vaadittujen turvatakuiden kohdalla kysymykseksi nousee kuitenkin Yhdysvaltain presidentti <a href=\"https:\/\/www.iltalehti.fi\/henkilot\/Donald Trump\" class=\"article-link-person-page\" rel=\"nofollow noopener\" target=\"_blank\">Donald Trumpin<\/a> hallinnon sitoutuminen niihin.<\/p>\n<p class=\"paragraph\">T\u00e4st\u00e4 esimerkkin\u00e4 WP nostaa my\u00f6s hallinnon uuden kansainv\u00e4lisen turvallisuusstrategian, joka n\u00e4ytt\u00e4\u00e4 heikent\u00e4v\u00e4n Natoa, mihin takuut perustuvat.<\/p>\n<p class=\"paragraph\">\u2013 Trumpin hallinnon yleinen poliittinen suunta ja sen luotettavuus ovat sellaisia, ett\u00e4 ep\u00e4ilytt\u00e4\u00e4, voiko Ukraina uskoa niiden pit\u00e4vyyteen ilman yhdysvaltalaissotilaiden l\u00e4sn\u00e4oloa Ukrainassa, Forsberg sanoo.<\/p>\n","protected":false},"excerpt":{"rendered":"Ukrainan sodan rauhansuunnitelman p\u00e4ivitetyn version kohdista on viime p\u00e4ivin\u00e4 tihkunut tietoja julkisuuteen. Yhdysvallat pyrkii presidentti Donald Trumpin johdolla&hellip;\n","protected":false},"author":2,"featured_media":114000,"comment_status":"","ping_status":"","sticky":false,"template":"","format":"standard","meta":{"footnotes":""},"categories":[14],"tags":[35,22,23,26,27,33,31,30,17,24,25,803,28,29,15,18,21,142,637,144,32,19,20,56,16,638,59,60,61],"class_list":{"0":"post-113999","1":"post","2":"type-post","3":"status-publish","4":"format-standard","5":"has-post-thumbnail","7":"category-ulkomaat","8":"tag-24h","9":"tag-breaking-news","10":"tag-breakingnews","11":"tag-featured-news","12":"tag-featurednews","13":"tag-fi","14":"tag-finland","15":"tag-finnish","16":"tag-headlines","17":"tag-latest-news","18":"tag-latestnews","19":"tag-levottomuudet-ja-sodat","20":"tag-main-news","21":"tag-mainnews","22":"tag-news","23":"tag-otsikot","24":"tag-paauutiset","25":"tag-poliitikot","26":"tag-politiikka","27":"tag-presidentti","28":"tag-suomi","29":"tag-top-stories","30":"tag-topstories","31":"tag-ulkomaat","32":"tag-uutiset","33":"tag-valtiovalta","34":"tag-world","35":"tag-world-news","36":"tag-worldnews"},"share_on_mastodon":{"url":"https:\/\/pubeurope.com\/@fi\/115703489856807388","error":""},"_links":{"self":[{"href":"https:\/\/www.europesays.com\/fi\/wp-json\/wp\/v2\/posts\/113999","targetHints":{"allow":["GET"]}}],"collection":[{"href":"https:\/\/www.europesays.com\/fi\/wp-json\/wp\/v2\/posts"}],"about":[{"href":"https:\/\/www.europesays.com\/fi\/wp-json\/wp\/v2\/types\/post"}],"author":[{"embeddable":true,"href":"https:\/\/www.europesays.com\/fi\/wp-json\/wp\/v2\/users\/2"}],"replies":[{"embeddable":true,"href":"https:\/\/www.europesays.com\/fi\/wp-json\/wp\/v2\/comments?post=113999"}],"version-history":[{"count":0,"href":"https:\/\/www.europesays.com\/fi\/wp-json\/wp\/v2\/posts\/113999\/revisions"}],"wp:featuredmedia":[{"embeddable":true,"href":"https:\/\/www.europesays.com\/fi\/wp-json\/wp\/v2\/media\/114000"}],"wp:attachment":[{"href":"https:\/\/www.europesays.com\/fi\/wp-json\/wp\/v2\/media?parent=113999"}],"wp:term":[{"taxonomy":"category","embeddable":true,"href":"https:\/\/www.europesays.com\/fi\/wp-json\/wp\/v2\/categories?post=113999"},{"taxonomy":"post_tag","embeddable":true,"href":"https:\/\/www.europesays.com\/fi\/wp-json\/wp\/v2\/tags?post=113999"}],"curies":[{"name":"wp","href":"https:\/\/api.w.org\/{rel}","templated":true}]}}