{"id":114001,"date":"2025-12-11T23:18:08","date_gmt":"2025-12-11T23:18:08","guid":{"rendered":"https:\/\/www.europesays.com\/fi\/114001\/"},"modified":"2025-12-11T23:18:08","modified_gmt":"2025-12-11T23:18:08","slug":"luvaton-rajanylittaja-palautettu-venajalle-ilta-sanomat","status":"publish","type":"post","link":"https:\/\/www.europesays.com\/fi\/114001\/","title":{"rendered":"Luvaton rajanylitt\u00e4j\u00e4 palautettu Ven\u00e4j\u00e4lle &#8211; Ilta-Sanomat"},"content":{"rendered":"<p>Luvattomasti rajan ylitt\u00e4nyt mies palautettiin Ven\u00e4j\u00e4lle torstaina.<\/p>\n<p>T\u00e4lt\u00e4 n\u00e4ytt\u00e4\u00e4 uusi raja-aita Imatralla. <\/p>\n<p>11.12. 20:04<\/p>\n<p class=\"article-body mb-nof-24 px-nof-16\">Ven\u00e4j\u00e4lt\u00e4 luvattomasti Suomeen tullut mies on palautettu Ven\u00e4j\u00e4lle torstaina, kertoo Rajavartiolaitos.<\/p>\n<p class=\"article-body mb-nof-24 px-nof-16\">Kaakkois-Suomen rajavartiosto otti miehen kiinni Imatralla 27. marraskuuta.<\/p>\n<p class=\"article-body mb-nof-24 px-nof-16\">Mies on ollut koko Suomessa oleskeluaikansa vapautensa menett\u00e4neen\u00e4 syyllistytty\u00e4\u00e4n valtionrajarikokseen ja maahantulokiellon rikkomiseen, kertoo Rajavartiolaitos.<\/p>\n<p class=\"article-body mb-nof-24 px-nof-16\">Kaakkois-Suomen rajavartioston viestint\u00e4\u00adsuunnittelija <a class=\"article-personlink\" href=\"https:\/\/www.is.fi\/haku\/?query=Pinja%20Viskari\" rel=\"nofollow noopener\" target=\"_blank\">Pinja Viskari<\/a> kertoi aiemmin IS:lle, ett\u00e4 It\u00e4rajan laittomasti ylitt\u00e4nyt mies tuli rajan yli kohdasta, jossa ei ole raja-aitaa.<\/p>\n<p class=\"article-body mb-nof-24 px-nof-16\">Lue lis\u00e4\u00e4: <a class=\"article-genericlink\" href=\"https:\/\/www.is.fi\/kotimaa\/art-2000011657551.html\" rel=\"nofollow noopener\" target=\"_blank\">Lis\u00e4tietoa it\u00e4rajan laittomasta ylityksest\u00e4<\/a><\/p>\n<p class=\"article-body mb-nof-24 px-nof-16\">Rajavartiolaitos otti miehen kiinni Imatran keskustasta samana p\u00e4iv\u00e4n\u00e4, kun mies oli ylitt\u00e4nyt rajan.<\/p>\n<p class=\"article-body mb-nof-24 px-nof-16\">\u2013 Kiinniotto tapahtui yhteisymm\u00e4rryksess\u00e4 ja rauhallisesti ilman suurempaa h\u00e4slinki\u00e4. Henkil\u00f6 antoi ottaa itsens\u00e4 kiinni, laitoksen tiedotteessa kerrottiin aiemmin.<\/p>\n<p class=\"article-body mb-nof-24 px-nof-16\">Kaakkois-Suomen alueen rajavaltuutettu oli yhteydess\u00e4 Ven\u00e4j\u00e4n Viipurin alueen rajavaltuutettuun tapauksen johdosta.<\/p>\n","protected":false},"excerpt":{"rendered":"Luvattomasti rajan ylitt\u00e4nyt mies palautettiin Ven\u00e4j\u00e4lle torstaina. T\u00e4lt\u00e4 n\u00e4ytt\u00e4\u00e4 uusi raja-aita Imatralla. 11.12. 20:04 Ven\u00e4j\u00e4lt\u00e4 luvattomasti Suomeen tullut&hellip;\n","protected":false},"author":2,"featured_media":114002,"comment_status":"","ping_status":"","sticky":false,"template":"","format":"standard","meta":{"footnotes":""},"categories":[12],"tags":[22,23,26,27,33,31,30,17,34,24,25,28,29,15,18,21,32,19,20,16],"class_list":{"0":"post-114001","1":"post","2":"type-post","3":"status-publish","4":"format-standard","5":"has-post-thumbnail","7":"category-suomi","8":"tag-breaking-news","9":"tag-breakingnews","10":"tag-featured-news","11":"tag-featurednews","12":"tag-fi","13":"tag-finland","14":"tag-finnish","15":"tag-headlines","16":"tag-ilta-sanomat","17":"tag-latest-news","18":"tag-latestnews","19":"tag-main-news","20":"tag-mainnews","21":"tag-news","22":"tag-otsikot","23":"tag-paauutiset","24":"tag-suomi","25":"tag-top-stories","26":"tag-topstories","27":"tag-uutiset"},"share_on_mastodon":{"url":"","error":""},"_links":{"self":[{"href":"https:\/\/www.europesays.com\/fi\/wp-json\/wp\/v2\/posts\/114001","targetHints":{"allow":["GET"]}}],"collection":[{"href":"https:\/\/www.europesays.com\/fi\/wp-json\/wp\/v2\/posts"}],"about":[{"href":"https:\/\/www.europesays.com\/fi\/wp-json\/wp\/v2\/types\/post"}],"author":[{"embeddable":true,"href":"https:\/\/www.europesays.com\/fi\/wp-json\/wp\/v2\/users\/2"}],"replies":[{"embeddable":true,"href":"https:\/\/www.europesays.com\/fi\/wp-json\/wp\/v2\/comments?post=114001"}],"version-history":[{"count":0,"href":"https:\/\/www.europesays.com\/fi\/wp-json\/wp\/v2\/posts\/114001\/revisions"}],"wp:featuredmedia":[{"embeddable":true,"href":"https:\/\/www.europesays.com\/fi\/wp-json\/wp\/v2\/media\/114002"}],"wp:attachment":[{"href":"https:\/\/www.europesays.com\/fi\/wp-json\/wp\/v2\/media?parent=114001"}],"wp:term":[{"taxonomy":"category","embeddable":true,"href":"https:\/\/www.europesays.com\/fi\/wp-json\/wp\/v2\/categories?post=114001"},{"taxonomy":"post_tag","embeddable":true,"href":"https:\/\/www.europesays.com\/fi\/wp-json\/wp\/v2\/tags?post=114001"}],"curies":[{"name":"wp","href":"https:\/\/api.w.org\/{rel}","templated":true}]}}