{"id":114003,"date":"2025-12-11T23:19:10","date_gmt":"2025-12-11T23:19:10","guid":{"rendered":"https:\/\/www.europesays.com\/fi\/114003\/"},"modified":"2025-12-11T23:19:10","modified_gmt":"2025-12-11T23:19:10","slug":"venalaishiihtajille-iso-helpotus-fis-laajensi-listaa","status":"publish","type":"post","link":"https:\/\/www.europesays.com\/fi\/114003\/","title":{"rendered":"Ven\u00e4l\u00e4ishiiht\u00e4jille iso helpotus \u2013 Fis laajensi listaa"},"content":{"rendered":"<p>Fis nimesi viisi nime\u00e4 neutraalien henkil\u00f6iden listalle.<\/p>\n<p><img decoding=\"async\" class=\"image image-show image-preview\" src=\"https:\/\/www.europesays.com\/fi\/wp-content\/uploads\/2025\/12\/8376e2a8d22941fabecebc55fd2347b2aa4aa84b749e08894fe1732d96280b8d.jpg\" alt=\"\"\/><img decoding=\"async\" class=\"image image-show\" src=\"https:\/\/www.europesays.com\/fi\/wp-content\/uploads\/2025\/12\/1765495149_937_8376e2a8d22941fabecebc55fd2347b2aa4aa84b749e08894fe1732d96280b8d.jpg\" alt=\"\"\/><\/p>\n<p>Saveli Korostelev kuului jo keskiviikkona julkaistujen nimien listalle. ZumaWire \/ MVphotos<\/p>\n<p class=\"paragraph\">Kansainv\u00e4linen hiihtoliitto Fis laajensi listaansa neutraalin statuksen saaneista ven\u00e4l\u00e4isist\u00e4 ja valkoven\u00e4l\u00e4isist\u00e4 urheilijoista sek\u00e4 taustahenkil\u00f6ist\u00e4.<\/p>\n<p class=\"paragraph\">P\u00e4\u00e4t\u00f6s antaa kyseisille henkil\u00f6ille luvan kilpailla neutraalilla statuksella tulevissa maailmancupin kilpailuissa ja talviolympialaisissa.<\/p>\n<p class=\"paragraph\">Torstaina <a href=\"https:\/\/www.fis-ski.com\/inside-fis\/news\/2025-26\/fis-publishes-first-list-of-individual-neutral-athletes-ain-cleared-to-participate-in-qualification-events-for-milano-cortina\" target=\"_blank\" rel=\"noopener nofollow\">julkaistun tiedotteen<\/a> mukaan viidelle uudelle henkil\u00f6lle on my\u00f6nnetty neutraali status.<\/p>\n<p class=\"paragraph\">P\u00e4\u00e4t\u00f6s t\u00e4ydent\u00e4\u00e4 aiemmin hyv\u00e4ksyttyjen urheilijoiden joukkoa, sill\u00e4 jo keskiviikkona Fis antoi luvan kuudelle valkoven\u00e4l\u00e4iselle ja kolmelle ven\u00e4l\u00e4iselle urheilijalle osallistua kilpailuihin neutraalina.<\/p>\n<p class=\"paragraph\">Nyt listaa t\u00e4ydennettiin kahdella urheilijalla ja kolmella taustavaikuttajalla.<\/p>\n<p class=\"paragraph\">Uusina hyv\u00e4ksyttyin\u00e4 ovat valkoven\u00e4l\u00e4iset maastohiiht\u00e4j\u00e4t <strong>Hanna Matshakhina<\/strong> ja <strong>Hanna Karaljova<\/strong> sek\u00e4 maan maastohiihtojoukkueen taustahenkil\u00f6t <strong>Aleh Bykauskikh<\/strong> ja <strong>Ilja Ramanenka<\/strong>.<\/p>\n<p class=\"paragraph\">Lis\u00e4ksi neutraali status my\u00f6nnettiin ven\u00e4l\u00e4iselle maastohiihtojoukkueen johtohahmolle <strong>Jevgeni Uftikoville<\/strong>.<\/p>\n<p class=\"paragraph\">P\u00e4\u00e4t\u00f6s tarkoittaa, ett\u00e4 ven\u00e4l\u00e4iset hiihtot\u00e4hdet <strong>Saveli Korostelev<\/strong> ja <strong>Darja Neprjajeva<\/strong> voivat kilpailla viikonloppuna Davosin maailmancupissa normaalin tukiryhm\u00e4n kanssa.<\/p>\n<p>NEUTRAALIN STATUKSEN SAANEETUrheilijat<\/p>\n<p class=\"paragraph\"><strong>Ven\u00e4j\u00e4:<\/strong><\/p>\n<p class=\"paragraph\">Darja Neprjajeva (maastohiihto)<\/p>\n<p class=\"paragraph\">Anastasia Tatalina (freestylehiihto)<\/p>\n<p class=\"paragraph\">Saveli Korostelev (maastohiihto)<\/p>\n<p class=\"paragraph\"><strong>Valko-Ven\u00e4j\u00e4:<\/strong><\/p>\n<p class=\"paragraph\">Anastasiya Andryianava (freestylehiihto)<\/p>\n<p class=\"paragraph\">Anna Derugo (freestylehiihto)<\/p>\n<p class=\"paragraph\">Hanna Huskova (freestylehiihto)<\/p>\n<p class=\"paragraph\">Maria Shkanova (alppihiihto)<\/p>\n<p class=\"paragraph\">Ihar Drabiankou (freestylehiihto)<\/p>\n<p class=\"paragraph\">Uladzislau Vazniuk (freestylehiihto)<\/p>\n<p class=\"paragraph\">Hanna Matshakhina (maastohiihto)<\/p>\n<p class=\"paragraph\">Hanna Karaljova (maastohiihto)<\/p>\n<p>Taustahenkil\u00f6t<\/p>\n<p class=\"paragraph\"><strong>Ven\u00e4j\u00e4<\/strong><\/p>\n<p class=\"paragraph\">Jevgeni Uftikov (maastohiihto)<\/p>\n<p class=\"paragraph\"><strong>Valko-Ven\u00e4j\u00e4<\/strong><\/p>\n<p class=\"paragraph\">Aleh Bykauskikh (maastohiihto)<\/p>\n<p class=\"paragraph\">Ilja Ramanenka (maastohiihto)<\/p>\n<p><a href=\"https:\/\/www.iltalehti.fi\/telkku\/?utm_source=iltalehti.fi&amp;utm_medium=almainternal&amp;utm_campaign=urheilu_artikkelibanneri&amp;utm_content=banner_612_a\" rel=\"nofollow noopener\" target=\"_blank\"><img decoding=\"async\" src=\"https:\/\/www.europesays.com\/fi\/wp-content\/uploads\/2025\/08\/7ef604e47d46ca174b7df4149bd3557dbde56a86d520f8e1b2125548b0a2e03a.png\" alt=\"TV-ohjelmat t\u00e4n\u00e4\u00e4n, TV-opas\"\/><\/a><\/p>\n","protected":false},"excerpt":{"rendered":"Fis nimesi viisi nime\u00e4 neutraalien henkil\u00f6iden listalle. Saveli Korostelev kuului jo keskiviikkona julkaistujen nimien listalle. ZumaWire \/ MVphotos&hellip;\n","protected":false},"author":2,"featured_media":114004,"comment_status":"","ping_status":"","sticky":false,"template":"","format":"standard","meta":{"footnotes":""},"categories":[5],"tags":[35,22,23,26,27,33,31,30,17,2096,24,25,41,28,29,15,18,21,2668,32,1145,19,20,161,16],"class_list":{"0":"post-114003","1":"post","2":"type-post","3":"status-publish","4":"format-standard","5":"has-post-thumbnail","7":"category-otsikot","8":"tag-24h","9":"tag-breaking-news","10":"tag-breakingnews","11":"tag-featured-news","12":"tag-featurednews","13":"tag-fi","14":"tag-finland","15":"tag-finnish","16":"tag-headlines","17":"tag-hiihtolajit","18":"tag-latest-news","19":"tag-latestnews","20":"tag-liikunta-ja-urheilu","21":"tag-main-news","22":"tag-mainnews","23":"tag-news","24":"tag-otsikot","25":"tag-paauutiset","26":"tag-pohjoismaiset-hiihtolajit","27":"tag-suomi","28":"tag-talviurheilu","29":"tag-top-stories","30":"tag-topstories","31":"tag-urheilutapahtumat","32":"tag-uutiset"},"share_on_mastodon":{"url":"https:\/\/pubeurope.com\/@fi\/115703497957773571","error":""},"_links":{"self":[{"href":"https:\/\/www.europesays.com\/fi\/wp-json\/wp\/v2\/posts\/114003","targetHints":{"allow":["GET"]}}],"collection":[{"href":"https:\/\/www.europesays.com\/fi\/wp-json\/wp\/v2\/posts"}],"about":[{"href":"https:\/\/www.europesays.com\/fi\/wp-json\/wp\/v2\/types\/post"}],"author":[{"embeddable":true,"href":"https:\/\/www.europesays.com\/fi\/wp-json\/wp\/v2\/users\/2"}],"replies":[{"embeddable":true,"href":"https:\/\/www.europesays.com\/fi\/wp-json\/wp\/v2\/comments?post=114003"}],"version-history":[{"count":0,"href":"https:\/\/www.europesays.com\/fi\/wp-json\/wp\/v2\/posts\/114003\/revisions"}],"wp:featuredmedia":[{"embeddable":true,"href":"https:\/\/www.europesays.com\/fi\/wp-json\/wp\/v2\/media\/114004"}],"wp:attachment":[{"href":"https:\/\/www.europesays.com\/fi\/wp-json\/wp\/v2\/media?parent=114003"}],"wp:term":[{"taxonomy":"category","embeddable":true,"href":"https:\/\/www.europesays.com\/fi\/wp-json\/wp\/v2\/categories?post=114003"},{"taxonomy":"post_tag","embeddable":true,"href":"https:\/\/www.europesays.com\/fi\/wp-json\/wp\/v2\/tags?post=114003"}],"curies":[{"name":"wp","href":"https:\/\/api.w.org\/{rel}","templated":true}]}}