{"id":114005,"date":"2025-12-11T23:31:11","date_gmt":"2025-12-11T23:31:11","guid":{"rendered":"https:\/\/www.europesays.com\/fi\/114005\/"},"modified":"2025-12-11T23:31:11","modified_gmt":"2025-12-11T23:31:11","slug":"ruhtinas-albertin-ja-prinsessa-charlenen-kaksoset-jacques-ja-gabriella-tayttivat-11-vuotta","status":"publish","type":"post","link":"https:\/\/www.europesays.com\/fi\/114005\/","title":{"rendered":"Ruhtinas Albertin ja prinsessa Charlenen kaksoset Jacques ja Gabriella t\u00e4yttiv\u00e4t 11 vuotta"},"content":{"rendered":"<p>            All Over Press\n        <\/p>\n<p class=\"subtitle \">Monacon prinssi Jacques ja prinsessa Gabriella juhlistivat syntym\u00e4p\u00e4iv\u00e4\u00e4ns\u00e4 uusilla muotokuvilla.<\/p>\n<p class=\"article-content article-content-width !bg-background\">Ruhtinas  ja prinsessa  kaksoset, prinssi  ja prinsessa , t\u00e4yttiv\u00e4t 11 vuotta keskiviikkona 10. joulukuuta.<\/p>\n<p class=\"font-weight-bold m-font-weight-bold article-content article-content-width !bg-background\">Katso video: Euroopan rikkaimmat kuninkaalliset<\/p>\n<p class=\"article-content article-content-width !bg-background\">Juhlan kunniaksi Monacon palatsi julkaisi kolme uutta kuvaa lapsista.<\/p>\n<p class=\"article-content article-content-width !bg-background\">Kuvakaruselli alkaa otoksella, jossa prinssi Jacques ja prinsessa Gabriella poseeraavat samanlaisissa valkoisissa asuissa, Jacquesin k\u00e4si sisarensa ymp\u00e4rill\u00e4.<\/p>\n<p class=\"article-content article-content-width !bg-background\">Seuraana ovat prinssin ja prinsessan soolokuvat. Jacques poseeraa k\u00e4si leuan alla, valkoinen neule yll\u00e4\u00e4n,\u00a0Gabriella taas s\u00e4ken\u00f6i kimaltelevassa valkoisessa mekossa.<\/p>\n<p class=\"article-content article-content-width !bg-background\">\u2013 Hyv\u00e4\u00e4 syntym\u00e4p\u00e4iv\u00e4\u00e4 kruununprinssi Jacquesille ja prinsessa Gabriellalle, jotka juhlivat 11-vuotissyntym\u00e4p\u00e4iv\u00e4\u00e4ns\u00e4 t\u00e4n\u00e4\u00e4n, hoviv\u00e4ki kirjoitti Instagram-kuvien yhteyteen ranskaksi ja englanniksi.\u00a0<\/p>\n<p>        <a itemprop=\"url\" href=\"https:\/\/www.seiska.fi\/kuninkaalliset\/monacon-hallitsijaperhe-pukeutui-ykkosiin-jacquesin-asu-heratti-porua\/1999987\" rel=\"nofollow noopener\" target=\"_blank\"><\/p>\n<p>\nMonacon hallitsijaperhe pukeutui ykk\u00f6siin\n<\/p>\n<p class=\"section-date\">\n        <strong class=\"article-section\" data-section=\"kuninkaalliset\"><br \/>\n            kuninkaalliset<br \/>\n        <\/strong><br \/>\n        22.11. 19:00\n    <\/p>\n<p>Monacon hallitsijaperhe pukeutui ykk\u00f6siin \u2013 Jacquesin asu her\u00e4tti porua\n    <\/p>\n<p itemprop=\"description\" class=\"subtitle \">\n    Jopa monacolaisittain ensiluokkainen pukeutuminen nousi kansallisp\u00e4iv\u00e4n juhlan puheenaiheeksi.\n<\/p>\n<p>        <\/a><\/p>\n<p>Eroja luonteissa<\/p>\n<p class=\"article-content article-content-width !bg-background\">Vaikka Jacques ja Gabriella ovat kaksoset, ovat he kesken\u00e4\u00e4n hyvin erilaisia. Ruhtinas Albert on taannoin kertonut <a href=\"https:\/\/people.com\/royals\/prince-albert-monaco-talks-twins-homeschooling-prince-jacques-princess-gabriella-people-royals\/\" target=\"_blank\" rel=\"nofollow noopener\">Peoplelle<\/a> heid\u00e4n erilaisista persoonallisuuksistaan.\u00a0<\/p>\n<p class=\"article-content article-content-width !bg-background\">\u2013 Yleist\u00e4en Jacques on hieman ujompi ja rauhallisempi, mutta h\u00e4n osaa my\u00f6s heitt\u00e4\u00e4 todella hauskoja juttuja, ruhtinas kertoi vuonna 2021, kun kaksoset olivat 6-vuotiaita.\u00a0<\/p>\n<p class=\"article-content article-content-width !bg-background\">\u2013 H\u00e4n on loistava tarkkailija ja tykk\u00e4\u00e4 arvioida tilanteen. Sitten h\u00e4n tarttuu toimeen.<\/p>\n<p class=\"article-content article-content-width !bg-background\">Gabriella taas on is\u00e4ns\u00e4 mukaan\u00a0hieman ulosp\u00e4insuuntautuneempi, ja h\u00e4nell\u00e4 on hyv\u00e4t puhelahjat.<\/p>\n<p class=\"article-content article-content-width !bg-background\">\u2013 H\u00e4n on persoona, joka rakastaa tanssia ja laulua. H\u00e4n ei arastele olla ihmisten edess\u00e4, Albert sanoi.<\/p>\n<p>        <a itemprop=\"url\" href=\"https:\/\/www.seiska.fi\/kuninkaalliset\/ruhtinatar-charlene-purskahti-itkuun-kuvat\/1994640\" rel=\"nofollow noopener\" target=\"_blank\"><\/p>\n<p>\nKuvat!\n<\/p>\n<p class=\"section-date\">\n        <strong class=\"article-section\" data-section=\"kuninkaalliset\"><br \/>\n            kuninkaalliset<br \/>\n        <\/strong><br \/>\n        17.11. 10:57\n    <\/p>\n<p>Ruhtinatar Charlene purskahti itkuun \u2013 kuvat\n    <\/p>\n<p itemprop=\"description\" class=\"subtitle \">\n    Vakavailmeisyydest\u00e4\u00e4n tunnettu Charlene ei peitellyt tunteitaan t\u00e4ll\u00e4 kertaa.\n<\/p>\n<p>        <\/a><\/p>\n<p>Perhepotretti joulun kunniaksi<\/p>\n<p class=\"article-content article-content-width !bg-background\">Uusien syntt\u00e4rimuotokuvien lis\u00e4ksi kaksoset poseerasivat hiljattain perheens\u00e4 joulukortissa.<\/p>\n<p class=\"article-content article-content-width !bg-background\">Palatsi julkaisi 7. joulukuuta uuden, jouluisen muotokuvan ruhtinas Albertista, prinsessa Charlenesta ja heid\u00e4n kaksosistaan. Ruhtinasperhe oli kokoontunut juhlavasti koristellun takan ja kuusen \u00e4\u00e4relle, ja seurueeseen oli liittynyt my\u00f6s heid\u00e4n koiransa Harley.<\/p>\n<p class=\"article-content article-content-width !bg-background\">Pieni 8-vuotias chihuahua istui kuvassa sohvalla prinsessa Charlenen ja prinsessa Gabriellan v\u00e4liss\u00e4.<\/p>\n<p>        <a itemprop=\"url\" href=\"https:\/\/www.seiska.fi\/kuninkaalliset\/ruhtinatar-charlene-pelmahti-kameroiden-eteen-yllattavan-seuralaisen-kanssa-kuvat\/1981374\" rel=\"nofollow noopener\" target=\"_blank\"><\/p>\n<p>\nKuvat!\n<\/p>\n<p class=\"section-date\">\n        <strong class=\"article-section\" data-section=\"kuninkaalliset\"><br \/>\n            kuninkaalliset<br \/>\n        <\/strong><br \/>\n        4.11. 14:30\n    <\/p>\n<p>Ruhtinatar Charlene pelmahti kameroiden eteen yll\u00e4tt\u00e4v\u00e4n seuralaisen kanssa \u2013 kuvat!\n    <\/p>\n<p itemprop=\"description\" class=\"subtitle \">\n    Albert loisti poissaolollaan Charlenen osallistuessa h\u00e4nelle t\u00e4rke\u00e4\u00e4n tapahtumaan.\n<\/p>\n<p>        <\/a><\/p>\n","protected":false},"excerpt":{"rendered":"All Over Press Monacon prinssi Jacques ja prinsessa Gabriella juhlistivat syntym\u00e4p\u00e4iv\u00e4\u00e4ns\u00e4 uusilla muotokuvilla. Ruhtinas ja prinsessa kaksoset, prinssi&hellip;\n","protected":false},"author":2,"featured_media":114006,"comment_status":"","ping_status":"","sticky":false,"template":"","format":"standard","meta":{"footnotes":""},"categories":[136],"tags":[407,137,33,31,30,408,212,2637,2642,20960,18936,18935,7070,32,410,109],"class_list":{"0":"post-114005","1":"post","2":"type-post","3":"status-publish","4":"format-standard","5":"has-post-thumbnail","7":"category-julkkikset","8":"tag-celebrities","9":"tag-entertainment","10":"tag-fi","11":"tag-finland","12":"tag-finnish","13":"tag-julkkikset","14":"tag-lifestyle","15":"tag-monaco","16":"tag-monacon-ruhtinaspari","17":"tag-prinsessa-charlene","18":"tag-prinsessa-gabriella","19":"tag-prinssi-jacques","20":"tag-ruhtinas-albert","21":"tag-suomi","22":"tag-syntymapaiva","23":"tag-viihde"},"share_on_mastodon":{"url":"https:\/\/pubeurope.com\/@fi\/115703544774935154","error":""},"_links":{"self":[{"href":"https:\/\/www.europesays.com\/fi\/wp-json\/wp\/v2\/posts\/114005","targetHints":{"allow":["GET"]}}],"collection":[{"href":"https:\/\/www.europesays.com\/fi\/wp-json\/wp\/v2\/posts"}],"about":[{"href":"https:\/\/www.europesays.com\/fi\/wp-json\/wp\/v2\/types\/post"}],"author":[{"embeddable":true,"href":"https:\/\/www.europesays.com\/fi\/wp-json\/wp\/v2\/users\/2"}],"replies":[{"embeddable":true,"href":"https:\/\/www.europesays.com\/fi\/wp-json\/wp\/v2\/comments?post=114005"}],"version-history":[{"count":0,"href":"https:\/\/www.europesays.com\/fi\/wp-json\/wp\/v2\/posts\/114005\/revisions"}],"wp:featuredmedia":[{"embeddable":true,"href":"https:\/\/www.europesays.com\/fi\/wp-json\/wp\/v2\/media\/114006"}],"wp:attachment":[{"href":"https:\/\/www.europesays.com\/fi\/wp-json\/wp\/v2\/media?parent=114005"}],"wp:term":[{"taxonomy":"category","embeddable":true,"href":"https:\/\/www.europesays.com\/fi\/wp-json\/wp\/v2\/categories?post=114005"},{"taxonomy":"post_tag","embeddable":true,"href":"https:\/\/www.europesays.com\/fi\/wp-json\/wp\/v2\/tags?post=114005"}],"curies":[{"name":"wp","href":"https:\/\/api.w.org\/{rel}","templated":true}]}}