{"id":114007,"date":"2025-12-11T23:38:10","date_gmt":"2025-12-11T23:38:10","guid":{"rendered":"https:\/\/www.europesays.com\/fi\/114007\/"},"modified":"2025-12-11T23:38:10","modified_gmt":"2025-12-11T23:38:10","slug":"kupslle-todella-kova-eurohaaste-pakko-voittaa-crystal-palace","status":"publish","type":"post","link":"https:\/\/www.europesays.com\/fi\/114007\/","title":{"rendered":"KuPS:lle todella kova eurohaaste \u2013\u2009Pakko voittaa Crystal Palace"},"content":{"rendered":"<p>KuPS j\u00e4i 0\u20130-tasapeliin Lausannen kanssa.<\/p>\n<p><img decoding=\"async\" class=\"image image-show image-preview\" src=\"https:\/\/www.europesays.com\/fi\/wp-content\/uploads\/2025\/12\/4a13b7b45e68858d4b605c86efaa70e0da9d63a15f76293fbf2793efec4d5b6e.jpg\" alt=\"\"\/><img decoding=\"async\" class=\"image image-show\" src=\"https:\/\/www.europesays.com\/fi\/wp-content\/uploads\/2025\/12\/1765496290_359_4a13b7b45e68858d4b605c86efaa70e0da9d63a15f76293fbf2793efec4d5b6e.jpg\" alt=\"\"\/><\/p>\n<p>Ibrahim Ciss\u00e9n (toinen oik.) pallonmenetys oli l\u00e4hell\u00e4 kostautua. <\/p>\n<p class=\"paragraph\">Panokset eiv\u00e4t voineet olla korkeammat Tammelan stadionilla, kun KuPS aloitti keinovaloissa Konferenssiliigan viimeisen kotipelins\u00e4.<\/p>\n<p class=\"paragraph\">Uefan m\u00e4\u00e4r\u00e4\u00e4m\u00e4 alkamisaika kello 22.00 osui kipe\u00e4sti kuopiolaisiin, joiden piti joka tapauksessa matkustaa 300 kilometri\u00e4 l\u00e4himm\u00e4lle eurokelpoiselle stadionille.<\/p>\n<p class=\"paragraph\">Mutta juuri torstaina Keltamustien fanien merkitys oli mittaamaton, kun vastaan asettui sveitsil\u00e4isseura Lausanne.<\/p>\n<p class=\"paragraph\">Kotivoitto olisi nostanut KuPS:n k\u00e4yt\u00e4nn\u00f6ss\u00e4 varmasti kev\u00e4\u00e4n pudotuspelikierroksille. Yksik\u00e4\u00e4n suomalaisseura ei ole aiemmin p\u00e4\u00e4ssyt miss\u00e4\u00e4n eurocupissa jatkoon liiga- tai lohkovaiheesta.<\/p>\n<p class=\"paragraph\">Ensimm\u00e4iset minuutit k\u00e4ynnistyiv\u00e4t tunnustellen, mutta KuPS:n ei viel\u00e4 tarvinnut h\u00e4vet\u00e4 pelirohkeuden puutetta.<\/p>\n<p class=\"paragraph\">Savolaiset saivat muutaman lupaavan hy\u00f6kk\u00e4ysaihion, mutta varsinaisille maalipaikoille asti se ei p\u00e4\u00e4ssyt.<\/p>\n<p class=\"paragraph\">KuPS:n puolalaist\u00e4hti <strong>Piotr Parzyszek<\/strong> yritti optimistista viimeistely\u00e4 40 metrist\u00e4, mutta ei saanut palloon tarvittavaa voimaa.<\/p>\n<p class=\"paragraph\">Avausjakson paras paikka lankesi Lausannen <strong>Nathan Butler-Oyedejille<\/strong>, jonka laukauksen KuPS-veskari <strong>Johannes Kreidl<\/strong> nyrkkeili varmasti.<\/p>\n<p>Ote Lausannelle<\/p>\n<p class=\"paragraph\">Toisella jaksolla pelin painopiste alkoi k\u00e4\u00e4nty\u00e4 kuitenkin yh\u00e4 enenev\u00e4ss\u00e4 m\u00e4\u00e4rin vierasjoukkueelle.<\/p>\n<p class=\"paragraph\">Ottelun tempo oli selv\u00e4sti korkeampi kuin kotimaisessa Veikkausliigassa, ja mit\u00e4 pidemm\u00e4lle ottelu eteni, sit\u00e4 suuremmaksi kasvoi KuPS-pelaajien virheiden m\u00e4\u00e4r\u00e4.<\/p>\n<p class=\"paragraph\">Lausanne p\u00e4\u00e4si vy\u00f6rytt\u00e4m\u00e4\u00e4n hy\u00f6kk\u00e4yksi\u00e4 jatkuvasti kohti Kreidlin maalia.<\/p>\n<p class=\"paragraph\">Pelottavin hetki n\u00e4htiin, kun <strong>Gaoussou Diakit\u00e9<\/strong> varasti pallon huolimattomasti pelanneelta <strong>Ibrahim Ciss\u00e9lt\u00e4<\/strong>. KuPS:n onneksi malilaishy\u00f6kk\u00e4\u00e4j\u00e4 suttasi vetonsa kuitenkin tolppaan ja sit\u00e4 kautta maalipotkuksi.<\/p>\n<p>KuPS:n Bob Nii Armah (vas.) yritti napata pallon pois Lausannen Morgan Poatylta.  KIMMO BRANDT \/ EPA \/ AOP<\/p>\n<p class=\"paragraph\">Ukrainalaiserotuomari <strong>Oleksii Derevinskyi<\/strong> antoi rankkarin KuPS:lle 70. minuutilla, mutta se vedettiin kuitenkin takaisin var-tarkastuksessa.<\/p>\n<p class=\"paragraph\">Aivan ottelun lopussa KuPS sai pienen paineen my\u00f6s Lausanne-maalille, mutta t\u00e4ysosumia ei Tammelassa n\u00e4hty. <strong>Otto Ruopin<\/strong> veto 88. minuutilla viuhui ik\u00e4v\u00e4sti maalin editse ohi maalin.<\/p>\n<p class=\"paragraph\">0\u20130-tasapeli tarkoittaa sit\u00e4, ett\u00e4 KuPS nousee Konferenssiliigan kuuteen pisteeseen, mik\u00e4 ei tule riitt\u00e4m\u00e4\u00e4n jatkopeleihin.<\/p>\n<p class=\"paragraph\">Toisin sanoen savolaisten on haettava vierasvoitto ensi torstaina Lontoon-reissulta, kun se kohtaa Valioliigassa hurjassa vireess\u00e4 olevan Crystal Palacen.<\/p>\n<p class=\"paragraph\">\u2013\u2009Nyt ei voi laittaa lekkeriksi Selhurst Parkilla. On pakko yritt\u00e4\u00e4 tosissaan, p\u00e4\u00e4valmentaja <strong>Jarkko Wiss<\/strong> vitsaili Viaplayn haastattelussa.<\/p>\n<p class=\"paragraph\">\u2013\u2009Huilataan viikonloppu, maanantaina treenataan ja tiistaina matkustetaan sinne.<\/p>\n<p class=\"paragraph\">Crystal Palace voitti omassa ottelussaan Shelbournen 3\u20130, ja varmisti samalla jatkopaikkansa kev\u00e4\u00e4n pudotuspelikierrokselta. Manageri <strong>Oliver Glasner<\/strong> saattaakin lepuuttaa ykk\u00f6smiehist\u00f6\u00e4\u00e4n viimeisell\u00e4 kierroksella.<\/p>\n<p class=\"paragraph\">Huuhkajat-peluri <strong>Topi Keskinen<\/strong> pelasi 66 minuuttia Aberdeenin avauskokoonpanossa. Skottiseura koki karvaan tappion kotonaan Strasbourgille.<\/p>\n<p class=\"paragraph\">Alkuillasta <strong>Kaan Kairinen<\/strong> pelasi t\u00e4ydet minuutit Sparta Prahan voitto-ottelussa. Maajoukkueeseen murtautunut <strong>Adrian Svanb\u00e4ck<\/strong> pelasi 78 minuuttia H\u00e4cken-paidassa, kun ruotsalaisseura j\u00e4i 1\u20131-tasapeliin AEK Larnakan kanssa.<\/p>\n","protected":false},"excerpt":{"rendered":"KuPS j\u00e4i 0\u20130-tasapeliin Lausannen kanssa. Ibrahim Ciss\u00e9n (toinen oik.) pallonmenetys oli l\u00e4hell\u00e4 kostautua. Panokset eiv\u00e4t voineet olla korkeammat&hellip;\n","protected":false},"author":2,"featured_media":114008,"comment_status":"","ping_status":"","sticky":false,"template":"","format":"standard","meta":{"footnotes":""},"categories":[158],"tags":[35,33,31,30,43,42,41,159,44,32,160,45],"class_list":{"0":"post-114007","1":"post","2":"type-post","3":"status-publish","4":"format-standard","5":"has-post-thumbnail","7":"category-urheilu","8":"tag-24h","9":"tag-fi","10":"tag-finland","11":"tag-finnish","12":"tag-jalkapallo","13":"tag-jalkapalloon-perustuvat-lajit","14":"tag-liikunta-ja-urheilu","15":"tag-sports","16":"tag-suomen-jalkapallo","17":"tag-suomi","18":"tag-urheilu","19":"tag-veikkausliiga"},"share_on_mastodon":{"url":"https:\/\/pubeurope.com\/@fi\/115703572731384862","error":""},"_links":{"self":[{"href":"https:\/\/www.europesays.com\/fi\/wp-json\/wp\/v2\/posts\/114007","targetHints":{"allow":["GET"]}}],"collection":[{"href":"https:\/\/www.europesays.com\/fi\/wp-json\/wp\/v2\/posts"}],"about":[{"href":"https:\/\/www.europesays.com\/fi\/wp-json\/wp\/v2\/types\/post"}],"author":[{"embeddable":true,"href":"https:\/\/www.europesays.com\/fi\/wp-json\/wp\/v2\/users\/2"}],"replies":[{"embeddable":true,"href":"https:\/\/www.europesays.com\/fi\/wp-json\/wp\/v2\/comments?post=114007"}],"version-history":[{"count":0,"href":"https:\/\/www.europesays.com\/fi\/wp-json\/wp\/v2\/posts\/114007\/revisions"}],"wp:featuredmedia":[{"embeddable":true,"href":"https:\/\/www.europesays.com\/fi\/wp-json\/wp\/v2\/media\/114008"}],"wp:attachment":[{"href":"https:\/\/www.europesays.com\/fi\/wp-json\/wp\/v2\/media?parent=114007"}],"wp:term":[{"taxonomy":"category","embeddable":true,"href":"https:\/\/www.europesays.com\/fi\/wp-json\/wp\/v2\/categories?post=114007"},{"taxonomy":"post_tag","embeddable":true,"href":"https:\/\/www.europesays.com\/fi\/wp-json\/wp\/v2\/tags?post=114007"}],"curies":[{"name":"wp","href":"https:\/\/api.w.org\/{rel}","templated":true}]}}