{"id":114031,"date":"2025-12-12T00:11:08","date_gmt":"2025-12-12T00:11:08","guid":{"rendered":"https:\/\/www.europesays.com\/fi\/114031\/"},"modified":"2025-12-12T00:11:08","modified_gmt":"2025-12-12T00:11:08","slug":"nain-helposti-voi-jatkossa-saada-potkut-raju-arvio-julki","status":"publish","type":"post","link":"https:\/\/www.europesays.com\/fi\/114031\/","title":{"rendered":"N\u00e4in helposti voi jatkossa saada potkut \u2013 Raju arvio julki"},"content":{"rendered":"<p>Ty\u00f6el\u00e4m\u00e4- ja tasa-arvovaliokunnan mietint\u00f6 paljon hallituksen sis\u00e4ll\u00e4kin riitoja aiheuttaneesta ty\u00f6ntekij\u00e4n henkil\u00f6\u00f6n liittyv\u00e4n irtisanomisperusteen muuttamisesta on vihdoin valmis. <\/p>\n<p class=\"paragraph\">Koska ty\u00f6ntekij\u00e4n irtisanomissuoja heikkenee, lakia on moitittu oppositiosta k\u00e4sin \u201dpotkulaiksi\u201d.<\/p>\n<p class=\"paragraph\">Hallituksen mukaan kyse on kuitenkin ty\u00f6llist\u00e4misen esteiden purkamisesta ja erityisesti pienten ja keskisuurten yritysten toimintaedellytysten parantamisesta. Toisin sanoen olisi entist\u00e4 riskitt\u00f6m\u00e4mp\u00e4\u00e4 palkata ihminen t\u00f6ihin.<\/p>\n<p class=\"paragraph\">Nyky\u00e4\u00e4n henkil\u00f6perusteiseen irtisanomiseen vaaditaan asiallisen syyn lis\u00e4ksi painava syy. Esitetyss\u00e4 lains\u00e4\u00e4d\u00e4nn\u00f6ss\u00e4 pelk\u00e4st\u00e4\u00e4n asiallinen syy riitt\u00e4isi. Esityst\u00e4 laadittaessa oppositiossa oli my\u00f6s yrityst\u00e4 saada sanan asiallinen tilalle sana p\u00e4tev\u00e4. T\u00e4m\u00e4 ei hallitukselle kelvannut.<\/p>\n<p class=\"paragraph\">Hallitus oli jo aiemmin riidellyt kesken\u00e4\u00e4n siit\u00e4, kirjataanko alisuoriutumista irtisanomisperusteeksi. Perussuomalaisten vastustuksen vuoksi t\u00e4st\u00e4 per\u00e4\u00e4nnyttiin jo hyv\u00e4n aikaa sitten.<\/p>\n<p>Alisuoriutumiseen ei puututa<\/p>\n<p class=\"paragraph\">Ty\u00f6el\u00e4m\u00e4- ja tasa-arvovaliokunnan puheenjohtaja <a href=\"https:\/\/www.iltalehti.fi\/henkilot\/Arto Satonen\" class=\"article-link-person-page\" rel=\"nofollow noopener\" target=\"_blank\">Arto Satonen<\/a> totesi t\u00e4n\u00e4\u00e4n eduskunnan valtiosalissa j\u00e4rjestetyss\u00e4 valiokuntaj\u00e4senten tiedotustilaisuudessa, ett\u00e4 lakimuutoksen tavoite on purkaa ty\u00f6llist\u00e4misen esteit\u00e4. H\u00e4nen mukaansa asia etenee hallituksen esityksen mukaisena.<\/p>\n<p class=\"paragraph\">Tulevan oikeusk\u00e4yt\u00e4nn\u00f6n varaan j\u00e4\u00e4 se, kuinka paljon irtisanomiskynnys madaltuu.<\/p>\n<p class=\"paragraph\">Satonen huomautti, ett\u00e4 alisuoriutuminen on k\u00e4yt\u00e4nn\u00f6ss\u00e4 t\u00e4ll\u00e4kin hetkell\u00e4 irtisanomisperuste. Uudella lailla sit\u00e4 ei muuteta, se j\u00e4\u00e4 entiselleen.<\/p>\n<p class=\"paragraph\">\u2013 Irtisanominen perustuu aina kokonaisharkintaan ja siin\u00e4 voidaan huomioida esimerkiksi yrityksen koko.<\/p>\n<p class=\"paragraph\">Valiokunnan puheenjohtaja nosti esiin my\u00f6s ty\u00f6nantajan ty\u00f6ntekij\u00e4n uudelleensijoittamisvelvollisuuden muuttumisen. Jatkossa ty\u00f6nantajan pit\u00e4\u00e4 l\u00f6yt\u00e4\u00e4 uusi ty\u00f6paikka saman ty\u00f6nantajan palveluksessa vain tapauksissa, joissa ty\u00f6ntekij\u00e4n ty\u00f6kyky on olennaisesti muuttunut.<\/p>\n<p>Kolme lausumaa \u2013 OAJ:ssa n\u00e4rk\u00e4stys<\/p>\n<p class=\"paragraph\">Valiokunta esitt\u00e4\u00e4 mietinn\u00f6ss\u00e4\u00e4n t\u00e4ysistunnolle hyv\u00e4ksytt\u00e4v\u00e4ksi kolme lausumaa. Niiden mukaan valtioneuvoston on seurattava lakimuutosten vaikutuksia raskaus- ja perhevapaasyrjinn\u00e4n lis\u00e4\u00e4ntymiseen, ty\u00f6ntekij\u00f6iden asemaan ja ty\u00f6llisyyteen sek\u00e4 k\u00e4yt\u00e4nn\u00f6n vaikutuksia irtisanomiskynnykseen. Selvitykset on teht\u00e4v\u00e4 vuoden 2028 loppuun menness\u00e4.<\/p>\n<p class=\"paragraph\">Lausumiin tuli yll\u00e4tt\u00e4en kirjatuksi my\u00f6s se, ett\u00e4 valtioneuvosto arvioi tarvetta ulottaa muutokset my\u00f6s virkasuhteessa teht\u00e4v\u00e4\u00e4n ty\u00f6h\u00f6n. T\u00e4t\u00e4 lausumaa oppositiosta vastustettiin.<\/p>\n<p class=\"paragraph\">Satonen perusteli medialle hallituspuolueilta valiokuntak\u00e4sittelyn aikana tullutta lausumaa sill\u00e4, ett\u00e4 virkasuhteisten irtisanomiskynnys on jo t\u00e4ll\u00e4kin hetkell\u00e4 korkeammalla tasolla kuin ty\u00f6ntekij\u00f6iden.<\/p>\n<p class=\"paragraph\">Esimerkiksi Opetusalan ammattij\u00e4rjest\u00f6 OAJ:ssa <a href=\"https:\/\/www.oaj.fi\/ajankohtaista\/uutiset-ja-tiedotteet\/2025\/irtisanomisten-helpottamista-kaavaillaan-myos-virkasuhteisiin\/\" target=\"_blank\" rel=\"noopener nofollow\">kimpaannuttiin v\u00e4litt\u00f6m\u00e4sti siit\u00e4<\/a>, ett\u00e4 irtisanomisen helpottamista pohditaan tulevaisuudessa my\u00f6s virkasuhteisiin.<\/p>\n<p>\u201dKukaan ei pysty sanomaan\u201d<\/p>\n<p class=\"paragraph\">Valiokunnan varapuheenjohtaja <a href=\"https:\/\/www.iltalehti.fi\/henkilot\/Lauri Lyly\" class=\"article-link-person-page\" rel=\"nofollow noopener\" target=\"_blank\">Lauri Lyly<\/a> (sd) ei l\u00f6yt\u00e4nyt lakiesityksest\u00e4 oikeastaan mit\u00e4\u00e4n hyv\u00e4\u00e4. H\u00e4n luonnehti sen olevan jatkumoa toimille, joita palkansaajapuoli vastustaa ja ty\u00f6nantajapuoli kannattaa.<\/p>\n<p>Kuvassa ty\u00f6el\u00e4m\u00e4- ja tasa-arvovaliokunnan puheenjohtaja Lauri Lyly (sd). H\u00e4nen vierell\u00e4\u00e4n kansanedustaja Saara-Sofia Sir\u00e9n (kok). Hanne Salonen \/ Eduskunta<\/p>\n<p class=\"paragraph\">SDP, vihre\u00e4t ja vasemmistoliitto j\u00e4ttiv\u00e4t valiokunnan mietint\u00f6\u00f6n yhteisen vastalauseen ja keskusta omansa. Lakiesityksest\u00e4 v\u00e4\u00e4nnet\u00e4\u00e4n paraikaa eduskunnan istuntosalissa ja luvassa saattaa olla viivytystaistelu, kuten <a href=\"https:\/\/www.iltalehti.fi\/politiikka\/067af3e3-ea8a-4d75-89f7-e6da50c67c57\" rel=\"nofollow noopener\" target=\"_blank\">Iltalehti on kertonut<\/a>. Kev\u00e4tkauteen oppositio tuskin pystyy keskustelua viivytt\u00e4m\u00e4\u00e4n.<\/p>\n<p class=\"paragraph\">\u2013 Potkulaki on askel kohti tuntematonta. Ei tiedet\u00e4, mik\u00e4 irtisanomiskynnyksen laskemisen suuruus on. Kukaan ei t\u00e4n\u00e4\u00e4n pysty sanomaan, mille tasolle kynnys laskee, Lauri Lyly luonnehti iltap\u00e4iv\u00e4n tiedotustilaisuudessa.<\/p>\n<p class=\"paragraph\">Kun painava syy irtisanomisen perusteena poistuu, kest\u00e4\u00e4 pitk\u00e4\u00e4n, ennen kuin oikeusk\u00e4yt\u00e4nt\u00f6 vakiintuu ja selvi\u00e4\u00e4, mille tasolle irtisanomisten m\u00e4\u00e4r\u00e4 asettuu.<\/p>\n<p>My\u00f6s some-k\u00e4yt\u00f6s nousee esiin<\/p>\n<p class=\"paragraph\">Lyly totesi, ett\u00e4 lakiesitys koskee kaikenkokoisia yrityksi\u00e4. Henkil\u00f6perusteisesti vuodessa irtisanotaan t\u00e4ll\u00e4 hetkell\u00e4 noin 12 400 henkil\u00f6\u00e4. Koeaikana p\u00e4\u00e4tet\u00e4\u00e4n noin 14 600 ty\u00f6suhdetta.<\/p>\n<p class=\"paragraph\">Lylyn mukaan hallituksen uudistuksesta k\u00e4rsiv\u00e4t alat, joilla ei ole ty\u00f6ehtosopimuksin teksteiss\u00e4 asiallista ja painavaa syyt\u00e4 mainittuna eli eniten matalapalkkaiset ja naisvaltaiset alat.<\/p>\n<p class=\"paragraph\">Vihreiden kansanedustaja <a href=\"https:\/\/www.iltalehti.fi\/henkilot\/Fatim Diarra\" class=\"article-link-person-page\" rel=\"nofollow noopener\" target=\"_blank\">Fatim Diarra<\/a> pit\u00e4\u00e4 ongelmallisena sit\u00e4, ett\u00e4 irtisanomiskynnyst\u00e4 alennettaessa ei otettu mukaan pakollista kirjallisen varoituksen k\u00e4ytt\u00f6\u00e4. Se auttaisi ty\u00f6antajiakin v\u00e4ltt\u00e4m\u00e4\u00e4n oikeusriitoja.<\/p>\n<p>Kansanedustaja Fatim Diarra (vihr). Roosa Br\u00f6ijer<\/p>\n<p class=\"paragraph\">Diarra kantaa huolta siit\u00e4, ett\u00e4 laki lis\u00e4\u00e4 perhevapaa- ja raskaussyrjint\u00e4\u00e4. Satonen puolestaan painottaa, ett\u00e4 syrjint\u00e4 on yksiselitteisesti lain vastaista ja riski on todella v\u00e4h\u00e4inen.<\/p>\n<p class=\"paragraph\">\u2013 Todella moni asiantuntija nosti esiin sen, ett\u00e4 riski raskaus- ja perhevapaasyrjint\u00e4\u00e4n kasvaa, Diarra huomauttaa.<\/p>\n<p class=\"paragraph\">Lyly arveli, ett\u00e4 my\u00f6s ty\u00f6ntekij\u00f6iden some-k\u00e4ytt\u00e4ytyminen voi tulla uuden lain my\u00f6t\u00e4 eri tavalla arvioitavaksi kuin ennen.<\/p>\n<p>Bergbom: Virherekrytointi voi olla kohtalokas<\/p>\n<p class=\"paragraph\">Keskustan valiokuntaj\u00e4sen <a href=\"https:\/\/www.iltalehti.fi\/henkilot\/Olga Oinas-Panuma\" class=\"article-link-person-page\" rel=\"nofollow noopener\" target=\"_blank\">Olga Oinas-Panuma<\/a> kertoi puolueensa esitt\u00e4v\u00e4n omaa mallia. Irtisanomisten helpottaminen rajattaisiin koskemaan vain alle 20 henkil\u00f6\u00e4 ty\u00f6llist\u00e4vi\u00e4 yrityksi\u00e4.<\/p>\n<p class=\"paragraph\">\u2013 Mallissamme rajattaisiin pois iso osa julkisista naisvaltaisista aloista, joissa ty\u00f6el\u00e4m\u00e4 jo nyt on usein melko p\u00e4tkitt\u00e4ist\u00e4 ja repaleista.<\/p>\n<p class=\"paragraph\">Lauri Lyly ja Olga Oinas-Panuma valittivat molemmat, ettei hallituksen esityksell\u00e4 ole ty\u00f6llisyysarvioita. Oinas-Panuma piikitteli, ett\u00e4 todenn\u00e4k\u00f6isesti ty\u00f6llisyysvaikutuksia tulee ainakin ty\u00f6oikeusjuristeille, kun he p\u00e4\u00e4sev\u00e4t ennakkotapausten pariin.<\/p>\n<p class=\"paragraph\">Satosen mukaan ty\u00f6llisyysvaikutuksia voi olla mutta siit\u00e4 ei ole tutkimusta. Ty\u00f6n tuottavuuteen on kuitenkin Satosen mukaan todenn\u00e4k\u00f6isesti positiivisia vaikutuksia, koska ihmiset p\u00e4\u00e4tyv\u00e4t ty\u00f6teht\u00e4viin, johon parhaiten soveltuvat.<\/p>\n<p class=\"paragraph\">Hallituspuolue perussuomalaisten kansanedustaja <a href=\"https:\/\/www.iltalehti.fi\/henkilot\/Miko Bergbom\" class=\"article-link-person-page\" rel=\"nofollow noopener\" target=\"_blank\">Miko Bergbom<\/a> painotti, ett\u00e4 pienyritt\u00e4j\u00e4t ja mikroyritt\u00e4j\u00e4t kokevat irtisanomisen kynnyksen olevan t\u00e4ll\u00e4 hetkell\u00e4 liian korkea. Virherekrytointi voi pahimmillaan kaataa pienen yrityksen. Uuden lain my\u00f6t\u00e4 pienet ty\u00f6nantajat uskaltaisivat entist\u00e4 paremmin palkata ty\u00f6ntekij\u00e4n.<\/p>\n<p>Perussuomalaisten kansanedustaja Miko Bergbom. Roosa Br\u00f6ijer<\/p>\n<p class=\"paragraph\">Bergbomin mukaan lakimuutos ei mahdollista p\u00e4rst\u00e4kertoimella irtisanomista.<\/p>\n<p class=\"paragraph\">\u2013 P\u00e4rst\u00e4kerroin-irtisanominen on l\u00e4hemp\u00e4n\u00e4 vasemmisto-propagandaa kuin todellisuutta.<\/p>\n<p class=\"paragraph\">RKP:n kansanedustaja <a href=\"https:\/\/www.iltalehti.fi\/henkilot\/Anders Norrback\" class=\"article-link-person-page\" rel=\"nofollow noopener\" target=\"_blank\">Anders Norrback<\/a> uskoo, ett\u00e4 riskin madaltaminen ty\u00f6ntekij\u00e4n palkkaamisessa lis\u00e4\u00e4 ty\u00f6paikkoja.<\/p>\n<p class=\"paragraph\">Ty\u00f6ministeri <a href=\"https:\/\/www.iltalehti.fi\/henkilot\/Matias Marttinen\" class=\"article-link-person-page\" rel=\"nofollow noopener\" target=\"_blank\">Matias Marttinen<\/a> (kok) sanoi t\u00e4n\u00e4\u00e4n medialle eduskunnassa, ett\u00e4 uusi laki madaltaa maltillisesti irtisanomiskynnyst\u00e4 ja rohkaisee yritt\u00e4ji\u00e4 ty\u00f6llist\u00e4m\u00e4\u00e4n. Ty\u00f6ntekij\u00f6iden turva s\u00e4ilyy h\u00e4nen mukaansa kuitenkin vahvana.<\/p>\n","protected":false},"excerpt":{"rendered":"Ty\u00f6el\u00e4m\u00e4- ja tasa-arvovaliokunnan mietint\u00f6 paljon hallituksen sis\u00e4ll\u00e4kin riitoja aiheuttaneesta ty\u00f6ntekij\u00e4n henkil\u00f6\u00f6n liittyv\u00e4n irtisanomisperusteen muuttamisesta on vihdoin valmis. Koska&hellip;\n","protected":false},"author":2,"featured_media":114032,"comment_status":"","ping_status":"","sticky":false,"template":"","format":"standard","meta":{"footnotes":""},"categories":[5],"tags":[35,22,23,26,27,33,31,30,17,24,25,28,29,15,18,21,637,886,888,885,887,32,19,20,16],"class_list":{"0":"post-114031","1":"post","2":"type-post","3":"status-publish","4":"format-standard","5":"has-post-thumbnail","7":"category-otsikot","8":"tag-24h","9":"tag-breaking-news","10":"tag-breakingnews","11":"tag-featured-news","12":"tag-featurednews","13":"tag-fi","14":"tag-finland","15":"tag-finnish","16":"tag-headlines","17":"tag-latest-news","18":"tag-latestnews","19":"tag-main-news","20":"tag-mainnews","21":"tag-news","22":"tag-otsikot","23":"tag-paauutiset","24":"tag-politiikka","25":"tag-puolueet","26":"tag-suomalaiset-poliitikot","27":"tag-suomen-poliittiset-puolueet","28":"tag-suomen-politiikka","29":"tag-suomi","30":"tag-top-stories","31":"tag-topstories","32":"tag-uutiset"},"share_on_mastodon":{"url":"https:\/\/pubeurope.com\/@fi\/115703702017422521","error":""},"_links":{"self":[{"href":"https:\/\/www.europesays.com\/fi\/wp-json\/wp\/v2\/posts\/114031","targetHints":{"allow":["GET"]}}],"collection":[{"href":"https:\/\/www.europesays.com\/fi\/wp-json\/wp\/v2\/posts"}],"about":[{"href":"https:\/\/www.europesays.com\/fi\/wp-json\/wp\/v2\/types\/post"}],"author":[{"embeddable":true,"href":"https:\/\/www.europesays.com\/fi\/wp-json\/wp\/v2\/users\/2"}],"replies":[{"embeddable":true,"href":"https:\/\/www.europesays.com\/fi\/wp-json\/wp\/v2\/comments?post=114031"}],"version-history":[{"count":0,"href":"https:\/\/www.europesays.com\/fi\/wp-json\/wp\/v2\/posts\/114031\/revisions"}],"wp:featuredmedia":[{"embeddable":true,"href":"https:\/\/www.europesays.com\/fi\/wp-json\/wp\/v2\/media\/114032"}],"wp:attachment":[{"href":"https:\/\/www.europesays.com\/fi\/wp-json\/wp\/v2\/media?parent=114031"}],"wp:term":[{"taxonomy":"category","embeddable":true,"href":"https:\/\/www.europesays.com\/fi\/wp-json\/wp\/v2\/categories?post=114031"},{"taxonomy":"post_tag","embeddable":true,"href":"https:\/\/www.europesays.com\/fi\/wp-json\/wp\/v2\/tags?post=114031"}],"curies":[{"name":"wp","href":"https:\/\/api.w.org\/{rel}","templated":true}]}}