{"id":114037,"date":"2025-12-12T00:31:09","date_gmt":"2025-12-12T00:31:09","guid":{"rendered":"https:\/\/www.europesays.com\/fi\/114037\/"},"modified":"2025-12-12T00:31:09","modified_gmt":"2025-12-12T00:31:09","slug":"seksikiristajien-jaljilla-dokumentti-kertoo-itsemurhiin-johtaneesta-rikollisuudesta","status":"publish","type":"post","link":"https:\/\/www.europesays.com\/fi\/114037\/","title":{"rendered":"Seksikirist\u00e4jien j\u00e4ljill\u00e4 -dokumentti kertoo itsemurhiin johtaneesta rikollisuudesta"},"content":{"rendered":"<p>\n  Ulkolinja-dokumentti kertoo karusta ja kylm\u00e4\u00e4v\u00e4st\u00e4 j\u00e4rjest\u00e4ytyneest\u00e4 rikollisuudesta, jonka kitkemiseksi ei haluta tehd\u00e4 tarpeeksi.<\/p>\n<p>Teinipoika juttelee somessa tuntemattoman tyt\u00f6n kanssa. Keskustelu etenee nopeasti alastonkuvien vaihtamiseen ja siit\u00e4 edelleen kiristykseen. Tytt\u00f6 uhkaa levitt\u00e4\u00e4 kuvia, jollei poika maksa. Poika riist\u00e4\u00e4 itselt\u00e4\u00e4n hengen.<\/p>\n<p>Yhdysvaltalaisen <strong>Evan Boettlerin<\/strong> tarina on kammottavan surullinen mutta ei ainoa laatuaan. H\u00e4nen kanssaan viestitellyt tytt\u00f6 oli tosiasiassa seksikirist\u00e4j\u00e4, joka huijaa nuoria poikia ty\u00f6kseen. Brittitoimittaja <strong>Tir Dhondy<\/strong> kertoo dokumentissa, ett\u00e4 t\u00e4llaisten seksikiristysten m\u00e4\u00e4r\u00e4 kasvaa vauhdilla ja ett\u00e4 ainakin 20 kiristetty\u00e4 nuorta on tehnyt itsemurhan.<\/p>\n<p>Dhondy alkaa j\u00e4ljitt\u00e4\u00e4 rikollisia ja p\u00e4\u00e4tyy Nigeriaan alueelle, jossa kiristyksi\u00e4 tehd\u00e4\u00e4n tehdasmaisesti. H\u00e4n p\u00e4\u00e4see jopa haastattelemaan seksikirist\u00e4j\u00e4\u00e4. Haastattelu on h\u00e4tk\u00e4ytt\u00e4v\u00e4. Naamioitu mies vaikuttaa h\u00e4ik\u00e4ilem\u00e4tt\u00f6m\u00e4lt\u00e4, kylm\u00e4veriselt\u00e4 \u2013 ja samalla hyv\u00e4ksik\u00e4ytetylt\u00e4 itsekin. Viel\u00e4kin kylm\u00e4\u00e4v\u00e4mpi on Dhondyn haastattelu Metan entisen ty\u00f6ntekij\u00e4n <strong>Arturo B\u00e9jarin<\/strong> kanssa. B\u00e9jar sanoo, ett\u00e4 somej\u00e4tti saisi kitketty\u00e4 kiristykset pois alustoiltaan, jos tahtoa olisi. Sit\u00e4 ei vain ole.<\/p>\n<p>Ulkolinja: Seksikirist\u00e4jien j\u00e4ljill\u00e4, torstai 11.12. klo 22.02, <a href=\"https:\/\/areena.yle.fi\/1-76154722\" target=\"_blank\" rel=\"noreferrer noopener nofollow\">TV1<\/a><\/p>\n<p><a href=\"https:\/\/seura.fi\/asiat\/ajankohtaista\/kiristyshaittaohjelma-on-verkkorikollisten-julma-ase\/\" target=\"_blank\" rel=\"noreferrer noopener nofollow\">Lue my\u00f6s: \u201dRikollisen kannalta on parasta kirist\u00e4\u00e4 sill\u00e4, mik\u00e4 sattuu eniten\u201d \u2013 Terveystietojen hakkerointi yleistyy, kun henkil\u00f6kohtaisen tiedon arvo nousee<\/a><\/p>\n","protected":false},"excerpt":{"rendered":"Ulkolinja-dokumentti kertoo karusta ja kylm\u00e4\u00e4v\u00e4st\u00e4 j\u00e4rjest\u00e4ytyneest\u00e4 rikollisuudesta, jonka kitkemiseksi ei haluta tehd\u00e4 tarpeeksi. Teinipoika juttelee somessa tuntemattoman tyt\u00f6n&hellip;\n","protected":false},"author":2,"featured_media":114038,"comment_status":"","ping_status":"","sticky":false,"template":"","format":"standard","meta":{"footnotes":""},"categories":[130],"tags":[819,137,33,31,30,2236,813,32,109],"class_list":{"0":"post-114037","1":"post","2":"type-post","3":"status-publish","4":"format-standard","5":"has-post-thumbnail","7":"category-viihde","8":"tag-dokumentti","9":"tag-entertainment","10":"tag-fi","11":"tag-finland","12":"tag-finnish","13":"tag-jarjestaytynyt-rikollisuus","14":"tag-rikollisuus","15":"tag-suomi","16":"tag-viihde"},"share_on_mastodon":{"url":"https:\/\/pubeurope.com\/@fi\/115703780684210885","error":""},"_links":{"self":[{"href":"https:\/\/www.europesays.com\/fi\/wp-json\/wp\/v2\/posts\/114037","targetHints":{"allow":["GET"]}}],"collection":[{"href":"https:\/\/www.europesays.com\/fi\/wp-json\/wp\/v2\/posts"}],"about":[{"href":"https:\/\/www.europesays.com\/fi\/wp-json\/wp\/v2\/types\/post"}],"author":[{"embeddable":true,"href":"https:\/\/www.europesays.com\/fi\/wp-json\/wp\/v2\/users\/2"}],"replies":[{"embeddable":true,"href":"https:\/\/www.europesays.com\/fi\/wp-json\/wp\/v2\/comments?post=114037"}],"version-history":[{"count":0,"href":"https:\/\/www.europesays.com\/fi\/wp-json\/wp\/v2\/posts\/114037\/revisions"}],"wp:featuredmedia":[{"embeddable":true,"href":"https:\/\/www.europesays.com\/fi\/wp-json\/wp\/v2\/media\/114038"}],"wp:attachment":[{"href":"https:\/\/www.europesays.com\/fi\/wp-json\/wp\/v2\/media?parent=114037"}],"wp:term":[{"taxonomy":"category","embeddable":true,"href":"https:\/\/www.europesays.com\/fi\/wp-json\/wp\/v2\/categories?post=114037"},{"taxonomy":"post_tag","embeddable":true,"href":"https:\/\/www.europesays.com\/fi\/wp-json\/wp\/v2\/tags?post=114037"}],"curies":[{"name":"wp","href":"https:\/\/api.w.org\/{rel}","templated":true}]}}