{"id":114041,"date":"2025-12-12T00:35:11","date_gmt":"2025-12-12T00:35:11","guid":{"rendered":"https:\/\/www.europesays.com\/fi\/114041\/"},"modified":"2025-12-12T00:35:11","modified_gmt":"2025-12-12T00:35:11","slug":"suomessa-lapset-suuressa-vaarassa-sanoo-erityisasiantuntija-nain-vakivaltainen-the-com-verkosto-toimii-uusimaa","status":"publish","type":"post","link":"https:\/\/www.europesays.com\/fi\/114041\/","title":{"rendered":"Suomessa lapset suuressa vaarassa, sanoo erityis\u00adasiantuntija \u2013 n\u00e4in v\u00e4kivaltainen The Com -verkosto toimii | Uusimaa"},"content":{"rendered":"<ul class=\"aw-1jjocuh iJTSwP yle__article__list yle__article__list--ul\">\n<li class=\"aw-1j7gwms gNYKfi\">V\u00e4kivaltainen The Com -verkosto toimii Suomessa ja uhkaa lapsia, varoittaa Keskusrikospoliisi.<\/li>\n<li class=\"aw-1j7gwms gNYKfi\">Verkosto kirist\u00e4\u00e4 ja pakottaa lapsia v\u00e4kivaltaan sek\u00e4 seksuaalisiin tekoihin somessa ja pelialustoilla.<\/li>\n<li class=\"aw-1j7gwms gNYKfi\">Poliisi kehottaa aikuisia tarkkailemaan lasten k\u00e4yt\u00f6ksen muutoksia, kuten vet\u00e4ytymist\u00e4 ja salailua.<\/li>\n<li class=\"aw-1j7gwms gNYKfi\">Jos ep\u00e4ilee lapsen joutuneen uhriksi, asiasta tulee ilmoittaa v\u00e4litt\u00f6m\u00e4sti poliisille.<\/li>\n<\/ul>\n<p class=\"aw-1gybjub aw-1p7kakr kEtdKx cEmitX yle__article__paragraph\">T\u00e4m\u00e4 on teko\u00e4lyn avulla tuotettu, toimittajan tarkistama tiivistelm\u00e4.<\/p>\n<p class=\"aw-1gybjub aw-1p7kakr kEtdKx cEmitX yle__article__paragraph\">Suomalaiset lapset ja nuoret ovat erityisen suuressa riskiss\u00e4 joutua verkossa vaanivien rikollisten uhreiksi. N\u00e4in sanoo uhreja ja heid\u00e4n perheit\u00e4\u00e4n auttavan Suojellaan lapsia ry:n toiminnanjohtaja, erityisasiantuntija <strong class=\"aw-ak79eh KyCXm yle__article__strong\">Nina Vaaranen-Valkonen<\/strong>.<\/p>\n<p class=\"aw-1gybjub aw-1p7kakr kEtdKx cEmitX yle__article__paragraph\">H\u00e4n on seurannut lapsiin kohdistuvaa verkkorikollisuutta jo vuosikymmenten ajan.<\/p>\n<p class=\"aw-1gybjub aw-1p7kakr kEtdKx cEmitX yle__article__paragraph\">\u2013 Suomalaisten lasten riski joutua groomauksen, seksuaalisen h\u00e4irinn\u00e4n ja houkuttelun uhriksi on muuhun Eurooppaan n\u00e4hden suuri, koska t\u00e4\u00e4ll\u00e4 lapset saavat \u00e4lypuhelimet niin nuorina, Vaaranen-Valkonen toteaa.<\/p>\n<p class=\"aw-1gybjub aw-1p7kakr kEtdKx cEmitX yle__article__paragraph\">H\u00e4net valittiin t\u00e4ll\u00e4 viikolla jo toiseen kansainv\u00e4lisen rikospoliisij\u00e4rjest\u00f6n Interpolin erityisasiantuntijaryhm\u00e4\u00e4n.<\/p>\n<p class=\"aw-1gybjub aw-1p7kakr kEtdKx cEmitX yle__article__paragraph\">Vaaranen-Valkosen mukaan Suomessa verkon v\u00e4lityksell\u00e4 tapahtuvan seksuaaliv\u00e4kivallan uhrit ovat huomattavasti nuorempia kuin muualla Euroopassa. Suomessa nuorimmat uhrit ovat olleet vain 5-vuotiaita.<\/p>\n<p class=\"aw-1gybjub aw-1p7kakr kEtdKx cEmitX yle__article__paragraph\">Monet suomalaiset perheet hankkivat lapselle k\u00e4nnyk\u00e4n, kun t\u00e4m\u00e4 aloittaa koulussa ja alkaa kulkea koulumatkan yksin.<\/p>\n<p class=\"aw-1gybjub aw-1p7kakr kEtdKx cEmitX yle__article__paragraph\">\u2013 Suomalainen turvallisuus ja lasten vapaus k\u00e4\u00e4ntyy itse\u00e4\u00e4n vastaan, kun lapsi k\u00e4ytt\u00e4\u00e4 liian varhain k\u00e4nnykk\u00e4\u00e4 yksin, Vaaranen-Valkonen sanoo.<\/p>\n<p class=\"aw-1gybjub aw-1p7kakr kEtdKx cEmitX yle__article__paragraph\">H\u00e4nen mukaansa lapset altistuvat silloin haitalliselle sis\u00e4ll\u00f6lle, monimutkaiselle vuorovaikutukselle ja verkon rikollisuudelle.<\/p>\n<p class=\"aw-1gybjub aw-1p7kakr kEtdKx cEmitX yle__article__paragraph\">My\u00f6hemmin t\u00e4ss\u00e4 artikkelissa kerromme, mit\u00e4 vanhemmat voivat tehd\u00e4 lapsien suojelemiseksi.<\/p>\n<p>Uusin vaara: The Com-verkosto<\/p>\n<p class=\"aw-1gybjub aw-1p7kakr kEtdKx cEmitX yle__article__paragraph\">T\u00e4n\u00e4 vuonna huolta on her\u00e4tt\u00e4nyt etenkin sosiaalisessa mediassa ja pelialustoilla toimiva v\u00e4kivaltainen The Com -verkosto, joka on ulottanut toimintansa my\u00f6s Suomeen.<\/p>\n<p class=\"aw-1gybjub aw-1p7kakr kEtdKx cEmitX yle__article__paragraph\">The Com on kansainv\u00e4linen verkkoyhteis\u00f6, joka ihannoi ja edist\u00e4\u00e4 raakaa v\u00e4kivaltaa, rikollisuutta ja terrorismia. Sen toiminta on levinnyt jo ainakin 31 maahan.<\/p>\n<p class=\"aw-1gybjub aw-1p7kakr kEtdKx cEmitX yle__article__paragraph\">Ryhm\u00e4n j\u00e4senet uhkaavat, kirist\u00e4v\u00e4t, pakottavat ja rohkaisevat lapsia tekem\u00e4\u00e4n seksuaaliv\u00e4kivaltaa, vahingoittamaan itse\u00e4\u00e4n tai muita lapsia, vahingoittamaan, kiduttamaan tai tappamaan lemmikkiel\u00e4imi\u00e4 tai tekem\u00e4\u00e4n muita raakoja v\u00e4kivallantekoja.<\/p>\n<p class=\"aw-1gybjub aw-1p7kakr kEtdKx cEmitX yle__article__paragraph\">Verkostossa painostetaan lapsia ja nuoria ottamaan ja v\u00e4litt\u00e4m\u00e4\u00e4n itsest\u00e4\u00e4n v\u00e4kivaltaa sis\u00e4lt\u00e4vi\u00e4 ja seksuaaliss\u00e4vytteisi\u00e4 kuvia ja videoita.<\/p>\n<p><img decoding=\"async\" alt=\"Kuvassa Roblox k\u00e4nnyk\u00e4n ruudulla. \" src=\"https:\/\/www.europesays.com\/fi\/wp-content\/uploads\/2025\/12\/39-9187646214cdee18043.jpeg\" loading=\"lazy\" class=\"aw-1l9m598 hKVVvP\"\/><\/p>\n<p>Avaa kuvien katselu<\/p>\n<p>KRP:n mukaan The Com toimii muun muassa n\u00e4ill\u00e4 verkon alustoilla: Discord, Minecraft, Roblox, Steam, Telegram, TikTok, Twitch. Niist\u00e4 keskustelut siirtyv\u00e4t nopeasti yksityisviesteihin, joiden kautta uhrin manipulointi on helpompaa. Kuva: VLADYSLAV YUSHYNOV\/MOSTPHOTOS<\/p>\n<p class=\"aw-1gybjub aw-1p7kakr kEtdKx cEmitX yle__article__paragraph\">Rikolliset etsiv\u00e4t uhreja useilla eri sosiaalisen median kanavilla ja pelialustoilla. Verkosto toimii muun muassa suositussa Roblox-pelimaailmassa.<\/p>\n<p class=\"aw-1gybjub aw-1p7kakr kEtdKx cEmitX yle__article__paragraph\">\u2013 Rikollinen ei ole aina vain yksitt\u00e4inen henkil\u00f6, vaan varsin nuoret tekij\u00e4t mets\u00e4st\u00e4v\u00e4t lapsiuhreja my\u00f6s yhteisell\u00e4 suunnitelmalla ja ryhmin\u00e4. Kaikki ovat uhrille ensin mukavia ja sitten vasta aletaan painostaa, kirist\u00e4\u00e4 ja uhkailla, Valkonen-Vaaranen kertoo.<\/p>\n<p class=\"aw-1gybjub aw-1p7kakr kEtdKx cEmitX yle__article__paragraph\">Valkonen-Vaarasen mielest\u00e4 verkon keskustelualustat eiv\u00e4t ole lasten paikka.<\/p>\n<p class=\"aw-1gybjub aw-1p7kakr kEtdKx cEmitX yle__article__paragraph\">\u2013 K\u00e4nnykk\u00e4 on aina enemm\u00e4n kuin laite! Kysymys on eritt\u00e4in vaativasta sosiaalisesta ymp\u00e4rist\u00f6st\u00e4.<\/p>\n<p class=\"aw-1gybjub aw-1p7kakr kEtdKx cEmitX yle__article__paragraph\">Valkonen-Vaaranen muistuttaa, ett\u00e4 lapsen sosiokognitiivinen kehitys ei viel\u00e4 mahdollista turvallista vuorovaikutusta ja riskien tunnistamista.<\/p>\n<p class=\"aw-1gybjub aw-1p7kakr kEtdKx cEmitX yle__article__paragraph\">\u2013 Lasten ei koskaan pit\u00e4isi p\u00e4\u00e4st\u00e4 keskustelemaan tuntemattomien, v\u00e4kivaltaisten ja itse\u00e4 huomattavasti vanhempien nuorten tai aikuisten kanssa verkossa.<\/p>\n<p><img decoding=\"async\" alt=\"Kuvattu Stream-pelifirman sivuja tietokoneen n\u00e4yt\u00f6lt\u00e4. Etualalla sormet ja n\u00e4pp\u00e4imist\u00f6.\" src=\"https:\/\/www.europesays.com\/fi\/wp-content\/uploads\/2025\/12\/39-1496889687f728aa2edb.jpeg\" loading=\"lazy\" class=\"aw-1l9m598 hKVVvP\"\/><\/p>\n<p>Avaa kuvien katselu<\/p>\n<p>The Comiin kuuluva 764-ryhm\u00e4 ohjeistaa luomaan l\u00e4heisen suhteen verkon v\u00e4lityksell\u00e4 nuoreen ja yleens\u00e4 haavoittuvassa asemassa olevaan henkil\u00f6\u00f6n. Kuva: Katriina Laine \/ YleKRP: Suomessa useita uhreja<\/p>\n<p class=\"aw-1gybjub aw-1p7kakr kEtdKx cEmitX yle__article__paragraph\">Keskusrikospoliisin mukaan verkostolla on Suomessa useita alaik\u00e4isi\u00e4 uhreja. Kohteena ovat olleet etenkin 8\u201317-vuotiaat lapset.<\/p>\n<p class=\"aw-1gybjub aw-1p7kakr kEtdKx cEmitX yle__article__paragraph\">Suomessa on selvityksess\u00e4 useita The Com -liit\u00e4nn\u00e4isi\u00e4 tapauksia eri puolilla maata. N\u00e4m\u00e4 tapaukset eiv\u00e4t ole viel\u00e4 edenneet syytt\u00e4j\u00e4lle syyteharkintaan.<\/p>\n<p class=\"aw-1gybjub aw-1p7kakr kEtdKx cEmitX yle__article__paragraph\">Muun muassa L\u00e4nsi-Uudenmaan poliisilaitos on tiedottanut esitutkinnasta, jossa suomalaisen alle 15-vuotiaan lapsen ep\u00e4ill\u00e4\u00e4n joutuneen verkoston kohteeksi vuosina 2021\u20132023.<\/p>\n<p class=\"aw-1gybjub aw-1p7kakr kEtdKx cEmitX yle__article__paragraph\">KRP:n mukaan Suomessa on joitakin tapauksia, joissa suomalaisen uhrin toisessa maassa asuva kirist\u00e4j\u00e4 on otettu ulkomailla kiinni rikoksista ep\u00e4iltyn\u00e4, saanut syytteen tai tullut tuomituksi.<\/p>\n<p>The Com -verkostoon kuuluvan saksalaisen miehen ep\u00e4ill\u00e4\u00e4n painostaneen yhdysvaltalaisen teinin itsemurhaan. Suomalaisen lapsen ep\u00e4ill\u00e4\u00e4n joutuneen tapauksessa v\u00e4likappaleeksi. Hampurin poliisi tiedotti vyyhdist\u00e4 kes\u00e4kuussa.<\/p>\n<p class=\"aw-1gybjub aw-1p7kakr kEtdKx cEmitX yle__article__paragraph\">Poliisi on syksyn aikana viestinyt verkostosta lasten ja nuorten huoltajille sek\u00e4 lasten kanssa ty\u00f6skenteleville eri kanavissa.<\/p>\n<p>N\u00e4in voit auttaa lasta<\/p>\n<p class=\"aw-1gybjub aw-1p7kakr kEtdKx cEmitX yle__article__paragraph\"><a class=\"aw-iao6s4 iHOxEa yle__article__link\" href=\"https:\/\/ankkuritoiminta.fi\/documents\/9123075\/11195236\/The+Com+tietopaketti.pdf\/a1a28fd5-c668-bd00-cf7d-5de1d4493255\/The+Com+tietopaketti.pdf?t=1761805098181\" role=\"link\" rel=\"nofollow noopener\" target=\"_blank\">Keskusrikospoliisi<\/a> ja <a class=\"aw-iao6s4 iHOxEa yle__article__link\" href=\"https:\/\/www.suojellaanlapsia.fi\/post\/vinkit-vanhemmille-lasten-ja-nuorten-digiarkeen\" role=\"link\" rel=\"nofollow noopener\" target=\"_blank\">Suojellaan lapsia ry<\/a> ovat koonneet kattavat tietopaketit siit\u00e4, miten aikuiset voivat tunnistaa verkkorikollisuuden mahdollisen uhrin ja auttaa h\u00e4nt\u00e4.<\/p>\n<p class=\"aw-1gybjub aw-1p7kakr kEtdKx cEmitX yle__article__paragraph\">Jos alaik\u00e4isen k\u00e4yt\u00f6s muuttuu, asia kannattaa ottaa puheeksi.<\/p>\n<p class=\"aw-1gybjub aw-1p7kakr kEtdKx cEmitX yle__article__paragraph\">Uhriksi joutuminen voi muuttaa lapsen tai nuoren vet\u00e4ytyv\u00e4ksi ja ahdistuneeksi. H\u00e4n saattaa alkaa v\u00e4ltt\u00e4\u00e4 perhett\u00e4 ja yst\u00e4vi\u00e4.<\/p>\n<p class=\"aw-1gybjub aw-1p7kakr kEtdKx cEmitX yle__article__paragraph\">Uhri voi viett\u00e4\u00e4 enemm\u00e4n aikaa verkossa tai yksin huoneessaan. H\u00e4nell\u00e4 voi olla uusia \u201dyst\u00e4vi\u00e4\u201d netiss\u00e4.<\/p>\n<p class=\"aw-1gybjub aw-1p7kakr kEtdKx cEmitX yle__article__paragraph\">\u2013 Lapsen ei pit\u00e4isi antaa k\u00e4ytt\u00e4\u00e4 k\u00e4nnykk\u00e4\u00e4 yksin etenk\u00e4\u00e4n kylpyhuoneessa tai makuuhuoneessa, Valkonen-Vaaranen neuvoo.<\/p>\n<p class=\"aw-1gybjub aw-1p7kakr kEtdKx cEmitX yle__article__paragraph\">T\u00e4rkeint\u00e4 on olla perill\u00e4 lapsen tekemisist\u00e4 netiss\u00e4 ja puhua asioista lapsen kanssa.<\/p>\n<p>Kuusi vinkki\u00e4 vanhemmille<\/p>\n<ul class=\"aw-1jjocuh iJTSwP yle__article__list yle__article__list--ul\">\n<li class=\"aw-1j7gwms gNYKfi\">Ole l\u00e4sn\u00e4 lapsen tai nuoren el\u00e4m\u00e4ss\u00e4 ja digiarjessa. Se tarkoittaa p\u00e4ivitt\u00e4ist\u00e4 keskustelua siit\u00e4, mit\u00e4 lapsi tekee verkossa, kenen kanssa h\u00e4n juttelee ja mill\u00e4 alustoilla. <a class=\"aw-iao6s4 iHOxEa yle__article__link\" href=\"https:\/\/www.suojellaanlapsia.fi\/post\/keskustellaan-digiturvataidoista-ohjeistus\" role=\"link\" rel=\"nofollow noopener\" target=\"_blank\">T\u00e4m\u00e4 ohjeistus <\/a>auttaa keskustelussa.<\/li>\n<li class=\"aw-1j7gwms gNYKfi\">Suunnitelkaa perheen yhteiset<a class=\"aw-iao6s4 iHOxEa yle__article__link\" href=\"https:\/\/www.suojellaanlapsia.fi\/post\/meidan-omat-digisaannot\" role=\"link\" rel=\"nofollow noopener\" target=\"_blank\"> digis\u00e4\u00e4nn\u00f6t<\/a>, joissa voidaan muun muassa sitoutua noudattamaan sovellusten ja pelien ik\u00e4rajoja. S\u00e4\u00e4nn\u00f6iss\u00e4 voidaan sopia<a class=\"aw-iao6s4 iHOxEa yle__article__link\" href=\"https:\/\/www.suojellaanlapsia.fi\/post\/puhelinparkki\" role=\"link\" rel=\"nofollow noopener\" target=\"_blank\"> puhelimen k\u00e4yt\u00f6n rajoituksista<\/a>.<\/li>\n<li class=\"aw-1j7gwms gNYKfi\">Kannusta lasta kertomaan huolista ilman, ett\u00e4 t\u00e4m\u00e4n tarvitsee pel\u00e4t\u00e4 joutuvansa kertomisen vuoksi vaikeuksiin. <a class=\"aw-iao6s4 iHOxEa yle__article__link\" href=\"https:\/\/www.suojellaanlapsia.fi\/post\/ylen-chattibotit\" role=\"link\" rel=\"nofollow noopener\" target=\"_blank\">Ylen chattibotit<\/a> haastavat sinut puhumaan pienen lapsen kanssa vaikeista asioista.<\/li>\n<li class=\"aw-1j7gwms gNYKfi\">Tarkkaile k\u00e4yt\u00f6ksen muutoksia. Jos nuori k\u00e4ytt\u00e4ytyy oudosti, vet\u00e4ytyy tai vaikuttaa ahdistuneelta, puutu asiaan lempe\u00e4sti mutta p\u00e4\u00e4tt\u00e4v\u00e4isesti.<\/li>\n<li class=\"aw-1j7gwms gNYKfi\">Kunnioita yksityisyytt\u00e4, mutta suojele tarvittaessa. Lapsella on oikeus yksityisyyteen, mutta jos hyvinvointi on vakavasti uhattuna, vanhemmalla on oikeus ja velvollisuus puuttua. Aikuinen voi tutkia lapsen puhelimen perustellusta syyst\u00e4.<\/li>\n<li class=\"aw-1j7gwms gNYKfi\">Jos ep\u00e4ilet, ett\u00e4 nuori on joutunut rikoksen uhriksi, ota yhteys poliisiin, <a class=\"aw-iao6s4 iHOxEa yle__article__link\" href=\"https:\/\/poliisi.fi\/nettivinkki\" role=\"link\" rel=\"nofollow noopener\" target=\"_blank\">tee ilmoitus<\/a>. Akuutissa tilanteessa soita 112. Ohjaa lapsi tarvittaessa avun piiriin.<br \/>\nL\u00e4hde: <a class=\"aw-iao6s4 iHOxEa yle__article__link\" href=\"https:\/\/www.suojellaanlapsia.fi\" role=\"link\" rel=\"nofollow noopener\" target=\"_blank\">Suojellaan lapsia ry<\/a> ja KRP<\/li>\n<\/ul>\n","protected":false},"excerpt":{"rendered":"V\u00e4kivaltainen The Com -verkosto toimii Suomessa ja uhkaa lapsia, varoittaa Keskusrikospoliisi. Verkosto kirist\u00e4\u00e4 ja pakottaa lapsia v\u00e4kivaltaan sek\u00e4&hellip;\n","protected":false},"author":2,"featured_media":114042,"comment_status":"","ping_status":"","sticky":false,"template":"","format":"standard","meta":{"footnotes":""},"categories":[14],"tags":[22,23,400,26,27,33,31,30,17,71,100,24,25,28,29,15,18,21,5454,52,581,1263,1028,32,19,20,56,1168,16,40,59,60,61],"class_list":{"0":"post-114041","1":"post","2":"type-post","3":"status-publish","4":"format-standard","5":"has-post-thumbnail","7":"category-ulkomaat","8":"tag-breaking-news","9":"tag-breakingnews","10":"tag-espoo","11":"tag-featured-news","12":"tag-featurednews","13":"tag-fi","14":"tag-finland","15":"tag-finnish","16":"tag-headlines","17":"tag-kotimaa","18":"tag-lapset-ja-nuoret","19":"tag-latest-news","20":"tag-latestnews","21":"tag-main-news","22":"tag-mainnews","23":"tag-news","24":"tag-otsikot","25":"tag-paauutiset","26":"tag-perheet","27":"tag-poliisi","28":"tag-rikokset","29":"tag-rikosepailyt","30":"tag-sosiaalinen-media","31":"tag-suomi","32":"tag-top-stories","33":"tag-topstories","34":"tag-ulkomaat","35":"tag-uusimaa","36":"tag-uutiset","37":"tag-vakivalta","38":"tag-world","39":"tag-world-news","40":"tag-worldnews"},"share_on_mastodon":{"url":"https:\/\/pubeurope.com\/@fi\/115703796713523207","error":""},"_links":{"self":[{"href":"https:\/\/www.europesays.com\/fi\/wp-json\/wp\/v2\/posts\/114041","targetHints":{"allow":["GET"]}}],"collection":[{"href":"https:\/\/www.europesays.com\/fi\/wp-json\/wp\/v2\/posts"}],"about":[{"href":"https:\/\/www.europesays.com\/fi\/wp-json\/wp\/v2\/types\/post"}],"author":[{"embeddable":true,"href":"https:\/\/www.europesays.com\/fi\/wp-json\/wp\/v2\/users\/2"}],"replies":[{"embeddable":true,"href":"https:\/\/www.europesays.com\/fi\/wp-json\/wp\/v2\/comments?post=114041"}],"version-history":[{"count":0,"href":"https:\/\/www.europesays.com\/fi\/wp-json\/wp\/v2\/posts\/114041\/revisions"}],"wp:featuredmedia":[{"embeddable":true,"href":"https:\/\/www.europesays.com\/fi\/wp-json\/wp\/v2\/media\/114042"}],"wp:attachment":[{"href":"https:\/\/www.europesays.com\/fi\/wp-json\/wp\/v2\/media?parent=114041"}],"wp:term":[{"taxonomy":"category","embeddable":true,"href":"https:\/\/www.europesays.com\/fi\/wp-json\/wp\/v2\/categories?post=114041"},{"taxonomy":"post_tag","embeddable":true,"href":"https:\/\/www.europesays.com\/fi\/wp-json\/wp\/v2\/tags?post=114041"}],"curies":[{"name":"wp","href":"https:\/\/api.w.org\/{rel}","templated":true}]}}