{"id":114047,"date":"2025-12-12T00:50:16","date_gmt":"2025-12-12T00:50:16","guid":{"rendered":"https:\/\/www.europesays.com\/fi\/114047\/"},"modified":"2025-12-12T00:50:16","modified_gmt":"2025-12-12T00:50:16","slug":"ensinaytto-tiisu-ja-liisa-akimof-julkaisivat-yhteisen-kappaleen-uusi-biisi-perustuu-tosielaman-tapahtumiin","status":"publish","type":"post","link":"https:\/\/www.europesays.com\/fi\/114047\/","title":{"rendered":"Ensin\u00e4ytt\u00f6: Tiisu ja Liisa Akimof julkaisivat yhteisen kappaleen \u2013 uusi biisi perustuu tosiel\u00e4m\u00e4n tapahtumiin"},"content":{"rendered":"<p>\u201dSuomirockin entiseksi tulevaisuudenlupaukseksi\u201d itse\u00e4\u00e4n hirtehisesti nimitt\u00e4v\u00e4 Tiisu tarjoilee joulun alla uutta tuotantoa. Soundin sivuilla tulee nyt ensin\u00e4ytt\u00f6\u00f6n upouuden Kasvissoppa-biisin video, ja sek\u00e4 kappaleella ett\u00e4 videollla vierailee arvovaltainen hahmo: pitk\u00e4n uran tehnyt toimittaja, artisti, runoilija ja n\u00e4yttelij\u00e4 Liisa Akimof.<\/p>\n<p>Kasvissoppa on virallisen tiedonannon mukaan \u201dlaulu perinteist\u00e4, perheest\u00e4 ja pyrkimyksest\u00e4 ymm\u00e4rt\u00e4\u00e4 toisiamme ruokap\u00f6yd\u00e4ss\u00e4 \u2013 vaikka kenenk\u00e4\u00e4n lautanen ei n\u00e4ytt\u00e4isi ihan samalta\u201d.<\/p>\n<p>\u201cTaas on se aika vuodesta, kun erilaiset ihmiset pakotetaan saman p\u00f6yd\u00e4n \u00e4\u00e4reen. T\u00e4m\u00e4 biisi syntyi tositarinasta, jonka kuulin ex-kumppaniltani. Kun aloin esitt\u00e4\u00e4 kappaletta keikoilla, yh\u00e4 useampi tuli kertomaan vastaavista kokemuksista\u201d, laulaja Henrik Illikainen kertoo tiedotteessa.<\/p>\n<p>\u201dTiisu on rautaa. Oma innostukseni b\u00e4ndiin syttyi El\u00e4m\u00e4lt\u00e4 turpiin sain -biisist\u00e4 ja videosta. Kun Henkka ehdotti fiittaamista Kasvissopassa, niin eip\u00e4 tarvinnut sen kummemmin houkutella! Ihana melodia ja hotti aihe, melkein jokaisesta ruokap\u00f6yd\u00e4st\u00e4 tuttu. Oma kontribuutioni kappaleeseen oli l\u00e4hinn\u00e4 ik\u00e4n\u00e4k\u00f6asian esille saattaminen. Lukulasien puuttuminen saattaa olla syyn\u00e4 my\u00f6s keitti\u00f6k\u00f6mm\u00e4hdyksiin, Liisa Akimof jatkaa.<\/p>\n<p>Katso Kasvissoppa-video alempaa. Tiisun uusi albumi Kuuluisat viimeiset sanat tulee julki 13. helmikuuta digin\u00e4 ja tuplavinyylin\u00e4. Orkesterin levynjulkaisukiertue kulkee pitkin Suomea oheisen aikataulun mukaisesti:<br \/>21.2. Helsinki, Korjaamo<br \/>27.2. Tampere, Telakka<br \/>28.2. Tampere, Telakka<br \/>6.3. Turku, Dynamo<br \/>7.3. H\u00e4meenlinna, Suisto<br \/>13.3. Oulu, 45 Special<br \/>14.3. Jyv\u00e4skyl\u00e4, Freetime<\/p>\n<p><img loading=\"lazy\" decoding=\"async\" alt=\"YouTube video\" width=\"480\" height=\"360\" data-pin-nopin=\"true\" nopin=\"nopin\" class=\"perfmatters-lazy\" src=\"https:\/\/www.europesays.com\/fi\/wp-content\/uploads\/2025\/12\/1765500615_106_hqdefault.jpg\"\/><\/p>\n<p>Lue my\u00f6s: <a href=\"https:\/\/www.soundi.fi\/uutiskirje\/\" title=\"Tilaa Soundin uutiskirje\" class=\"underline-custom !font-montserrat !font-bold !underline-offset-4 !decoration-4 !decoration-red-600 !text-md\" rel=\"nofollow noopener\" target=\"_blank\">Tilaa Soundin uutiskirje ja tied\u00e4t mist\u00e4 kahvitauolla puhutaan! Nappaa ajankohtaiset musiikin uutiset ja puheenaiheet suoraan s\u00e4hk\u00f6postiin t\u00e4st\u00e4.<\/a><\/p>\n","protected":false},"excerpt":{"rendered":"\u201dSuomirockin entiseksi tulevaisuudenlupaukseksi\u201d itse\u00e4\u00e4n hirtehisesti nimitt\u00e4v\u00e4 Tiisu tarjoilee joulun alla uutta tuotantoa. Soundin sivuilla tulee nyt ensin\u00e4ytt\u00f6\u00f6n upouuden&hellip;\n","protected":false},"author":2,"featured_media":114048,"comment_status":"","ping_status":"","sticky":false,"template":"","format":"standard","meta":{"footnotes":""},"categories":[136],"tags":[407,1378,137,33,31,30,408,32,109],"class_list":{"0":"post-114047","1":"post","2":"type-post","3":"status-publish","4":"format-standard","5":"has-post-thumbnail","7":"category-julkkikset","8":"tag-celebrities","9":"tag-ensinaytto","10":"tag-entertainment","11":"tag-fi","12":"tag-finland","13":"tag-finnish","14":"tag-julkkikset","15":"tag-suomi","16":"tag-viihde"},"share_on_mastodon":{"url":"https:\/\/pubeurope.com\/@fi\/115703855622561783","error":""},"_links":{"self":[{"href":"https:\/\/www.europesays.com\/fi\/wp-json\/wp\/v2\/posts\/114047","targetHints":{"allow":["GET"]}}],"collection":[{"href":"https:\/\/www.europesays.com\/fi\/wp-json\/wp\/v2\/posts"}],"about":[{"href":"https:\/\/www.europesays.com\/fi\/wp-json\/wp\/v2\/types\/post"}],"author":[{"embeddable":true,"href":"https:\/\/www.europesays.com\/fi\/wp-json\/wp\/v2\/users\/2"}],"replies":[{"embeddable":true,"href":"https:\/\/www.europesays.com\/fi\/wp-json\/wp\/v2\/comments?post=114047"}],"version-history":[{"count":0,"href":"https:\/\/www.europesays.com\/fi\/wp-json\/wp\/v2\/posts\/114047\/revisions"}],"wp:featuredmedia":[{"embeddable":true,"href":"https:\/\/www.europesays.com\/fi\/wp-json\/wp\/v2\/media\/114048"}],"wp:attachment":[{"href":"https:\/\/www.europesays.com\/fi\/wp-json\/wp\/v2\/media?parent=114047"}],"wp:term":[{"taxonomy":"category","embeddable":true,"href":"https:\/\/www.europesays.com\/fi\/wp-json\/wp\/v2\/categories?post=114047"},{"taxonomy":"post_tag","embeddable":true,"href":"https:\/\/www.europesays.com\/fi\/wp-json\/wp\/v2\/tags?post=114047"}],"curies":[{"name":"wp","href":"https:\/\/api.w.org\/{rel}","templated":true}]}}