{"id":114049,"date":"2025-12-12T00:53:09","date_gmt":"2025-12-12T00:53:09","guid":{"rendered":"https:\/\/www.europesays.com\/fi\/114049\/"},"modified":"2025-12-12T00:53:09","modified_gmt":"2025-12-12T00:53:09","slug":"mita-teet-pillupaivakirjoille-ylen-uusi-pomo","status":"publish","type":"post","link":"https:\/\/www.europesays.com\/fi\/114049\/","title":{"rendered":"Mit\u00e4 teet Pillup\u00e4iv\u00e4kirjoille, Ylen uusi pomo?"},"content":{"rendered":"<p>Ylen hallituksen tuleva puheenjohtaja kommentoi Ukkola-ohjelmassa kohusis\u00e4lt\u00f6j\u00e4.<\/p>\n<p class=\"paragraph\">Yleisradion hallituksen tuleva puheenjohtaja <strong>Kari Kivel\u00e4<\/strong> kommentoi tuoreessa Ukkola-ohjelmassa Ylen julkaisemia kohusis\u00e4lt\u00f6j\u00e4.<\/p>\n<p class=\"paragraph\">Toimittaja <a href=\"https:\/\/www.iltalehti.fi\/henkilot\/Sanna Ukkola\" class=\"article-link-person-page\" rel=\"nofollow noopener\" target=\"_blank\">Sanna Ukkola<\/a> kysyy Kivel\u00e4n n\u00e4kemyst\u00e4 muun muassa Pillup\u00e4iv\u00e4kirjat-sarjasta ja tositelevisiomaisista sis\u00e4ll\u00f6ist\u00e4.<\/p>\n<p class=\"paragraph\">\u2013 Paljonko t\u00e4mm\u00f6isiin on soveliasta k\u00e4ytt\u00e4\u00e4 rahaa? L\u00e4hteek\u00f6 t\u00e4m\u00e4 osasto pois tai v\u00e4heneek\u00f6? Ukkola kysyy.<\/p>\n<p class=\"paragraph\">Katso t\u00e4m\u00e4n jutun alussa olevalta videolta, kuinka tiukkana talousmiehen\u00e4 tunnettu Kivel\u00e4 kommentoi asiaa.<\/p>\n<p class=\"paragraph\">Tuorein Ukkola-ohjelma ja Kivel\u00e4n haastattelu haastattelu kokonaisuudessaan l\u00f6ytyv\u00e4t <a href=\"https:\/\/www.iltalehti.fi\/kotimaa\/c0279ac5-ceb3-4ea0-8e1c-a94daa72052e\" rel=\"nofollow noopener\" target=\"_blank\">t\u00e4\u00e4lt\u00e4<\/a>.<\/p>\n<p>Mik\u00e4 Pillup\u00e4iv\u00e4kirjat?<\/p>\n<p class=\"paragraph\">Arvostelijat ovat pit\u00e4neet Pillup\u00e4iv\u00e4kirjat-sarjaa esill\u00e4 esimerkkin\u00e4 siit\u00e4, kuinka Yle heid\u00e4n mielest\u00e4\u00e4n tuhlaa verorahoja turhanp\u00e4iv\u00e4isyyksiin.<\/p>\n<p class=\"paragraph\">Pillup\u00e4iv\u00e4kirjat on nelj\u00e4osainen dokumenttisarja, jota <a href=\"https:\/\/www.iltalehti.fi\/tv-ja-leffat\/7e33a270-b45f-4793-bc1a-f4fa5f1984c5\" rel=\"nofollow noopener\" target=\"_blank\">Yle esitti ensimm\u00e4isen kerran vuonna 2019<\/a>. Sarja on edelleen katsottavissa Yle Areenassa.<\/p>\n<p class=\"paragraph\">Sarjan muutaman minuutin mittaisissa jaksoissa kolme naista ja yksi muunsukupuolinen henkil\u00f6 puhuvat seksist\u00e4 ja seksuaalisuudesta.<\/p>\n<p class=\"paragraph\">Ylen toimitusjohtaja <a href=\"https:\/\/www.iltalehti.fi\/henkilot\/Merja Yl\u00e4-Anttila\" class=\"article-link-person-page\" rel=\"nofollow noopener\" target=\"_blank\">Merja Yl\u00e4-Anttila<\/a> kertoi vuonna 2023, ett\u00e4 sarja tuli maksamaan Ylelle 2 500 euroa.<\/p>\n<p class=\"paragraph\">Tuolloin sarja oli esill\u00e4, kun hallitusneuvottelujen yhteydess\u00e4 puhuttiin Ylen rahoituksen leikkaamisesta.<\/p>\n","protected":false},"excerpt":{"rendered":"Ylen hallituksen tuleva puheenjohtaja kommentoi Ukkola-ohjelmassa kohusis\u00e4lt\u00f6j\u00e4. Yleisradion hallituksen tuleva puheenjohtaja Kari Kivel\u00e4 kommentoi tuoreessa Ukkola-ohjelmassa Ylen julkaisemia&hellip;\n","protected":false},"author":2,"featured_media":4008,"comment_status":"","ping_status":"","sticky":false,"template":"","format":"standard","meta":{"footnotes":""},"categories":[133],"tags":[35,137,33,31,30,1616,979,32,206,140,156,860,109,7249],"class_list":{"0":"post-114049","1":"post","2":"type-post","3":"status-publish","4":"format-standard","5":"has-post-thumbnail","7":"category-televisiot","8":"tag-24h","9":"tag-entertainment","10":"tag-fi","11":"tag-finland","12":"tag-finnish","13":"tag-media-viestinta","14":"tag-sahkoinen-media","15":"tag-suomi","16":"tag-televisiot","17":"tag-tv-ja-elokuvat","18":"tag-tv","19":"tag-tyoelama","20":"tag-viihde","21":"tag-yrityksen-johtaminen"},"share_on_mastodon":{"url":"https:\/\/pubeurope.com\/@fi\/115703867135715555","error":""},"_links":{"self":[{"href":"https:\/\/www.europesays.com\/fi\/wp-json\/wp\/v2\/posts\/114049","targetHints":{"allow":["GET"]}}],"collection":[{"href":"https:\/\/www.europesays.com\/fi\/wp-json\/wp\/v2\/posts"}],"about":[{"href":"https:\/\/www.europesays.com\/fi\/wp-json\/wp\/v2\/types\/post"}],"author":[{"embeddable":true,"href":"https:\/\/www.europesays.com\/fi\/wp-json\/wp\/v2\/users\/2"}],"replies":[{"embeddable":true,"href":"https:\/\/www.europesays.com\/fi\/wp-json\/wp\/v2\/comments?post=114049"}],"version-history":[{"count":0,"href":"https:\/\/www.europesays.com\/fi\/wp-json\/wp\/v2\/posts\/114049\/revisions"}],"wp:featuredmedia":[{"embeddable":true,"href":"https:\/\/www.europesays.com\/fi\/wp-json\/wp\/v2\/media\/4008"}],"wp:attachment":[{"href":"https:\/\/www.europesays.com\/fi\/wp-json\/wp\/v2\/media?parent=114049"}],"wp:term":[{"taxonomy":"category","embeddable":true,"href":"https:\/\/www.europesays.com\/fi\/wp-json\/wp\/v2\/categories?post=114049"},{"taxonomy":"post_tag","embeddable":true,"href":"https:\/\/www.europesays.com\/fi\/wp-json\/wp\/v2\/tags?post=114049"}],"curies":[{"name":"wp","href":"https:\/\/api.w.org\/{rel}","templated":true}]}}