{"id":114052,"date":"2025-12-12T00:58:09","date_gmt":"2025-12-12T00:58:09","guid":{"rendered":"https:\/\/www.europesays.com\/fi\/114052\/"},"modified":"2025-12-12T00:58:09","modified_gmt":"2025-12-12T00:58:09","slug":"kasityksemme-todellisuudesta-vaaristyy-katariina-souri-menetti-ystavansa-tekoalylle","status":"publish","type":"post","link":"https:\/\/www.europesays.com\/fi\/114052\/","title":{"rendered":"&#8221;K\u00e4sityksemme todellisuudesta v\u00e4\u00e4ristyy&#8221;\u2013 Katariina Souri menetti yst\u00e4v\u00e4ns\u00e4 teko\u00e4lylle"},"content":{"rendered":"<p>Taiteilija <strong>Katariina Sourin<\/strong> tuore sosiaalisen median <a href=\"https:\/\/www.facebook.com\/katariina.souri.1\/posts\/pfbid0TNd4PM5afLqHiskrPewW16czwtUP4eu6AAwqsQXnVcF8GR6GnWS2aeLfbjKMbMBhl\" target=\"_blank\" rel=\"noreferrer noopener nofollow\">p\u00e4ivitys<\/a> muistuttaa, ettei teko\u00e4lyn k\u00e4ytt\u00f6 aina ole pelkk\u00e4\u00e4 harmitonta hauskanpitoa, vaan sill\u00e4 voi liiallisesti k\u00e4ytettyn\u00e4 olla vakaviakin seurauksia.<\/p>\n<p>Souri menetti yst\u00e4v\u00e4ns\u00e4 t\u00e4m\u00e4n \u201crakastuttua\u201d teko\u00e4lyyn.<\/p>\n<p>\u2013 Tuskin kyse oli romanttisesta suhteesta, mutta jostakin poikkeuksellisen merkityksellisest\u00e4 symbioosista kuitenkin.<\/p>\n<p>Souri kertoo yst\u00e4v\u00e4ns\u00e4 k\u00e4ytt\u00e4neen teko\u00e4ly\u00e4 apunaan l\u00e4hes kaikissa arjen toimissa. N\u00e4ihin lukeutuivat muun muassa p\u00e4iv\u00e4ohjelman, aterioiden, lis\u00e4ravinteiden k\u00e4yt\u00f6n ja urheilusuoritusten suunnittelu.<\/p>\n<p>Lue my\u00f6s: <a href=\"https:\/\/www.voice.fi\/viihde\/a-224103\" title=\"Katariina Souri maalasi K\u00e4\u00e4rij\u00e4st\u00e4 vaikuttavan muotokuvan, some ihastui \u2013 &quot;\u00c4lytt\u00f6m\u00e4n hieno teos&quot;\" class=\"underline-custom !font-montserrat !font-bold !underline-offset-4 !decoration-4 !decoration-tilt-light !text-md\" rel=\"nofollow noopener\" target=\"_blank\">Katariina Souri maalasi K\u00e4\u00e4rij\u00e4st\u00e4 vaikuttavan muotokuvan, some ihastui \u2013 &#8221;\u00c4lytt\u00f6m\u00e4n hieno teos&#8221;<\/a><\/p>\n<p>Lue my\u00f6s: <a href=\"https:\/\/www.voice.fi\/viihde\/a-214030\" title=\"My\u00f6s Katariina Souri kertoo joutuneensa Spede Pasasen ahdistelemaksi: &quot;S\u00e4nt\u00e4sin asunnosta pakoon&quot;\" class=\"underline-custom !font-montserrat !font-bold !underline-offset-4 !decoration-4 !decoration-tilt-light !text-md\" rel=\"nofollow noopener\" target=\"_blank\">My\u00f6s Katariina Souri kertoo joutuneensa Spede Pasasen ahdistelemaksi: &#8221;S\u00e4nt\u00e4sin asunnosta pakoon&#8221;<\/a><\/p>\n<p>\u2013 Lis\u00e4ksi se toimi h\u00e4nen terapeuttinaan.<\/p>\n<p>Souri kertoo yst\u00e4v\u00e4n sy\u00f6tt\u00e4neen teko\u00e4lylle muiden kanssa k\u00e4ymi\u00e4\u00e4n keskusteluita, jotta teko\u00e4ly kykenisi analysoimaan h\u00e4nen yst\u00e4vyyssuhteitaan sek\u00e4 neuvomaan, kuinka n\u00e4iden kanssa tulisi toimia.<\/p>\n<p>\u2013 Tavoite oli v\u00e4ltt\u00e4\u00e4 vakavia riitoja. Mutta meille k\u00e4vi p\u00e4invastoin.<\/p>\n<p>Souri kertoo arkisen ja helposti selvitett\u00e4viss\u00e4 olevan erimielisyyden paisuneen hallitsemattomiin mittoihin, ja johtaneen lopulta yst\u00e4vyyssuhteen katkeamiseen. Yst\u00e4v\u00e4 oli nimitt\u00e4in l\u00e4hett\u00e4nyt h\u00e4nelle teko\u00e4lyn tekem\u00e4n kattavan analyysin siit\u00e4, mik\u00e4 Sourin toiminnassa oli v\u00e4\u00e4rin ja miksi h\u00e4n oli yksin vastuussa riidasta.<\/p>\n<p>\u2013 Tai pikemminkin teko\u00e4ly analysoi, kuinka min\u00e4 toimin reaktiivisesti lapsuuteni traumoista k\u00e4sin. Teko\u00e4ly selitti k\u00e4ytt\u00e4ytymist\u00e4ni my\u00f6s aikanaan saamistani diagnooseista k\u00e4sin, jolloin ymm\u00e4rsin, ett\u00e4 yst\u00e4v\u00e4ni oli sy\u00f6tt\u00e4nyt sille henkil\u00f6kohtaisia tietojani yksityisten viestiemme lis\u00e4ksi.<\/p>\n<p>Samalla Sourille selvisi my\u00f6s se, ett\u00e4 h\u00e4nen yst\u00e4v\u00e4ns\u00e4 painostuksesta tekem\u00e4ns\u00e4 persoonallisuustestit olivat p\u00e4\u00e4tyneet teko\u00e4lyn analysointiaineistoksi.<\/p>\n<p>Lue my\u00f6s: <a href=\"https:\/\/www.voice.fi\/viihde\/a-180840\" title=\"Katariina Souri ja Eliya-rakas ovat eronneet: &quot;Paras ratkaisu&quot;\" class=\"underline-custom !font-montserrat !font-bold !underline-offset-4 !decoration-4 !decoration-tilt-light !text-md\" rel=\"nofollow noopener\" target=\"_blank\">Katariina Souri ja Eliya-rakas ovat eronneet: &#8221;Paras ratkaisu&#8221;<\/a><\/p>\n<p>Lue my\u00f6s: <a href=\"https:\/\/www.voice.fi\/viihde\/a-172801\" title=\"Katariina Souri avautuu Annassa vaikeista vuosistaan: &quot;Erist\u00e4ydyin makuuhuoneeseen&quot;\" class=\"underline-custom !font-montserrat !font-bold !underline-offset-4 !decoration-4 !decoration-tilt-light !text-md\" rel=\"nofollow noopener\" target=\"_blank\">Katariina Souri avautuu Annassa vaikeista vuosistaan: &#8221;Erist\u00e4ydyin makuuhuoneeseen&#8221;<\/a><\/p>\n<p>\u2013 Koin t\u00e4llaisen toiminnan omia rajojani ja yksityisyytt\u00e4ni syv\u00e4sti loukkaavaksi. Teko\u00e4ly ei tietenk\u00e4\u00e4n n\u00e4hnyt mit\u00e4\u00e4n ongelmaa yst\u00e4v\u00e4ni tominnassa, vaan k\u00e4tev\u00e4sti koko tilanne oli syntynyt yksin minun persoonastani ja reagoinnistani johtuen.<\/p>\n<p>Taiteilija kertoo yst\u00e4vyyden loppuneen siihen. Syyn\u00e4 ei ollut itse riidan alkuper\u00e4inen aihe, vaan Sourin rajusti kritisoiman teko\u00e4lyn vet\u00e4minen mukaan heid\u00e4n keskin\u00e4iseen konfliktiinsa. H\u00e4n kertoo, ettei itse ole edes ladannut teko\u00e4ly\u00e4 omille laitteilleen.<\/p>\n<p>H\u00e4n nostaa esiin t\u00e4rke\u00e4n n\u00e4k\u00f6kulman:<\/p>\n<p>\u2013 Teko\u00e4ly tunkee kovaa vauhtia sellaisille el\u00e4m\u00e4n osa-alueille, mihin se ei kuulu. Terapeuttina teko\u00e4ly on jopa vaarallinen, sill\u00e4 se vahvistaa k\u00e4ytt\u00e4j\u00e4n omaa subjektiivista kokemusta, vaikka terapiassa olisi tarpeellista tuoda esiin my\u00f6s terapoitavalle haasteellisia n\u00e4k\u00f6kulmia ja vaihtoehtoisia selitysmalleja.<\/p>\n<p>Lue my\u00f6s: <a href=\"https:\/\/www.voice.fi\/ilmiot\/a-240381\" title=\"Yh\u00e4 useampi suomalainen k\u00e4ytt\u00e4\u00e4 teko\u00e4ly\u00e4 ty\u00f6nhaussa \u2013 siin\u00e4 on kuitenkin riskins\u00e4\" class=\"underline-custom !font-montserrat !font-bold !underline-offset-4 !decoration-4 !decoration-tilt-light !text-md\" rel=\"nofollow noopener\" target=\"_blank\">Yh\u00e4 useampi suomalainen k\u00e4ytt\u00e4\u00e4 teko\u00e4ly\u00e4 ty\u00f6nhaussa \u2013 siin\u00e4 on kuitenkin riskins\u00e4<\/a><\/p>\n<p>Lue my\u00f6s: <a href=\"https:\/\/www.voice.fi\/ilmiot\/a-236360\" title=\"STT:n ja Bauer Median teko\u00e4lyn lukemat radiouutiset palkittiin Suurella Journalistipalkinnolla\" class=\"underline-custom !font-montserrat !font-bold !underline-offset-4 !decoration-4 !decoration-tilt-light !text-md\" rel=\"nofollow noopener\" target=\"_blank\">STT:n ja Bauer Median teko\u00e4lyn lukemat radiouutiset palkittiin Suurella Journalistipalkinnolla<\/a><\/p>\n<p>\u2013 Jos oikein olen ymm\u00e4rt\u00e4nyt, niin teko\u00e4ly on poikkeuksellisen empaattinen, mielistelee k\u00e4ytt\u00e4j\u00e4\u00e4ns\u00e4, vahvistaen h\u00e4nen itsetuntoaan ja min\u00e4kuvaansa. T\u00e4st\u00e4 voi joskus olla hy\u00f6ty\u00e4kin, mutta jos opimme ihmisin\u00e4 siihen, ett\u00e4 olemme aina oikeassa, niin k\u00e4sityksemme todellisuudesta v\u00e4\u00e4ristyy.<\/p>\n<p>H\u00e4n jatkaa teko\u00e4lyn k\u00e4yt\u00f6st\u00e4 tehtyjen tutkimusten osoittavan, ett\u00e4 se sek\u00e4 lis\u00e4\u00e4 narsismia, ett\u00e4 kasvattaa riski\u00e4 psykoottiseen k\u00e4ytt\u00e4ytymiseen.<\/p>\n<p>\u2013 Mit\u00e4 enemm\u00e4n teko\u00e4lyn kanssa kaveeraa, sit\u00e4 todenn\u00e4k\u00f6isemmin ihminen kehitt\u00e4\u00e4 harhaisia ajatuksia niin itsest\u00e4\u00e4n kuin kanssaihmisist\u00e4\u00e4nkin. Kyky muodostaa asioista mahdollisimman todenmukainen kokonaiskuva heikkenee.<\/p>\n<p>H\u00e4n alleviivaa, ettei syyt\u00e4 entist\u00e4 yst\u00e4v\u00e4\u00e4ns\u00e4 sen enemp\u00e4\u00e4 harhaisuudesta kuin narsismistakaan, ja my\u00f6nt\u00e4\u00e4 oman osuutensa riidan syntymisess\u00e4. H\u00e4n on kuitenkin sit\u00e4 mielt\u00e4, ettei teko\u00e4ly auta ihmisi\u00e4 ymm\u00e4rt\u00e4m\u00e4\u00e4n toisiaan tai k\u00e4sittelem\u00e4\u00e4n tunteitaan paremmin.<\/p>\n<p>Lue my\u00f6s: <a href=\"https:\/\/www.voice.fi\/ilmiot\/a-235488\" title=\"&quot;Tuomiop\u00e4iv\u00e4n kelloa&quot; siirrettiin j\u00e4lleen l\u00e4hemm\u00e4s keskiy\u00f6t\u00e4 \u2013 l\u00e4hemp\u00e4n\u00e4 kuin koskaan aiemmin\" class=\"underline-custom !font-montserrat !font-bold !underline-offset-4 !decoration-4 !decoration-tilt-light !text-md\" rel=\"nofollow noopener\" target=\"_blank\">&#8221;Tuomiop\u00e4iv\u00e4n kelloa&#8221; siirrettiin j\u00e4lleen l\u00e4hemm\u00e4s keskiy\u00f6t\u00e4 \u2013 l\u00e4hemp\u00e4n\u00e4 kuin koskaan aiemmin<\/a><\/p>\n<p>Lue my\u00f6s: <a href=\"https:\/\/www.voice.fi\/ilmiot\/a-234459\" title=\"Mihin suomalaiset k\u00e4ytt\u00e4v\u00e4t teko\u00e4ly\u00e4? Tilastot kertovat\" class=\"underline-custom !font-montserrat !font-bold !underline-offset-4 !decoration-4 !decoration-tilt-light !text-md\" rel=\"nofollow noopener\" target=\"_blank\">Mihin suomalaiset k\u00e4ytt\u00e4v\u00e4t teko\u00e4ly\u00e4? Tilastot kertovat<\/a><\/p>\n<p>\u2013 Sit\u00e4 vastoin teko\u00e4ly nakertaa kyky\u00e4mme samastua toisten ihmisten asemaan, ja ep\u00e4ilem\u00e4tt\u00e4 ruokkii psykoottisen ja harhaisen oireilun lis\u00e4ksi persoonallisuush\u00e4iri\u00f6it\u00e4.<\/p>\n<p>\u2013 Millainen maailmasta tuleekaan, jos ihmiset j\u00e4\u00e4v\u00e4t toimettomiksi, polttelevat pilve\u00e4 ja vet\u00e4v\u00e4t psykedeelej\u00e4 ja viett\u00e4v\u00e4t yh\u00e4 enemm\u00e4n aikaa netiss\u00e4 ja teko\u00e4lyn parissa? Ei liene vaikeaa ennustaa, ett\u00e4 yh\u00e4 useampi ihminen alkaa ajatella, ett\u00e4 t\u00e4m\u00e4 maailma on pelkk\u00e4 tietokonesimulaatio.<\/p>\n","protected":false},"excerpt":{"rendered":"Taiteilija Katariina Sourin tuore sosiaalisen median p\u00e4ivitys muistuttaa, ettei teko\u00e4lyn k\u00e4ytt\u00f6 aina ole pelkk\u00e4\u00e4 harmitonta hauskanpitoa, vaan sill\u00e4&hellip;\n","protected":false},"author":2,"featured_media":114053,"comment_status":"","ping_status":"","sticky":false,"template":"","format":"standard","meta":{"footnotes":""},"categories":[130],"tags":[137,33,31,30,2177,32,8341,20966,109],"class_list":{"0":"post-114052","1":"post","2":"type-post","3":"status-publish","4":"format-standard","5":"has-post-thumbnail","7":"category-viihde","8":"tag-entertainment","9":"tag-fi","10":"tag-finland","11":"tag-finnish","12":"tag-riita","13":"tag-suomi","14":"tag-tekou00e4ly","15":"tag-vaara","16":"tag-viihde"},"share_on_mastodon":{"url":"https:\/\/pubeurope.com\/@fi\/115703886881416118","error":""},"_links":{"self":[{"href":"https:\/\/www.europesays.com\/fi\/wp-json\/wp\/v2\/posts\/114052","targetHints":{"allow":["GET"]}}],"collection":[{"href":"https:\/\/www.europesays.com\/fi\/wp-json\/wp\/v2\/posts"}],"about":[{"href":"https:\/\/www.europesays.com\/fi\/wp-json\/wp\/v2\/types\/post"}],"author":[{"embeddable":true,"href":"https:\/\/www.europesays.com\/fi\/wp-json\/wp\/v2\/users\/2"}],"replies":[{"embeddable":true,"href":"https:\/\/www.europesays.com\/fi\/wp-json\/wp\/v2\/comments?post=114052"}],"version-history":[{"count":0,"href":"https:\/\/www.europesays.com\/fi\/wp-json\/wp\/v2\/posts\/114052\/revisions"}],"wp:featuredmedia":[{"embeddable":true,"href":"https:\/\/www.europesays.com\/fi\/wp-json\/wp\/v2\/media\/114053"}],"wp:attachment":[{"href":"https:\/\/www.europesays.com\/fi\/wp-json\/wp\/v2\/media?parent=114052"}],"wp:term":[{"taxonomy":"category","embeddable":true,"href":"https:\/\/www.europesays.com\/fi\/wp-json\/wp\/v2\/categories?post=114052"},{"taxonomy":"post_tag","embeddable":true,"href":"https:\/\/www.europesays.com\/fi\/wp-json\/wp\/v2\/tags?post=114052"}],"curies":[{"name":"wp","href":"https:\/\/api.w.org\/{rel}","templated":true}]}}