{"id":114056,"date":"2025-12-12T01:02:08","date_gmt":"2025-12-12T01:02:08","guid":{"rendered":"https:\/\/www.europesays.com\/fi\/114056\/"},"modified":"2025-12-12T01:02:08","modified_gmt":"2025-12-12T01:02:08","slug":"kilmar-abrego-garcia-vapautettu-yhdysvaltalaistuomarin-maarayksen-mukaisesti-uutisia-lyhyesti","status":"publish","type":"post","link":"https:\/\/www.europesays.com\/fi\/114056\/","title":{"rendered":"Kilmar \u00c1brego Garc\u00eda vapautettu yhdysvaltalais\u00adtuomarin m\u00e4\u00e4r\u00e4yksen mukaisesti | Uutisia lyhyesti"},"content":{"rendered":"<p class=\"aw-1gybjub aw-1p7kakr kEtdKx cEmitX yle__article__paragraph\">Maahanmuuttos\u00e4il\u00f6ss\u00e4 pid\u00e4tettyn\u00e4 ollut <strong class=\"aw-ak79eh KyCXm yle__article__strong\">Kilmar \u00c1brego Garc\u00eda<\/strong> on vapautettu, uutisoi yhdysvaltalainen Fox News -kanava. My\u00f6hemmin my\u00f6s \u00c1brego Garc\u00edan asianajaja vahvisti, ett\u00e4 t\u00e4m\u00e4 on vapautettu.<\/p>\n<p class=\"aw-1gybjub aw-1p7kakr kEtdKx cEmitX yle__article__paragraph\">Aiemmin torstaina <a class=\"aw-iao6s4 iHOxEa yle__article__link\" href=\"https:\/\/yle.fi\/a\/74-20199303\" role=\"link\" rel=\"nofollow noopener\" target=\"_blank\">yhdysvaltalainen tuomari m\u00e4\u00e4r\u00e4si<\/a>, ett\u00e4 \u00c1brego Garc\u00eda tulee vapauttaa maahanmuuttos\u00e4il\u00f6st\u00e4 Pennsylvanian osavaltiossa.<\/p>\n<p class=\"aw-1gybjub aw-1p7kakr kEtdKx cEmitX yle__article__paragraph\">Yhdysvaltain presidentti <strong class=\"aw-ak79eh KyCXm yle__article__strong\">Donald Trumpin<\/strong> hallinto karkotti \u00c1brego Garc\u00edan laittomasti El Salvadoriin viime kev\u00e4\u00e4n\u00e4.<\/p>\n<p class=\"aw-1gybjub aw-1p7kakr kEtdKx cEmitX yle__article__paragraph\">Viranomaiset ovat v\u00e4itt\u00e4neet \u00c1brego Garc\u00edan olevan uhka yleiselle turvallisuudelle, kun taas kriitikot ovat syytt\u00e4neet Yhdysvaltain hallintoa laillisten oikeuksien polkemisesta pyrkimyksess\u00e4\u00e4n karkottaa miljoonia laittomasti maassa olevia.<\/p>\n<p class=\"aw-1gybjub aw-1p7kakr kEtdKx cEmitX yle__article__paragraph\">L\u00e4hde: Reuters<\/p>\n","protected":false},"excerpt":{"rendered":"Maahanmuuttos\u00e4il\u00f6ss\u00e4 pid\u00e4tettyn\u00e4 ollut Kilmar \u00c1brego Garc\u00eda on vapautettu, uutisoi yhdysvaltalainen Fox News -kanava. My\u00f6hemmin my\u00f6s \u00c1brego Garc\u00edan asianajaja&hellip;\n","protected":false},"author":2,"featured_media":74,"comment_status":"","ping_status":"","sticky":false,"template":"","format":"standard","meta":{"footnotes":""},"categories":[14],"tags":[22,23,26,27,33,31,30,17,586,24,25,3244,28,29,15,1915,18,21,6811,32,19,20,56,16,59,60,61,619],"class_list":{"0":"post-114056","1":"post","2":"type-post","3":"status-publish","4":"format-standard","5":"has-post-thumbnail","7":"category-ulkomaat","8":"tag-breaking-news","9":"tag-breakingnews","10":"tag-featured-news","11":"tag-featurednews","12":"tag-fi","13":"tag-finland","14":"tag-finnish","15":"tag-headlines","16":"tag-karkotukset","17":"tag-latest-news","18":"tag-latestnews","19":"tag-maahanmuutto","20":"tag-main-news","21":"tag-mainnews","22":"tag-news","23":"tag-oikeus","24":"tag-otsikot","25":"tag-paauutiset","26":"tag-presidentti-trumpin-hallinto","27":"tag-suomi","28":"tag-top-stories","29":"tag-topstories","30":"tag-ulkomaat","31":"tag-uutiset","32":"tag-world","33":"tag-world-news","34":"tag-worldnews","35":"tag-yhdysvallat"},"share_on_mastodon":{"url":"https:\/\/pubeurope.com\/@fi\/115703902684634128","error":""},"_links":{"self":[{"href":"https:\/\/www.europesays.com\/fi\/wp-json\/wp\/v2\/posts\/114056","targetHints":{"allow":["GET"]}}],"collection":[{"href":"https:\/\/www.europesays.com\/fi\/wp-json\/wp\/v2\/posts"}],"about":[{"href":"https:\/\/www.europesays.com\/fi\/wp-json\/wp\/v2\/types\/post"}],"author":[{"embeddable":true,"href":"https:\/\/www.europesays.com\/fi\/wp-json\/wp\/v2\/users\/2"}],"replies":[{"embeddable":true,"href":"https:\/\/www.europesays.com\/fi\/wp-json\/wp\/v2\/comments?post=114056"}],"version-history":[{"count":0,"href":"https:\/\/www.europesays.com\/fi\/wp-json\/wp\/v2\/posts\/114056\/revisions"}],"wp:featuredmedia":[{"embeddable":true,"href":"https:\/\/www.europesays.com\/fi\/wp-json\/wp\/v2\/media\/74"}],"wp:attachment":[{"href":"https:\/\/www.europesays.com\/fi\/wp-json\/wp\/v2\/media?parent=114056"}],"wp:term":[{"taxonomy":"category","embeddable":true,"href":"https:\/\/www.europesays.com\/fi\/wp-json\/wp\/v2\/categories?post=114056"},{"taxonomy":"post_tag","embeddable":true,"href":"https:\/\/www.europesays.com\/fi\/wp-json\/wp\/v2\/tags?post=114056"}],"curies":[{"name":"wp","href":"https:\/\/api.w.org\/{rel}","templated":true}]}}