{"id":114057,"date":"2025-12-12T01:03:10","date_gmt":"2025-12-12T01:03:10","guid":{"rendered":"https:\/\/www.europesays.com\/fi\/114057\/"},"modified":"2025-12-12T01:03:10","modified_gmt":"2025-12-12T01:03:10","slug":"tuppurainen-irtisanomislaki-osuu-huonoon-hetkeen","status":"publish","type":"post","link":"https:\/\/www.europesays.com\/fi\/114057\/","title":{"rendered":"Tuppurainen: Irtisanomislaki osuu huonoon hetkeen"},"content":{"rendered":"<p>Eduskunnassa saatetaan keskustella t \u00e4n\u00e4\u00e4n aamukahteen asti.<\/p>\n<p><img decoding=\"async\" class=\"image image-show image-preview\" src=\"https:\/\/www.europesays.com\/fi\/wp-content\/uploads\/2025\/12\/d1038074d268f50aedacfc2f065c18746de6148b3a01556efb10d07aa6d8ece7.jpg\" alt=\"\"\/><img decoding=\"async\" class=\"image image-show\" src=\"https:\/\/www.europesays.com\/fi\/wp-content\/uploads\/2025\/12\/1765501390_212_d1038074d268f50aedacfc2f065c18746de6148b3a01556efb10d07aa6d8ece7.jpg\" alt=\"\"\/><\/p>\n<p>SDP:n eduskuntaryhm\u00e4n puheenjohtaja Tytti Tuppurainen kritisoi hallituksen lakiesityst\u00e4. Kuvituskuva. Henri K\u00e4rkk\u00e4inen<\/p>\n<p class=\"paragraph\">Oppositiopuolue SDP:n kansanedustajat k\u00e4yttiv\u00e4t y\u00f6ll\u00e4 eduskunnan t\u00e4ysistunnossa useita puheenvuoroja kritisoidakseen hallituksen esityst\u00e4 irtisanomislain muuttamisesta.<\/p>\n<p class=\"paragraph\">SDP:n eduskuntaryhm\u00e4n puheenjohtaja <a href=\"https:\/\/www.iltalehti.fi\/henkilot\/Tytti Tuppurainen\" class=\"article-link-person-page\" rel=\"nofollow noopener\" target=\"_blank\">Tytti Tuppurainen<\/a> kommentoi keskusteluita kello 23 j\u00e4lkeen.<\/p>\n<p class=\"paragraph\">\u2013 Haluan kiinnitt\u00e4\u00e4 huomiota koko suomalaista ty\u00f6el\u00e4m\u00e4\u00e4 ja kaikkia suomalaisia koskettavaan lakiesitykseen, Tuppurainen sanoo.<\/p>\n<p class=\"paragraph\">Tavallisesti eduskunnan t\u00e4ysistunnon p\u00e4\u00e4ttyv\u00e4t viimeist\u00e4\u00e4n kello 22. T\u00e4n\u00e4\u00e4n keskustelu voi jatkua pisimmill\u00e4\u00e4n aamukahteen. Normaali aikaraja on poistettu joulutaukoon saakka.<\/p>\n<p class=\"paragraph\">Tuppuraisen mukaan oppositiopuolue pyrkii y\u00f6llisell\u00e4 keskustelulla vaikuttamaan aidosti hallitukseen.<\/p>\n<p class=\"paragraph\">\u2013 Emme halua venytt\u00e4\u00e4, vaan her\u00e4tt\u00e4\u00e4 hallituksen huomaamaan esityksen puutteet ja erityisesti sen miten huonoon hetkeen esitys osuu, Tuppurainen sanoo.<\/p>\n<p class=\"paragraph\">Tuppurainen viittaa muun muassa kuluttajien heikkoon <a href=\"https:\/\/www.iltalehti.fi\/talous\/98e339b0-4ca7-4207-8424-468fb9479c11\" rel=\"nofollow noopener\" target=\"_blank\">luottamukseen<\/a> ja ep\u00e4varmuuteen omasta taloudesta.<\/p>\n<p class=\"paragraph\">Irtisanomislain muutoksella hallitus <a href=\"https:\/\/www.iltalehti.fi\/politiikka\/24fcdd08-9c6a-420e-87f6-faf7b0d5e464\" rel=\"nofollow noopener\" target=\"_blank\">pyrkii<\/a> tukemaan erityisesti pienten ja keskisuurten yritysten toimintaa helpottamalla irtisanomiseen vaadittavia syit\u00e4. Ty\u00f6llist\u00e4misen esteiden purkamisella tavoitellaan siis talouskasvua.<\/p>\n<p class=\"paragraph\">SDP:n mielest\u00e4 lain muotoilussa ei ole kuunneltu asiantuntijoiden mielipiteit\u00e4.<\/p>\n<p class=\"paragraph\">\u2013 Ei lis\u00e4\u00e4 ty\u00f6llisyytt\u00e4, ei lis\u00e4\u00e4 talouskasvua tai tuottavuutta, p\u00e4invastoin, Tuppurainen sanoo.<\/p>\n<p>\u201dMoitimme ankarasti\u201d<\/p>\n<p class=\"paragraph\">Puheenvuoroissa y\u00f6n aikana on tartuttu opposition huolenaiheisiin ty\u00f6ntekij\u00f6iden asemasta.  Oppositiossa on kritisoitu hallituksen ehdotusta, sill\u00e4 sen pel\u00e4t\u00e4\u00e4n lis\u00e4\u00e4v\u00e4n esimerkiksi ik\u00e4\u00e4ntyneiden ty\u00f6llistymist\u00e4 ja <a href=\"https:\/\/www.iltalehti.fi\/politiikka\/24fcdd08-9c6a-420e-87f6-faf7b0d5e464\" rel=\"nofollow noopener\" target=\"_blank\">perhevapaa- ja raskaussyrjint\u00e4\u00e4<\/a>.<\/p>\n<p class=\"paragraph\">SDP uskoo, ett\u00e4 hallituksen ehdotus heikent\u00e4isi entisest\u00e4\u00e4n alhaisella tasolla olevaa syntyvyytt\u00e4.<\/p>\n<p class=\"paragraph\">\u2013 Perheiss\u00e4 ei uskalleta l\u00e4hte\u00e4 edes yritt\u00e4m\u00e4\u00e4n, Tuppurainen sanoo.<\/p>\n<p class=\"paragraph\">\u2013 Moitimme ankarasti erityisesti kokoomusta.<\/p>\n<p class=\"paragraph\">Moni SDP:n kansanedustaja on varautunut pit\u00e4m\u00e4\u00e4n puheenvuoron. Pisimmill\u00e4\u00e4n istunto voi jatkua aamukahteen.<\/p>\n<p class=\"paragraph\">T\u00e4ysi-istunto alkoi kello 18 torstaina ja oli jutun julkaisuhetkell\u00e4 viel\u00e4 k\u00e4ynniss\u00e4. Pidettyj\u00e4 puheenvuoroja oli puoli yhden aikaan 91.<\/p>\n<p class=\"paragraph\">Tarvittaessa asian k\u00e4sittely\u00e4 jatketaan perjantaina noin kello 15 alkaen. Mahdolliset \u00e4\u00e4nestykset j\u00e4rjestet\u00e4\u00e4n maanantaina 15. joulukuuta.<\/p>\n","protected":false},"excerpt":{"rendered":"Eduskunnassa saatetaan keskustella t \u00e4n\u00e4\u00e4n aamukahteen asti. SDP:n eduskuntaryhm\u00e4n puheenjohtaja Tytti Tuppurainen kritisoi hallituksen lakiesityst\u00e4. Kuvituskuva. Henri K\u00e4rkk\u00e4inen&hellip;\n","protected":false},"author":2,"featured_media":114058,"comment_status":"","ping_status":"","sticky":false,"template":"","format":"standard","meta":{"footnotes":""},"categories":[12],"tags":[35,22,23,26,27,33,31,30,17,24,25,28,29,15,18,21,637,886,888,885,887,32,19,20,16],"class_list":{"0":"post-114057","1":"post","2":"type-post","3":"status-publish","4":"format-standard","5":"has-post-thumbnail","7":"category-suomi","8":"tag-24h","9":"tag-breaking-news","10":"tag-breakingnews","11":"tag-featured-news","12":"tag-featurednews","13":"tag-fi","14":"tag-finland","15":"tag-finnish","16":"tag-headlines","17":"tag-latest-news","18":"tag-latestnews","19":"tag-main-news","20":"tag-mainnews","21":"tag-news","22":"tag-otsikot","23":"tag-paauutiset","24":"tag-politiikka","25":"tag-puolueet","26":"tag-suomalaiset-poliitikot","27":"tag-suomen-poliittiset-puolueet","28":"tag-suomen-politiikka","29":"tag-suomi","30":"tag-top-stories","31":"tag-topstories","32":"tag-uutiset"},"share_on_mastodon":{"url":"https:\/\/pubeurope.com\/@fi\/115703906969797752","error":""},"_links":{"self":[{"href":"https:\/\/www.europesays.com\/fi\/wp-json\/wp\/v2\/posts\/114057","targetHints":{"allow":["GET"]}}],"collection":[{"href":"https:\/\/www.europesays.com\/fi\/wp-json\/wp\/v2\/posts"}],"about":[{"href":"https:\/\/www.europesays.com\/fi\/wp-json\/wp\/v2\/types\/post"}],"author":[{"embeddable":true,"href":"https:\/\/www.europesays.com\/fi\/wp-json\/wp\/v2\/users\/2"}],"replies":[{"embeddable":true,"href":"https:\/\/www.europesays.com\/fi\/wp-json\/wp\/v2\/comments?post=114057"}],"version-history":[{"count":0,"href":"https:\/\/www.europesays.com\/fi\/wp-json\/wp\/v2\/posts\/114057\/revisions"}],"wp:featuredmedia":[{"embeddable":true,"href":"https:\/\/www.europesays.com\/fi\/wp-json\/wp\/v2\/media\/114058"}],"wp:attachment":[{"href":"https:\/\/www.europesays.com\/fi\/wp-json\/wp\/v2\/media?parent=114057"}],"wp:term":[{"taxonomy":"category","embeddable":true,"href":"https:\/\/www.europesays.com\/fi\/wp-json\/wp\/v2\/categories?post=114057"},{"taxonomy":"post_tag","embeddable":true,"href":"https:\/\/www.europesays.com\/fi\/wp-json\/wp\/v2\/tags?post=114057"}],"curies":[{"name":"wp","href":"https:\/\/api.w.org\/{rel}","templated":true}]}}