{"id":114062,"date":"2025-12-12T01:19:08","date_gmt":"2025-12-12T01:19:08","guid":{"rendered":"https:\/\/www.europesays.com\/fi\/114062\/"},"modified":"2025-12-12T01:19:08","modified_gmt":"2025-12-12T01:19:08","slug":"kolmiodraama-yhden-sinkun-vaitteet-hammentavat","status":"publish","type":"post","link":"https:\/\/www.europesays.com\/fi\/114062\/","title":{"rendered":"Kolmiodraama: Yhden sinkun v\u00e4itteet h\u00e4mment\u00e4v\u00e4t"},"content":{"rendered":"<p>\n            Kolmiodraama<br \/>\n            MTV\n        <\/p>\n<p class=\"subtitle \">Kolmiodraama-sarjassa draamanpoikasta alkaa synty\u00e4.<\/p>\n<p class=\"article-content article-content-width !bg-background\">Yhden p\u00e4\u00e4sinkun k\u00e4yt\u00f6s h\u00e4mment\u00e4\u00e4 Kolmiodraama-sarjan uudella kaudella. Ohjelmassa viisi sinkkua muuttaa tuikituntemattoman ihmisen kanssa yhteen viestittelyn ja yksien treffien perusteella.<\/p>\n<p class=\"font-weight-bold m-font-weight-bold article-content article-content-width !bg-background\">Video: Salkkarit-n\u00e4yttelij\u00e4 kertoo isyydest\u00e4\u00e4n.<\/p>\n<p class=\"article-content article-content-width !bg-background\">Kauden nelj\u00e4nness\u00e4 jaksossa parit ovat asuneet saman katon alla hetken aikaa, joten on aika kokoontua yhteen jakamaan alkutaipaleen kokemuksia. Jakso on katsottavissa MTV Katsomo+:ssa. Tv:ss\u00e4 se esitet\u00e4\u00e4n 1. tammikuuta.<\/p>\n<p class=\"article-content article-content-width !bg-background\"> kertoo muille, ett\u00e4 h\u00e4nen ja  tilanne on takkuava. H\u00e4nell\u00e4 ei ole muodostunut mink\u00e4\u00e4nlaisia tunteita tapailukumppaniaan kohtaan. H\u00e4n my\u00f6s kertoo, ett\u00e4 h\u00e4nest\u00e4 tuntuu, ett\u00e4 asuu ihmisen kanssa, jonka kanssa tulee toimeen \u2013 ei muuta.<\/p>\n<p class=\"article-content article-content-width !bg-background\">\u2013 Minulla on sellainen olo, ett\u00e4 sanelen, miten tehd\u00e4\u00e4n, ja Olli tottelee, Jenni sanoo.<\/p>\n<p>        <a itemprop=\"url\" href=\"https:\/\/www.seiska.fi\/katso\/kolmiodraama-jennilta-raju-tilitys-treffikumppanistaan\/2017818\" rel=\"nofollow noopener\" target=\"_blank\"><\/p>\n<p>\nKolmiodraama\n<\/p>\n<p class=\"section-date\">\n        <strong class=\"article-section\" data-section=\"katso\"><br \/>\n            katso<br \/>\n        <\/strong><br \/>\n        10.12. 16:15\n    <\/p>\n<p>Kolmiodraama: Jennilt\u00e4 raju tilitys treffikumppanistaan\n    <\/p>\n<p itemprop=\"description\" class=\"subtitle \">\n    Jennin ja Ollin romanttinen suhden ei ota tuulta alleen Kolmiodraama-ohjelmassa.\n<\/p>\n<p>        <\/a><\/p>\n<p class=\"article-content article-content-width !bg-background\">H\u00e4n my\u00f6s kertoo, ett\u00e4 haluaisi jonkun, joka tulee h\u00e4nt\u00e4 vastaan. Jenni kertoo esimerkkej\u00e4 muille pareille. H\u00e4n my\u00f6s kertoo olevansa muille pareille kateellinen heid\u00e4n hyv\u00e4st\u00e4 tilanteestaan.<\/p>\n<p class=\"article-content article-content-width !bg-background\">Olli sanoo kameralle, ett\u00e4 Jennill\u00e4 on voimakas tahto, ja h\u00e4n tiet\u00e4\u00e4, mit\u00e4 haluaa.<\/p>\n<p class=\"article-content article-content-width !bg-background\">\u2013 H\u00e4n puhuu pikkasen suoremmin kuin itse olisin asian esitt\u00e4nyt, mutta sama asiasis\u00e4lt\u00f6 tulee sielt\u00e4 esille, Olli pohtii.<\/p>\n<p class=\"article-content article-content-width !bg-background\">Jenni puolestaan kertoo, ett\u00e4 tilanne on aiheuttanut h\u00e4nelle ristiriitaisia tunteita.<\/p>\n<p class=\"article-content article-content-width !bg-background\">\u2013 Tuli semmoinen fiilis, ett\u00e4 taas minun kohdallani on kaikki paska, Jenni t\u00e4r\u00e4ytt\u00e4\u00e4 kameralle.<\/p>\n<p>                <img decoding=\"async\" src=\"https:\/\/www.europesays.com\/fi\/wp-content\/uploads\/2025\/12\/2019150.webp\" width=\"576\" height=\"274\" title=\"Ollin ja Jennin v\u00e4lit puhuttavat sarjassa.\" alt=\"Kolmiodraama\" loading=\"lazy\" \/>            <\/p>\n<p>\n            Ollin ja Jennin v\u00e4lit puhuttavat sarjassa.<br \/>\n            MTV\n        <\/p>\n<p>&#8221;\u00c4rsytt\u00e4v\u00e4&#8221;<\/p>\n<p class=\"article-content article-content-width !bg-background\">Muut parit kommentoivat Jennin ja Ollin tilannetta.  sanoo, ettei Ollista saanut hirve\u00e4sti irti, eik\u00e4 h\u00e4n tied\u00e4, onko mies oikeasti niin samaa mielt\u00e4 Jennin kanssa, kuin on v\u00e4itetty.<\/p>\n<p class=\"article-content article-content-width !bg-background\">\u2013 Olli ei saanut puheenvuoroa, ei otettu huomioon. Kommunikointi oli yhdest\u00e4 suusta. Se kertoo ainakin minulle miehen\u00e4 paljon, Sannin tapailukumppani  sanoo.<\/p>\n<p class=\"article-content article-content-width !bg-background\">\u2013 Jenni oli ehk\u00e4 v\u00e4h\u00e4n \u00e4rsytt\u00e4v\u00e4. Koin ett\u00e4\u2026 Ei se mennyt ilkeilyksi Ollia kohtaan, mutta v\u00e4h\u00e4n k\u00e4vi Ollia s\u00e4\u00e4liksi,  pohtii kuulemaansa kameralle.<\/p>\n<p>        <a itemprop=\"url\" href=\"https:\/\/www.seiska.fi\/katso\/juho-40-etsii-nuorempaa-naista-tvssa-kiusallinen-tilanne-treffeilla\/2010904\" rel=\"nofollow noopener\" target=\"_blank\"><\/p>\n<p>\nJuho etsii rakkautta tv:ss\u00e4:\n<\/p>\n<p class=\"section-date\">\n        <strong class=\"article-section\" data-section=\"katso\"><br \/>\n            katso<br \/>\n        <\/strong><br \/>\n        4.12. 08:15\n    <\/p>\n<p>Juho, 40, etsii nuorempaa naista tv:ss\u00e4 \u2013 kiusallinen tilanne treffeill\u00e4\n    <\/p>\n<p itemprop=\"description\" class=\"subtitle \">\n    Kolmiodraama-sarjan toinen kausi alkaa. Ensimm\u00e4isess\u00e4 jaksossa Juho joutuu kiper\u00e4n tilanteen eteen.\n<\/p>\n<p>        <\/a><\/p>\n<p class=\"article-content article-content-width !bg-background\">Juhlien j\u00e4lkeisen\u00e4 aamuna parit puivat viel\u00e4 edellist\u00e4 iltaa. Juhlat jatkuivat my\u00f6s kameroiden sammuttua.<\/p>\n<p class=\"article-content article-content-width !bg-background\">Sannin mukaan Ollista tuli uusi puoli esiin jatkoilla, kun Jenni palasi kaksikon asunnolle. H\u00e4nen mukaansa Olli oli vapautuneempi, ja hauskat jutut p\u00e4\u00e4siv\u00e4t esiin.<\/p>\n<p class=\"article-content article-content-width !bg-background\">\u2013 Rupesihan sielt\u00e4 mielipiteit\u00e4kin l\u00f6ytym\u00e4\u00e4n, Teemu toteaa.<\/p>\n<p class=\"article-content article-content-width !bg-background\">Teemu ja Sanni pohtivat, ett\u00e4 Jennin olisi hyv\u00e4 antaa tilaa ja arvoa my\u00f6s Ollin mielipiteit\u00e4.<\/p>\n<p>Jennin mielest\u00e4 tilanne on kuollut<\/p>\n<p class=\"article-content article-content-width !bg-background\">Yhteinen illanvietto on saanut Jennin pohtimaan h\u00e4nen ja Ollin tilannetta, jota h\u00e4n kuvailee kolkoksi.<\/p>\n<p class=\"article-content article-content-width !bg-background\">\u2013 Tulee mieleen, ett\u00e4 muilla on toivoa, mutta meid\u00e4n tilanteemme on kuollut. Siit\u00e4 ei menn\u00e4 suuntaan tai toiseen, Jenni sanoo.<\/p>\n<p class=\"article-content article-content-width !bg-background\">H\u00e4n kokee, ettei ollut oma itsens\u00e4 illanvietossa. H\u00e4n painiskeli negatiivisten tuntemustensa kanssa.<\/p>\n<p class=\"article-content article-content-width !bg-background\">\u2013 Ep\u00e4reilu olo. Tuli sellainen olo, ett\u00e4 miten mik\u00e4\u00e4n ei onnistu. Vaikka se tilanne ei ole, mutta se oli se, mit\u00e4 koin siin\u00e4 hetkess\u00e4, Jenni sanoo.<\/p>\n<p class=\"italic m-italic article-content article-content-width !bg-background\">Kolmiodraama torstaisin MTV3:lla ja MTV Katsomossa.<\/p>\n<p>        <a itemprop=\"url\" href=\"https:\/\/www.seiska.fi\/katso\/kia-lehmuskoski-podcastissa-sukset-ristiin-ttk-tanssiparin-kanssa\/2010151\" rel=\"nofollow noopener\" target=\"_blank\"><\/p>\n<p>\nKia Lehmuskoski podcastissa:\n<\/p>\n<p class=\"section-date\">\n        <strong class=\"article-section\" data-section=\"katso\"><br \/>\n            katso<br \/>\n        <\/strong><br \/>\n        10.12. 06:15\n    <\/p>\n<p>Kia Lehmuskoski podcastissa: Sukset ristiin TTK-tanssiparin kanssa\n    <\/p>\n<p itemprop=\"description\" class=\"subtitle \">\n    Kia Lehmuskoski my\u00f6nt\u00e4\u00e4, ett\u00e4 uransa aikana h\u00e4nell\u00e4 on ollut ihastumisia tanssiparia kohtaan.\n<\/p>\n<p>        <\/a><\/p>\n","protected":false},"excerpt":{"rendered":"Kolmiodraama MTV Kolmiodraama-sarjassa draamanpoikasta alkaa synty\u00e4. Yhden p\u00e4\u00e4sinkun k\u00e4yt\u00f6s h\u00e4mment\u00e4\u00e4 Kolmiodraama-sarjan uudella kaudella. Ohjelmassa viisi sinkkua muuttaa tuikituntemattoman&hellip;\n","protected":false},"author":2,"featured_media":114063,"comment_status":"","ping_status":"","sticky":false,"template":"","format":"standard","meta":{"footnotes":""},"categories":[133],"tags":[137,33,31,30,20968,16798,905,20967,11695,32,206,1318,156,109,2213],"class_list":{"0":"post-114062","1":"post","2":"type-post","3":"status-publish","4":"format-standard","5":"has-post-thumbnail","7":"category-televisiot","8":"tag-entertainment","9":"tag-fi","10":"tag-finland","11":"tag-finnish","12":"tag-jenni","13":"tag-kolmiodraama","14":"tag-mtv3","15":"tag-olli","16":"tag-suhdeongelmat","17":"tag-suomi","18":"tag-televisiot","19":"tag-tv-ohjelma","20":"tag-tv","21":"tag-viihde","22":"tag-viihdeohjelma"},"share_on_mastodon":{"url":"https:\/\/pubeurope.com\/@fi\/115703969660807822","error":""},"_links":{"self":[{"href":"https:\/\/www.europesays.com\/fi\/wp-json\/wp\/v2\/posts\/114062","targetHints":{"allow":["GET"]}}],"collection":[{"href":"https:\/\/www.europesays.com\/fi\/wp-json\/wp\/v2\/posts"}],"about":[{"href":"https:\/\/www.europesays.com\/fi\/wp-json\/wp\/v2\/types\/post"}],"author":[{"embeddable":true,"href":"https:\/\/www.europesays.com\/fi\/wp-json\/wp\/v2\/users\/2"}],"replies":[{"embeddable":true,"href":"https:\/\/www.europesays.com\/fi\/wp-json\/wp\/v2\/comments?post=114062"}],"version-history":[{"count":0,"href":"https:\/\/www.europesays.com\/fi\/wp-json\/wp\/v2\/posts\/114062\/revisions"}],"wp:featuredmedia":[{"embeddable":true,"href":"https:\/\/www.europesays.com\/fi\/wp-json\/wp\/v2\/media\/114063"}],"wp:attachment":[{"href":"https:\/\/www.europesays.com\/fi\/wp-json\/wp\/v2\/media?parent=114062"}],"wp:term":[{"taxonomy":"category","embeddable":true,"href":"https:\/\/www.europesays.com\/fi\/wp-json\/wp\/v2\/categories?post=114062"},{"taxonomy":"post_tag","embeddable":true,"href":"https:\/\/www.europesays.com\/fi\/wp-json\/wp\/v2\/tags?post=114062"}],"curies":[{"name":"wp","href":"https:\/\/api.w.org\/{rel}","templated":true}]}}