{"id":114066,"date":"2025-12-12T01:24:13","date_gmt":"2025-12-12T01:24:13","guid":{"rendered":"https:\/\/www.europesays.com\/fi\/114066\/"},"modified":"2025-12-12T01:24:13","modified_gmt":"2025-12-12T01:24:13","slug":"kultainen-venla-2025-juhlii-suomalaisen-television-historiaa-ja-nykyhetkea-ylen-kanavilla-tammikuussa-ylen-tiedotteet-yle-fi","status":"publish","type":"post","link":"https:\/\/www.europesays.com\/fi\/114066\/","title":{"rendered":"Kultainen Venla 2025 juhlii suomalaisen television historiaa ja nykyhetke\u00e4 Ylen kanavilla tammikuussa \u2013 Ylen tiedotteet \u2013 yle.fi"},"content":{"rendered":"<p class=\"ydd-lead font-bold text-lg owl:text-xl\">  Kultainen Venla -gaala ja etkol\u00e4hetys punaiselta matolta n\u00e4hd\u00e4\u00e4n Yle Areenassa ja Yle TV1:ss\u00e4 suorina l\u00e4hetyksin\u00e4.<\/p>\n<p>Suomalaisen television loistokkain ilta on j\u00e4lleen t\u00e4\u00e4ll\u00e4. Kotimaisen tv-alan t\u00e4hdet, tekij\u00e4t ja yleis\u00f6 kokoontuvat juhlistamaan vuoden 2025 parhaita ohjelmia ja esiintyji\u00e4 Kultainen Venla -gaalassa 23. tammikuuta. Suora l\u00e4hetys alkaa Yle Areenassa ja Yle TV1:ss\u00e4 klo 21.00.<\/p>\n<p>Ylen 100-vuotisjuhlavuoden kunniaksi gaalassa juhlitaan erityisesti suomalaista televisiohistoriaa. Juontajina n\u00e4hd\u00e4\u00e4n YleX:n aamusta tuttu <strong>Jenni Poikelus<\/strong> ja UMK:sta ja Yle Mixist\u00e4 tuttu <strong>Jasmin Beloued.<\/strong><\/p>\n<p>Luvassa on tuttuun tapaan j\u00e4nnityst\u00e4, ilon kyyneleit\u00e4, tunteikkaita kiitospuheita ja unohtumattomia hetki\u00e4. <a class=\"link\" href=\"https:\/\/www.kultainenvenla.fi\/kultainen-venla-2025-finalistit-julkistettu\/\" rel=\"nofollow noopener\" target=\"_blank\">Televisioakatemian j\u00e4senist\u00f6 valitsee finalistien joukosta <\/a>palkittavat, mutta my\u00f6s yleis\u00f6 p\u00e4\u00e4see \u00e4\u00e4nest\u00e4m\u00e4\u00e4n Vuoden Esiintyj\u00e4\u00e4 sek\u00e4 Vuoden ohjelmaa 16.12. alkaen osoitteessa <a class=\"link\" href=\"https:\/\/www.kultainenvenla.fi\/\" rel=\"nofollow noopener\" target=\"_blank\">kultainenvenla.fi<\/a>.<\/p>\n<p>Ennen gaalaa tunnelmaan viritt\u00e4ydyt\u00e4\u00e4n Kultainen Venla \u2013 punainen matto -l\u00e4hetyksess\u00e4, joka n\u00e4hd\u00e4\u00e4n suorana Suomen kansallisoopperan ja baletin Alminsalista klo 20.00\u201320.30 Yle TV1:ss\u00e4 ja Yle Areenassa.<\/p>\n<p>Punaisen maton iltaa juontavat <strong>Inkeri Alatalo<\/strong> ja <strong>Mikko Pienipaavola<\/strong>, jotka haastattelevat illan ehdokkaita, muita kiinnostavia vieraita sek\u00e4 maineikkaita palkintojen jakajia tuoreeltaan ennen gaalan alkua.<\/p>\n<p>Kuka pit\u00e4\u00e4 illan pisimm\u00e4n kiitospuheen, kuka palkitaan el\u00e4m\u00e4nty\u00f6st\u00e4\u00e4n, kenell\u00e4 on upein muotiluomus ja kenen sanat saavat katsojat sek\u00e4 juhlayleis\u00f6n liikuttumaan? Tule mukaan seuraamaan suomalaista televisiohistoriaa \u2013 vuoden kohokohta on t\u00e4\u00e4ll\u00e4!<\/p>\n<p><strong>Kultainen Venla 23.1. Yle TV1 ja Yle Areena klo 21.00<br \/>Kultainen Venla \u2013 punainen matto 23.1. Yle TV1 ja Yle Areena klo 20.00<\/strong><\/p>\n","protected":false},"excerpt":{"rendered":"Kultainen Venla -gaala ja etkol\u00e4hetys punaiselta matolta n\u00e4hd\u00e4\u00e4n Yle Areenassa ja Yle TV1:ss\u00e4 suorina l\u00e4hetyksin\u00e4. Suomalaisen television loistokkain&hellip;\n","protected":false},"author":2,"featured_media":114067,"comment_status":"","ping_status":"","sticky":false,"template":"","format":"standard","meta":{"footnotes":""},"categories":[130],"tags":[137,33,31,30,5602,32,109,1149],"class_list":{"0":"post-114066","1":"post","2":"type-post","3":"status-publish","4":"format-standard","5":"has-post-thumbnail","7":"category-viihde","8":"tag-entertainment","9":"tag-fi","10":"tag-finland","11":"tag-finnish","12":"tag-kultainen-venla","13":"tag-suomi","14":"tag-viihde","15":"tag-yle"},"share_on_mastodon":{"url":"https:\/\/pubeurope.com\/@fi\/115703989079848290","error":""},"_links":{"self":[{"href":"https:\/\/www.europesays.com\/fi\/wp-json\/wp\/v2\/posts\/114066","targetHints":{"allow":["GET"]}}],"collection":[{"href":"https:\/\/www.europesays.com\/fi\/wp-json\/wp\/v2\/posts"}],"about":[{"href":"https:\/\/www.europesays.com\/fi\/wp-json\/wp\/v2\/types\/post"}],"author":[{"embeddable":true,"href":"https:\/\/www.europesays.com\/fi\/wp-json\/wp\/v2\/users\/2"}],"replies":[{"embeddable":true,"href":"https:\/\/www.europesays.com\/fi\/wp-json\/wp\/v2\/comments?post=114066"}],"version-history":[{"count":0,"href":"https:\/\/www.europesays.com\/fi\/wp-json\/wp\/v2\/posts\/114066\/revisions"}],"wp:featuredmedia":[{"embeddable":true,"href":"https:\/\/www.europesays.com\/fi\/wp-json\/wp\/v2\/media\/114067"}],"wp:attachment":[{"href":"https:\/\/www.europesays.com\/fi\/wp-json\/wp\/v2\/media?parent=114066"}],"wp:term":[{"taxonomy":"category","embeddable":true,"href":"https:\/\/www.europesays.com\/fi\/wp-json\/wp\/v2\/categories?post=114066"},{"taxonomy":"post_tag","embeddable":true,"href":"https:\/\/www.europesays.com\/fi\/wp-json\/wp\/v2\/tags?post=114066"}],"curies":[{"name":"wp","href":"https:\/\/api.w.org\/{rel}","templated":true}]}}