{"id":114072,"date":"2025-12-12T01:29:09","date_gmt":"2025-12-12T01:29:09","guid":{"rendered":"https:\/\/www.europesays.com\/fi\/114072\/"},"modified":"2025-12-12T01:29:09","modified_gmt":"2025-12-12T01:29:09","slug":"pakettiauto-ajautui-ulos-nelostielta-viitasaarella-keski-suomi","status":"publish","type":"post","link":"https:\/\/www.europesays.com\/fi\/114072\/","title":{"rendered":"Pakettiauto ajautui ulos Nelostielt\u00e4 Viitasaarella | Keski-Suomi"},"content":{"rendered":"<p>Pakettiauto ajautui ulos Nelostielt\u00e4 Viitasaarella Niinilahden kohdalla pohjoiseen p\u00e4in menev\u00e4ll\u00e4 kaistalla torstaiy\u00f6n\u00e4.<\/p>\n<p>Hieman ennen keskiy\u00f6t\u00e4 Keski-Suomen pelastuslaitokselta kerrottiin, ett\u00e4 liikennett\u00e4 ohjattiin paikalla yhden kaistan kautta.<\/p>\n<p>Autossa oli ainoastaan kuljettaja, eik\u00e4 h\u00e4n pelastuslaitoksen ensitietojen mukaan loukkaantunut ainakaan vakavasti.<\/p>\n<p>H\u00e4lytys onnettomuudesta kirjattiin kello 23.07.<\/p>\n","protected":false},"excerpt":{"rendered":"Pakettiauto ajautui ulos Nelostielt\u00e4 Viitasaarella Niinilahden kohdalla pohjoiseen p\u00e4in menev\u00e4ll\u00e4 kaistalla torstaiy\u00f6n\u00e4. Hieman ennen keskiy\u00f6t\u00e4 Keski-Suomen pelastuslaitokselta kerrottiin,&hellip;\n","protected":false},"author":2,"featured_media":35535,"comment_status":"","ping_status":"","sticky":false,"template":"","format":"standard","meta":{"footnotes":""},"categories":[12],"tags":[22,23,26,27,33,31,30,17,2455,2187,683,24,25,121,28,29,15,18,21,590,103,32,128,19,20,16,589],"class_list":{"0":"post-114072","1":"post","2":"type-post","3":"status-publish","4":"format-standard","5":"has-post-thumbnail","7":"category-suomi","8":"tag-breaking-news","9":"tag-breakingnews","10":"tag-featured-news","11":"tag-featurednews","12":"tag-fi","13":"tag-finland","14":"tag-finnish","15":"tag-headlines","16":"tag-hengenvaara-ja-loukkaantuminen","17":"tag-kulkuneuvot","18":"tag-kuolema","19":"tag-latest-news","20":"tag-latestnews","21":"tag-liikenne-ja-kuljetus","22":"tag-main-news","23":"tag-mainnews","24":"tag-news","25":"tag-otsikot","26":"tag-paauutiset","27":"tag-saarijarven-viitasaaren-seutukunta","28":"tag-sosiaalikysymykset","29":"tag-suomi","30":"tag-tieliikenne","31":"tag-top-stories","32":"tag-topstories","33":"tag-uutiset","34":"tag-viitasaari"},"share_on_mastodon":{"url":"https:\/\/pubeurope.com\/@fi\/115704009008824288","error":""},"_links":{"self":[{"href":"https:\/\/www.europesays.com\/fi\/wp-json\/wp\/v2\/posts\/114072","targetHints":{"allow":["GET"]}}],"collection":[{"href":"https:\/\/www.europesays.com\/fi\/wp-json\/wp\/v2\/posts"}],"about":[{"href":"https:\/\/www.europesays.com\/fi\/wp-json\/wp\/v2\/types\/post"}],"author":[{"embeddable":true,"href":"https:\/\/www.europesays.com\/fi\/wp-json\/wp\/v2\/users\/2"}],"replies":[{"embeddable":true,"href":"https:\/\/www.europesays.com\/fi\/wp-json\/wp\/v2\/comments?post=114072"}],"version-history":[{"count":0,"href":"https:\/\/www.europesays.com\/fi\/wp-json\/wp\/v2\/posts\/114072\/revisions"}],"wp:featuredmedia":[{"embeddable":true,"href":"https:\/\/www.europesays.com\/fi\/wp-json\/wp\/v2\/media\/35535"}],"wp:attachment":[{"href":"https:\/\/www.europesays.com\/fi\/wp-json\/wp\/v2\/media?parent=114072"}],"wp:term":[{"taxonomy":"category","embeddable":true,"href":"https:\/\/www.europesays.com\/fi\/wp-json\/wp\/v2\/categories?post=114072"},{"taxonomy":"post_tag","embeddable":true,"href":"https:\/\/www.europesays.com\/fi\/wp-json\/wp\/v2\/tags?post=114072"}],"curies":[{"name":"wp","href":"https:\/\/api.w.org\/{rel}","templated":true}]}}