{"id":114074,"date":"2025-12-12T01:36:13","date_gmt":"2025-12-12T01:36:13","guid":{"rendered":"https:\/\/www.europesays.com\/fi\/114074\/"},"modified":"2025-12-12T01:36:13","modified_gmt":"2025-12-12T01:36:13","slug":"uruguayn-uusi-sellutehdas-mukana-ensimmaista-kertaa-upmn-emas-ymparisto-ja-yhteiskuntavastuuraporteissa","status":"publish","type":"post","link":"https:\/\/www.europesays.com\/fi\/114074\/","title":{"rendered":"Uruguayn uusi sellutehdas mukana ensimm\u00e4ist\u00e4 kertaa UPM:n EMAS-ymp\u00e4rist\u00f6- ja yhteiskuntavastuuraporteissa"},"content":{"rendered":"<p>UPM:n EMAS-raportit ulottuvat Euroopan ulkopuolelle<\/p>\n<p>T\u00e4ll\u00e4 hetkell\u00e4 kaikki UPM:n sellu- ja paperitehtaat EU:ssa sek\u00e4 Fray Bentosin ja Paso de los Torosin sellutehtaat Uruguayssa ja Changshun paperitehdas Kiinassa on rekister\u00f6ity EMAS-j\u00e4rjestelm\u00e4\u00e4n. Olemme yksi harvoista yrityksist\u00e4, joilla on EMAS-rekister\u00f6inti globaalilla tasolla. Raportit kattavat keskeisi\u00e4 aiheita, kuten p\u00e4\u00e4st\u00f6t veteen ja ilmaan, j\u00e4tehuolto, energiank\u00e4ytt\u00f6, turvallisuus, verot ja paikallinen yhteisty\u00f6.<\/p>\n<p>Vuodesta 2017 l\u00e4htien olemme laajentaneet raportointiamme kattamaan yhteiskunnalliset vaikutukset, kuten terveyden ja turvallisuuden, verotuksen sek\u00e4 paikalliset yhteisty\u00f6hankkeet.\u00a0<\/p>\n<p>EMAS hy\u00f6dytt\u00e4\u00e4 useita sidosryhmi\u00e4<\/p>\n<p>EMAS tuottaa arvoa laajasti. Asiakkaille se tarkoittaa yhteisty\u00f6t\u00e4 kumppanin kanssa, jonka ymp\u00e4rist\u00f6suorituskyky on kolmannen osapuolen todentamana. T\u00e4m\u00e4 puolestaan varmistaa l\u00e4pin\u00e4kyvyyden ja vastuullisen hankinnan.<\/p>\n<p>Sijoittajat hy\u00f6tyv\u00e4t pienentyneest\u00e4 riskist\u00e4 ja korkeammasta pitk\u00e4n aikav\u00e4lin arvosta, sill\u00e4 EMAS edist\u00e4\u00e4 resurssitehokkuutta, kustannuss\u00e4\u00e4st\u00f6j\u00e4 ja ymp\u00e4rist\u00f6lains\u00e4\u00e4d\u00e4nn\u00f6n noudattamista, jotka kaikki ovat keskeisi\u00e4 kest\u00e4vien liiketoimintamallien tekij\u00f6it\u00e4.\u00a0<\/p>\n<p>P\u00e4\u00e4tt\u00e4jille EMAS tarjoaa vankan kehyksen ymp\u00e4rist\u00f6\u00f6n liittyvien riskien ja mahdollisuuksien hallintaan. T\u00e4m\u00e4 taas parantaa uskottavuutta markkinoilla, joilla painotetaan kest\u00e4v\u00e4\u00e4n kehitykseen perustuvia kumppanuuksia.<\/p>\n<p>Jokaisen tehtaan lukujen takana on UPM:l\u00e4isten kova ty\u00f6 prosessien puhtauden, turvallisuuden ja tehokkuuden parantamiseksi. EMAS-j\u00e4rjestelm\u00e4 vahvistaa henkil\u00f6st\u00f6n sitoutumista vastuullisuusaloitteisiin ja lis\u00e4\u00e4 siten motivaatiota.<\/p>\n<p>Tutustu EMAS-raportteihin ja lue lis\u00e4\u00e4 ymp\u00e4rist\u00f6- ja yhteiskuntavastuustamme osoitteessa <a href=\"https:\/\/www.upm.com\/fi\/vastuullisuus\/\" rel=\"nofollow noopener\" target=\"_blank\">upm.fi\/vastuullisuus<\/a>.<\/p>\n","protected":false},"excerpt":{"rendered":"UPM:n EMAS-raportit ulottuvat Euroopan ulkopuolelle T\u00e4ll\u00e4 hetkell\u00e4 kaikki UPM:n sellu- ja paperitehtaat EU:ssa sek\u00e4 Fray Bentosin ja Paso&hellip;\n","protected":false},"author":2,"featured_media":114075,"comment_status":"","ping_status":"","sticky":false,"template":"","format":"standard","meta":{"footnotes":""},"categories":[113],"tags":[446,33,31,30,20969,118,32,119,20970,9441,447],"class_list":{"0":"post-114074","1":"post","2":"type-post","3":"status-publish","4":"format-standard","5":"has-post-thumbnail","7":"category-ymparisto","8":"tag-environment","9":"tag-fi","10":"tag-finland","11":"tag-finnish","12":"tag-ihmiset-ja-yhteiskunta","13":"tag-science","14":"tag-suomi","15":"tag-tiede","16":"tag-upm-ja-yhteisot","17":"tag-vastuullisuus","18":"tag-ymparisto"},"share_on_mastodon":{"url":"https:\/\/pubeurope.com\/@fi\/115704036248096422","error":""},"_links":{"self":[{"href":"https:\/\/www.europesays.com\/fi\/wp-json\/wp\/v2\/posts\/114074","targetHints":{"allow":["GET"]}}],"collection":[{"href":"https:\/\/www.europesays.com\/fi\/wp-json\/wp\/v2\/posts"}],"about":[{"href":"https:\/\/www.europesays.com\/fi\/wp-json\/wp\/v2\/types\/post"}],"author":[{"embeddable":true,"href":"https:\/\/www.europesays.com\/fi\/wp-json\/wp\/v2\/users\/2"}],"replies":[{"embeddable":true,"href":"https:\/\/www.europesays.com\/fi\/wp-json\/wp\/v2\/comments?post=114074"}],"version-history":[{"count":0,"href":"https:\/\/www.europesays.com\/fi\/wp-json\/wp\/v2\/posts\/114074\/revisions"}],"wp:featuredmedia":[{"embeddable":true,"href":"https:\/\/www.europesays.com\/fi\/wp-json\/wp\/v2\/media\/114075"}],"wp:attachment":[{"href":"https:\/\/www.europesays.com\/fi\/wp-json\/wp\/v2\/media?parent=114074"}],"wp:term":[{"taxonomy":"category","embeddable":true,"href":"https:\/\/www.europesays.com\/fi\/wp-json\/wp\/v2\/categories?post=114074"},{"taxonomy":"post_tag","embeddable":true,"href":"https:\/\/www.europesays.com\/fi\/wp-json\/wp\/v2\/tags?post=114074"}],"curies":[{"name":"wp","href":"https:\/\/api.w.org\/{rel}","templated":true}]}}