{"id":114084,"date":"2025-12-12T01:55:07","date_gmt":"2025-12-12T01:55:07","guid":{"rendered":"https:\/\/www.europesays.com\/fi\/114084\/"},"modified":"2025-12-12T01:55:07","modified_gmt":"2025-12-12T01:55:07","slug":"presidentti-trump-toisti-uhkauksensa-yhdysvaltojen-maaiskuista-venezuelan-huumekuljetuksiin-uutisia-lyhyesti","status":"publish","type":"post","link":"https:\/\/www.europesays.com\/fi\/114084\/","title":{"rendered":"Presidentti Trump toisti uhkauksensa Yhdysvaltojen maaiskuista Venezuelan huume\u00adkuljetuksiin | Uutisia lyhyesti"},"content":{"rendered":"<p class=\"aw-1gybjub aw-1p7kakr kEtdKx cEmitX yle__article__paragraph\">Presidentti <strong class=\"aw-ak79eh KyCXm yle__article__strong\">Donald Trump<\/strong> sanoo, ett\u00e4 Yhdysvallat aloittaa pian iskut huumetoimituksiin, joita kuljetetaan Venezuelasta maateitse Yhdysvaltoihin.<\/p>\n<p class=\"aw-1gybjub aw-1p7kakr kEtdKx cEmitX yle__article__paragraph\">Trump on viime viikkoina toistuvasti uhannut aloittaa maaiskut huumeiden salakuljetuksiin. Aiemmin h\u00e4n on my\u00f6s uhkaillut aloittavansa iskut Venezuelan maaper\u00e4lle.<\/p>\n<p class=\"aw-1gybjub aw-1p7kakr kEtdKx cEmitX yle__article__paragraph\">Yhdysvallat syytt\u00e4\u00e4 Venezuelan presidentti\u00e4 <strong class=\"aw-ak79eh KyCXm yle__article__strong\">Nicolas Maduroa<\/strong> ja muita h\u00e4nen hallintonsa korkea-arvoisia j\u00e4seni\u00e4 huumekartellin johtamisesta.<\/p>\n<p class=\"aw-1gybjub aw-1p7kakr kEtdKx cEmitX yle__article__paragraph\">Yhdysvallat on iskenyt Karibianmerell\u00e4 ja Tyynell\u00e4merell\u00e4 useisiin aluksiin, joita se v\u00e4itt\u00e4\u00e4 k\u00e4ytetyn huumeiden salakuljettamiseen. Yhdysvallat ei ole kuitenkaan esitt\u00e4nyt todisteita v\u00e4itetyst\u00e4 salakuljettamisesta.<\/p>\n<p class=\"aw-1gybjub aw-1p7kakr kEtdKx cEmitX yle__article__paragraph\">L\u00e4hde: Reuters<\/p>\n","protected":false},"excerpt":{"rendered":"Presidentti Donald Trump sanoo, ett\u00e4 Yhdysvallat aloittaa pian iskut huumetoimituksiin, joita kuljetetaan Venezuelasta maateitse Yhdysvaltoihin. Trump on viime&hellip;\n","protected":false},"author":2,"featured_media":74,"comment_status":"","ping_status":"","sticky":false,"template":"","format":"standard","meta":{"footnotes":""},"categories":[14],"tags":[22,23,585,26,27,33,31,30,17,18316,24,25,28,29,15,18,21,32,19,20,56,16,7605,18399,59,60,61,619],"class_list":{"0":"post-114084","1":"post","2":"type-post","3":"status-publish","4":"format-standard","5":"has-post-thumbnail","7":"category-ulkomaat","8":"tag-breaking-news","9":"tag-breakingnews","10":"tag-donald-trump","11":"tag-featured-news","12":"tag-featurednews","13":"tag-fi","14":"tag-finland","15":"tag-finnish","16":"tag-headlines","17":"tag-huumeiden-salakuljetus","18":"tag-latest-news","19":"tag-latestnews","20":"tag-main-news","21":"tag-mainnews","22":"tag-news","23":"tag-otsikot","24":"tag-paauutiset","25":"tag-suomi","26":"tag-top-stories","27":"tag-topstories","28":"tag-ulkomaat","29":"tag-uutiset","30":"tag-venezuela","31":"tag-venezuelan-presidentti","32":"tag-world","33":"tag-world-news","34":"tag-worldnews","35":"tag-yhdysvallat"},"share_on_mastodon":{"url":"https:\/\/pubeurope.com\/@fi\/115704111041772555","error":""},"_links":{"self":[{"href":"https:\/\/www.europesays.com\/fi\/wp-json\/wp\/v2\/posts\/114084","targetHints":{"allow":["GET"]}}],"collection":[{"href":"https:\/\/www.europesays.com\/fi\/wp-json\/wp\/v2\/posts"}],"about":[{"href":"https:\/\/www.europesays.com\/fi\/wp-json\/wp\/v2\/types\/post"}],"author":[{"embeddable":true,"href":"https:\/\/www.europesays.com\/fi\/wp-json\/wp\/v2\/users\/2"}],"replies":[{"embeddable":true,"href":"https:\/\/www.europesays.com\/fi\/wp-json\/wp\/v2\/comments?post=114084"}],"version-history":[{"count":0,"href":"https:\/\/www.europesays.com\/fi\/wp-json\/wp\/v2\/posts\/114084\/revisions"}],"wp:featuredmedia":[{"embeddable":true,"href":"https:\/\/www.europesays.com\/fi\/wp-json\/wp\/v2\/media\/74"}],"wp:attachment":[{"href":"https:\/\/www.europesays.com\/fi\/wp-json\/wp\/v2\/media?parent=114084"}],"wp:term":[{"taxonomy":"category","embeddable":true,"href":"https:\/\/www.europesays.com\/fi\/wp-json\/wp\/v2\/categories?post=114084"},{"taxonomy":"post_tag","embeddable":true,"href":"https:\/\/www.europesays.com\/fi\/wp-json\/wp\/v2\/tags?post=114084"}],"curies":[{"name":"wp","href":"https:\/\/api.w.org\/{rel}","templated":true}]}}