{"id":114085,"date":"2025-12-12T01:56:09","date_gmt":"2025-12-12T01:56:09","guid":{"rendered":"https:\/\/www.europesays.com\/fi\/114085\/"},"modified":"2025-12-12T01:56:09","modified_gmt":"2025-12-12T01:56:09","slug":"keiteleen-huumevyyhti-ulottuu-vantaalle-poliisi-loysi-kolmannen-kannabiskasvattamon-kotimaa","status":"publish","type":"post","link":"https:\/\/www.europesays.com\/fi\/114085\/","title":{"rendered":"Keiteleen huumevyyhti ulottuu Vantaalle \u2013 poliisi l\u00f6ysi kolmannen kannabis\u00adkasvattamon | Kotimaa"},"content":{"rendered":"<p class=\"aw-1gybjub aw-5vja16 kEtdKx kmuxyA yle__article__paragraph\">Uusi kasvattamo l\u00f6ytyi kolmannen ep\u00e4illyn kiinnioton yhteydess\u00e4.<\/p>\n<p><img decoding=\"async\" alt=\"Kannabiskasvi kasvattamossa.\" src=\"https:\/\/www.europesays.com\/fi\/wp-content\/uploads\/2025\/12\/39-15615246929ac74342e7.jpeg\" class=\"aw-1l9m598 hKVVvP\"\/><\/p>\n<p>Avaa kuvien katselu<\/p>\n<p>Kuvassa on yksi Keiteleen seudulta l\u00f6ytyneist\u00e4 kannabiskasveista. Kuva: It\u00e4-Suomen poliisilaitos Kuva: It\u00e4-Suomen poliisilaitos<\/p>\n<p class=\"aw-1gybjub aw-1p7kakr kEtdKx cEmitX yle__article__paragraph\">Poliisi on l\u00f6yt\u00e4nyt Vantaalta kannabiksen kasvattamon, joka liittyy Keiteleell\u00e4 paljastuneeseen kannabiksen kasvatukseen. Kasvattamo on jo kolmas, ja se l\u00f6ytyi, kun poliisi otti ep\u00e4illyn kiinni.<\/p>\n<p class=\"aw-1gybjub aw-1p7kakr kEtdKx cEmitX yle__article__paragraph\">L\u00f6yt\u00f6hetkell\u00e4 kasvattamossa oli 34 kannabiskasvia aktiivisessa kasvuvaiheessa.<\/p>\n<p class=\"aw-1gybjub aw-1p7kakr kEtdKx cEmitX yle__article__paragraph\">Poliisi ep\u00e4ilee, ett\u00e4 kiinniotettu on saanut Keiteleen kasvattamoilta huumausainetta. H\u00e4n on myynyt ja v\u00e4litt\u00e4nyt sit\u00e4 edelleen p\u00e4\u00e4kaupunkiseudulla.<\/p>\n<p class=\"aw-1gybjub aw-1p7kakr kEtdKx cEmitX yle__article__paragraph\">Poliisi <a class=\"aw-iao6s4 iHOxEa yle__article__link\" href=\"https:\/\/yle.fi\/a\/74-20196861\" role=\"link\" rel=\"nofollow noopener\" target=\"_blank\">l\u00f6ysi marraskuussa Keiteleelt\u00e4 <\/a>Pohjois-Savosta kannabiskasvattamon, jonka toiminta vaikuttaa ammattimaiselta. Tuolloin kahdesta kiinteist\u00f6st\u00e4 l\u00f6ytyi kannabiskasvattamot, joissa oli yli 60 eri kasvuvaiheissa olevaa kannabiskasvia.<\/p>\n<p class=\"aw-1gybjub aw-1p7kakr kEtdKx cEmitX yle__article__paragraph\">Pohjois-Savon k\u00e4r\u00e4j\u00e4oikeus on vanginnut rikoksista ep\u00e4iltyin\u00e4 kaksi miest\u00e4 ja yhden naisen.<\/p>\n<p class=\"aw-1gybjub aw-1p7kakr kEtdKx cEmitX yle__article__paragraph\">Poliisi ep\u00e4ilee 1970-luvulla syntynytt\u00e4 miest\u00e4 ja 1960-luvulla syntynytt\u00e4 naista t\u00f6rke\u00e4st\u00e4 huumausainerikoksesta. Syyn\u00e4 on ammattimainen kannabiksen kasvattaminen.<\/p>\n<p class=\"aw-1gybjub aw-1p7kakr kEtdKx cEmitX yle__article__paragraph\">Vantaalla kiinniotettu mies on syntynyt 1980-luvulla. My\u00f6s h\u00e4nt\u00e4 ep\u00e4ill\u00e4\u00e4n t\u00f6rke\u00e4st\u00e4 huumausainerikoksesta.<\/p>\n<p class=\"aw-1gybjub aw-1p7kakr kEtdKx cEmitX yle__article__paragraph\">Poliisi jatkaa tutkintaa ja tiedottaa asiasta my\u00f6hemmin lis\u00e4\u00e4.<\/p>\n","protected":false},"excerpt":{"rendered":"Uusi kasvattamo l\u00f6ytyi kolmannen ep\u00e4illyn kiinnioton yhteydess\u00e4. Avaa kuvien katselu Kuvassa on yksi Keiteleen seudulta l\u00f6ytyneist\u00e4 kannabiskasveista. Kuva:&hellip;\n","protected":false},"author":2,"featured_media":114086,"comment_status":"","ping_status":"","sticky":false,"template":"","format":"standard","meta":{"footnotes":""},"categories":[12],"tags":[22,23,26,27,33,31,30,17,20971,6162,11011,71,24,25,28,29,15,18,21,1136,1263,32,19,20,16,2359],"class_list":{"0":"post-114085","1":"post","2":"type-post","3":"status-publish","4":"format-standard","5":"has-post-thumbnail","7":"category-suomi","8":"tag-breaking-news","9":"tag-breakingnews","10":"tag-featured-news","11":"tag-featurednews","12":"tag-fi","13":"tag-finland","14":"tag-finnish","15":"tag-headlines","16":"tag-huumekasvien-viljely","17":"tag-kannabis","18":"tag-keitele","19":"tag-kotimaa","20":"tag-latest-news","21":"tag-latestnews","22":"tag-main-news","23":"tag-mainnews","24":"tag-news","25":"tag-otsikot","26":"tag-paauutiset","27":"tag-pohjois-savo","28":"tag-rikosepailyt","29":"tag-suomi","30":"tag-top-stories","31":"tag-topstories","32":"tag-uutiset","33":"tag-vantaa"},"share_on_mastodon":{"url":"https:\/\/pubeurope.com\/@fi\/115704115134096505","error":""},"_links":{"self":[{"href":"https:\/\/www.europesays.com\/fi\/wp-json\/wp\/v2\/posts\/114085","targetHints":{"allow":["GET"]}}],"collection":[{"href":"https:\/\/www.europesays.com\/fi\/wp-json\/wp\/v2\/posts"}],"about":[{"href":"https:\/\/www.europesays.com\/fi\/wp-json\/wp\/v2\/types\/post"}],"author":[{"embeddable":true,"href":"https:\/\/www.europesays.com\/fi\/wp-json\/wp\/v2\/users\/2"}],"replies":[{"embeddable":true,"href":"https:\/\/www.europesays.com\/fi\/wp-json\/wp\/v2\/comments?post=114085"}],"version-history":[{"count":0,"href":"https:\/\/www.europesays.com\/fi\/wp-json\/wp\/v2\/posts\/114085\/revisions"}],"wp:featuredmedia":[{"embeddable":true,"href":"https:\/\/www.europesays.com\/fi\/wp-json\/wp\/v2\/media\/114086"}],"wp:attachment":[{"href":"https:\/\/www.europesays.com\/fi\/wp-json\/wp\/v2\/media?parent=114085"}],"wp:term":[{"taxonomy":"category","embeddable":true,"href":"https:\/\/www.europesays.com\/fi\/wp-json\/wp\/v2\/categories?post=114085"},{"taxonomy":"post_tag","embeddable":true,"href":"https:\/\/www.europesays.com\/fi\/wp-json\/wp\/v2\/tags?post=114085"}],"curies":[{"name":"wp","href":"https:\/\/api.w.org\/{rel}","templated":true}]}}