{"id":114088,"date":"2025-12-12T02:02:16","date_gmt":"2025-12-12T02:02:16","guid":{"rendered":"https:\/\/www.europesays.com\/fi\/114088\/"},"modified":"2025-12-12T02:02:16","modified_gmt":"2025-12-12T02:02:16","slug":"luonnon-monimuotoisuusohjelma-2021-2030-tampereen-kaupunki-luonto-ja-ymparisto","status":"publish","type":"post","link":"https:\/\/www.europesays.com\/fi\/114088\/","title":{"rendered":"Luonnon monimuotoisuusohjelma 2021-2030 [Tampereen kaupunki &#8211; Luonto ja ymp\u00e4rist\u00f6"},"content":{"rendered":"<p>                                                                  Kysely LUMO-ohjelmasta asiantuntijayhdistyksille<\/p>\n<p>LUMO-ohjelman valmistelun yhteydess\u00e4 toteutettiin asiantuntijayhdistyksille suunnattu kysely, jolla selvitettiin yhdistysten n\u00e4kemyksi\u00e4 Tampereen luonnon monimuotoisuudesta ja LUMO-ohjelman toimenpiteist\u00e4. Kysely koostui avoimista kysymyksist\u00e4 sek\u00e4 karttaosiosta, jossa yhdistykset saivat merkit\u00e4 kartalle monimuotoisuuden kehityskohteita ja t\u00e4rkeit\u00e4 luontokohteita, joita ei ole nykyisell\u00e4\u00e4n riitt\u00e4v\u00e4sti huomioitu.<\/p>\n<p>Kysely toteutettiin Harava-karttapalvelulla, ja sen vastausaika oli 12.11.\u201330.11.2020. Seitsem\u00e4n yhdistyst\u00e4 vastasi kyselyyn.<\/p>\n<p>Yhdistysten mielest\u00e4 LUMO-ohjelmassa tulisi kiinnitt\u00e4\u00e4 erityist\u00e4 huomiota erilaisten elinymp\u00e4rist\u00f6jen s\u00e4\u00e4st\u00e4miseen ja parantamiseen. Yhdistykset ehdottivat ohjelman toimenpiteiksi muun muassa metsien ja virtavesien ennallistamista, kaupungin viheralueiden kehitt\u00e4mist\u00e4 monimuotoisemmaksi ja arvokkaiden luontokohteiden kattavampaa suojelua.<\/p>\n<p>Kyselytuloksista koostettu raportti l\u00f6ytyy valmisteluvaiheen materiaaleista.\u00a0<br \/>\u00a0<\/p>\n","protected":false},"excerpt":{"rendered":"Kysely LUMO-ohjelmasta asiantuntijayhdistyksille LUMO-ohjelman valmistelun yhteydess\u00e4 toteutettiin asiantuntijayhdistyksille suunnattu kysely, jolla selvitettiin yhdistysten n\u00e4kemyksi\u00e4 Tampereen luonnon monimuotoisuudesta ja&hellip;\n","protected":false},"author":2,"featured_media":114089,"comment_status":"","ping_status":"","sticky":false,"template":"","format":"standard","meta":{"footnotes":""},"categories":[113],"tags":[446,33,31,30,118,32,119,447],"class_list":{"0":"post-114088","1":"post","2":"type-post","3":"status-publish","4":"format-standard","5":"has-post-thumbnail","7":"category-ymparisto","8":"tag-environment","9":"tag-fi","10":"tag-finland","11":"tag-finnish","12":"tag-science","13":"tag-suomi","14":"tag-tiede","15":"tag-ymparisto"},"share_on_mastodon":{"url":"https:\/\/pubeurope.com\/@fi\/115704138490620514","error":""},"_links":{"self":[{"href":"https:\/\/www.europesays.com\/fi\/wp-json\/wp\/v2\/posts\/114088","targetHints":{"allow":["GET"]}}],"collection":[{"href":"https:\/\/www.europesays.com\/fi\/wp-json\/wp\/v2\/posts"}],"about":[{"href":"https:\/\/www.europesays.com\/fi\/wp-json\/wp\/v2\/types\/post"}],"author":[{"embeddable":true,"href":"https:\/\/www.europesays.com\/fi\/wp-json\/wp\/v2\/users\/2"}],"replies":[{"embeddable":true,"href":"https:\/\/www.europesays.com\/fi\/wp-json\/wp\/v2\/comments?post=114088"}],"version-history":[{"count":0,"href":"https:\/\/www.europesays.com\/fi\/wp-json\/wp\/v2\/posts\/114088\/revisions"}],"wp:featuredmedia":[{"embeddable":true,"href":"https:\/\/www.europesays.com\/fi\/wp-json\/wp\/v2\/media\/114089"}],"wp:attachment":[{"href":"https:\/\/www.europesays.com\/fi\/wp-json\/wp\/v2\/media?parent=114088"}],"wp:term":[{"taxonomy":"category","embeddable":true,"href":"https:\/\/www.europesays.com\/fi\/wp-json\/wp\/v2\/categories?post=114088"},{"taxonomy":"post_tag","embeddable":true,"href":"https:\/\/www.europesays.com\/fi\/wp-json\/wp\/v2\/tags?post=114088"}],"curies":[{"name":"wp","href":"https:\/\/api.w.org\/{rel}","templated":true}]}}