{"id":114090,"date":"2025-12-12T02:09:10","date_gmt":"2025-12-12T02:09:10","guid":{"rendered":"https:\/\/www.europesays.com\/fi\/114090\/"},"modified":"2025-12-12T02:09:10","modified_gmt":"2025-12-12T02:09:10","slug":"onko-oscar-voittajan-ura-ohi-peaky-blindersissa-mies-kertoi-asian-itse","status":"publish","type":"post","link":"https:\/\/www.europesays.com\/fi\/114090\/","title":{"rendered":"Onko Oscar-voittajan ura ohi Peaky Blindersissa? Mies kertoi asian itse"},"content":{"rendered":"<p><strong>Cillian Murphy<\/strong> (Oppenheimer) vahvisti Empiren haastattelussa, ett\u00e4 Peaky Blinders: The Immortal Man -elokuva on viimeinen kerta, kun h\u00e4n n\u00e4yttelee Thomas \u201dTommy\u201d Shelbya.<\/p>\n<p>Elokuva on jatkoa suositulle Peaky Blinders \u2013 gangsteriklaani (2013\u20132022) -sarjalle ja julkaistaan Netflixiss\u00e4 20.3.2026.<\/p>\n<p>Leffa sijoittuu toisen maailmansodan aikaan. Tommy Shelby palaa pommitettuun Birminghamin ja ajautuu salaiseen sotateht\u00e4v\u00e4\u00e4n.<\/p>\n<p>Lue my\u00f6s: <a href=\"https:\/\/www.episodi.fi\/uutiset\/cillian-murphy-ja-matt-damon-paljastavat-irlannin-vaietun-totuuden\/\" title=\"Cillian Murphy ja Matt Damon paljastavat Irlannin vaietun totuuden\" class=\"underline-custom !font-montserrat !font-bold !underline-offset-4 !decoration-4 !decoration-episodi-blue !text-md\" rel=\"nofollow noopener\" target=\"_blank\">Cillian Murphy ja Matt Damon paljastavat Irlannin vaietun totuuden<\/a><\/p>\n<p>Lue my\u00f6s: <a href=\"https:\/\/www.episodi.fi\/uutiset\/cillian-murphy-palaa-gangsterirooliinsa-tuleva-peaky-blinders-elokuva-sai-ensi-iltapaivan-ja-synkan-julisteen\/\" title=\"Cillian Murphy palaa gangsterirooliinsa \u2013 tuleva Peaky Blinders -elokuva sai ensi-iltap\u00e4iv\u00e4n ja synk\u00e4n julisteen\" class=\"underline-custom !font-montserrat !font-bold !underline-offset-4 !decoration-4 !decoration-episodi-blue !text-md\" rel=\"nofollow noopener\" target=\"_blank\">Cillian Murphy palaa gangsterirooliinsa \u2013 tuleva Peaky Blinders -elokuva sai ensi-iltap\u00e4iv\u00e4n ja synk\u00e4n julisteen<\/a><\/p>\n<p>Lue my\u00f6s: <a href=\"https:\/\/www.episodi.fi\/uutiset\/cillian-murphyn-tahdittaman-huippusarjan-spinoffia-tilattiin-useampi-kausi\/\" title=\"Cillian Murphyn t\u00e4hditt\u00e4m\u00e4n huippusarjan spinoffia tilattiin useampi kausi\" class=\"underline-custom !font-montserrat !font-bold !underline-offset-4 !decoration-4 !decoration-episodi-blue !text-md\" rel=\"nofollow noopener\" target=\"_blank\">Cillian Murphyn t\u00e4hditt\u00e4m\u00e4n huippusarjan spinoffia tilattiin useampi kausi<\/a><\/p>\n<p>Peaky Blindersin luoja <strong>Steven Knight<\/strong> on kertonut toivovan elokuvan tuntuvan \u201dromaanin lopulta\u201d, jossa asiat j\u00e4\u00e4v\u00e4t sopivasti avoimeksi, mutta katsojat ovat tyytyv\u00e4isi\u00e4.<\/p>\n<p>\u201dK\u00e4sikirjoitus oli niin vahva, ett\u00e4 elokuvaan oli pakko l\u00e4hte\u00e4. Leffa ei ole valmis ennen kuin ihmiset n\u00e4kev\u00e4t sen\u201d, Murphy kommentoi.<\/p>\n<p>Murphy tuottaa Knightin kanssa uutta, vuoteen 1953 sijoittuvaa Peaky Blinders -jatkosarjaa, mutta ei esit\u00e4 siin\u00e4 Tommya. Sarjassa n\u00e4hd\u00e4\u00e4n ainakin <strong>Rebecca Ferguson, Tim Roth<\/strong> ja <strong>Stephen Graham<\/strong>.<\/p>\n<p>Suomessa Peaky Blinders \u2013 gangsteriklaani n\u00e4kyy Netflixiss\u00e4.<\/p>\n<p><img loading=\"lazy\" decoding=\"async\" alt=\"YouTube video\" width=\"480\" height=\"360\" data-pin-nopin=\"true\" nopin=\"nopin\" class=\"perfmatters-lazy\" src=\"https:\/\/www.europesays.com\/fi\/wp-content\/uploads\/2025\/12\/1765505350_145_hqdefault.jpg\"\/><\/p>\n<p>L\u00e4hde: <a href=\"https:\/\/screenrant.com\/immortal-man-cillian-murphy-peaky-blinders-future-update\/\" rel=\"nofollow noopener\" target=\"_blank\">ScreenRant<\/a><\/p>\n<p>Lue my\u00f6s: <a href=\"https:\/\/www.episodi.fi\/uutiskirje\/?uutiskirjemainos=tekstilinkkimainos\" title=\"Tilaa Episodin uutiskirje ja voit voittaa leffalippuja! Nappaa tv-vinkit suoraan s\u00e4hk\u00f6postiin t\u00e4st\u00e4.\" class=\"underline-custom !font-montserrat !font-bold !underline-offset-4 !decoration-4 !decoration-episodi-blue !text-md\" rel=\"nofollow noopener\" target=\"_blank\">Tilaa Episodin uutiskirje ja voit voittaa leffalippuja! Nappaa katseluvinkit suoraan s\u00e4hk\u00f6postiin t\u00e4st\u00e4.<\/a><\/p>\n<p>\t\t\t<a href=\"https:\/\/www.facebook.com\/sharer\/sharer.php?u=https:\/\/www.episodi.fi\/uutiset\/onko-oscar-voittajan-ura-ohi-peaky-blindersissa-mies-kertoi-asian-itse\/\" target=\"_blank\" class=\"block px-4 py-2 text-sm text-gray-800 border-b hover:bg-gray-200\" rel=\"nofollow noopener\"><\/p>\n<p>\t\t\t\tFacebook<br \/>\n\t\t\t<\/a><br \/>\n\t\t\t<a href=\"https:\/\/twitter.com\/intent\/tweet?text=https:\/\/www.episodi.fi\/uutiset\/onko-oscar-voittajan-ura-ohi-peaky-blindersissa-mies-kertoi-asian-itse\/\" target=\"_blank\" class=\"block px-4 py-2 text-sm text-gray-800 border-b hover:bg-gray-200\" rel=\"nofollow noopener\"><\/p>\n<p>\t\t\t\tTwitter<br \/>\n\t\t\t<\/a><br \/>\n\t\t\t<a href=\"mailto:?subject=Onko Oscar-voittajan ura ohi Peaky Blindersissa? Mies kertoi asian itse&amp;body=https:\/\/www.episodi.fi\/uutiset\/onko-oscar-voittajan-ura-ohi-peaky-blindersissa-mies-kertoi-asian-itse\/\" target=\"_blank\" class=\"block px-4 py-2 text-sm text-gray-800 border-b hover:bg-gray-200\"><\/p>\n<p>\t\t\t\tS\u00e4hk\u00f6posti<\/a><\/p>\n<p>\t\t\t\t<script async src=\"https:\/\/platform.twitter.com\/widgets.js\" charset=\"utf-8\"><\/script><\/p>\n","protected":false},"excerpt":{"rendered":"Cillian Murphy (Oppenheimer) vahvisti Empiren haastattelussa, ett\u00e4 Peaky Blinders: The Immortal Man -elokuva on viimeinen kerta, kun h\u00e4n&hellip;\n","protected":false},"author":2,"featured_media":114091,"comment_status":"","ping_status":"","sticky":false,"template":"","format":"standard","meta":{"footnotes":""},"categories":[136],"tags":[407,9521,137,33,31,30,408,12723,32,109],"class_list":{"0":"post-114090","1":"post","2":"type-post","3":"status-publish","4":"format-standard","5":"has-post-thumbnail","7":"category-julkkikset","8":"tag-celebrities","9":"tag-cillian-murphy","10":"tag-entertainment","11":"tag-fi","12":"tag-finland","13":"tag-finnish","14":"tag-julkkikset","15":"tag-peaky-blinders","16":"tag-suomi","17":"tag-viihde"},"share_on_mastodon":{"url":"https:\/\/pubeurope.com\/@fi\/115704166238461593","error":""},"_links":{"self":[{"href":"https:\/\/www.europesays.com\/fi\/wp-json\/wp\/v2\/posts\/114090","targetHints":{"allow":["GET"]}}],"collection":[{"href":"https:\/\/www.europesays.com\/fi\/wp-json\/wp\/v2\/posts"}],"about":[{"href":"https:\/\/www.europesays.com\/fi\/wp-json\/wp\/v2\/types\/post"}],"author":[{"embeddable":true,"href":"https:\/\/www.europesays.com\/fi\/wp-json\/wp\/v2\/users\/2"}],"replies":[{"embeddable":true,"href":"https:\/\/www.europesays.com\/fi\/wp-json\/wp\/v2\/comments?post=114090"}],"version-history":[{"count":0,"href":"https:\/\/www.europesays.com\/fi\/wp-json\/wp\/v2\/posts\/114090\/revisions"}],"wp:featuredmedia":[{"embeddable":true,"href":"https:\/\/www.europesays.com\/fi\/wp-json\/wp\/v2\/media\/114091"}],"wp:attachment":[{"href":"https:\/\/www.europesays.com\/fi\/wp-json\/wp\/v2\/media?parent=114090"}],"wp:term":[{"taxonomy":"category","embeddable":true,"href":"https:\/\/www.europesays.com\/fi\/wp-json\/wp\/v2\/categories?post=114090"},{"taxonomy":"post_tag","embeddable":true,"href":"https:\/\/www.europesays.com\/fi\/wp-json\/wp\/v2\/tags?post=114090"}],"curies":[{"name":"wp","href":"https:\/\/api.w.org\/{rel}","templated":true}]}}