{"id":114096,"date":"2025-12-12T02:20:17","date_gmt":"2025-12-12T02:20:17","guid":{"rendered":"https:\/\/www.europesays.com\/fi\/114096\/"},"modified":"2025-12-12T02:20:17","modified_gmt":"2025-12-12T02:20:17","slug":"miten-pankit-kestaisivat-vakavan-kriisin-viranomainen-selvitti","status":"publish","type":"post","link":"https:\/\/www.europesays.com\/fi\/114096\/","title":{"rendered":"Miten pankit kest\u00e4isiv\u00e4t vakavan kriisin? Viranomainen selvitti"},"content":{"rendered":"<p class=\"ai-optimize-6 ai-optimize-introduction\">Pankki-, vakuutus- ja el\u00e4kesektoreiden vakavaraisuudet ovat s\u00e4ilyneet hyv\u00e4ll\u00e4 tasolla huolimatta useista ep\u00e4varmuustekij\u00f6ist\u00e4, kertoo Finanssivalvonta (Fiva).<\/p>\n<p class=\"ai-optimize-7\">Suomen talous ei ole odotuksista huolimatta piristynyt. Talouden apatian lis\u00e4ksi finanssisektorin toimintaymp\u00e4rist\u00f6\u00e4 uhkaavat julkisen talouden heikko tila, geopoliittiset riskit sek\u00e4 arvopaperihintojen kest\u00e4vyyteen liittyv\u00e4t huolet.<\/p>\n<p class=\"ai-optimize-8\">\u2013 Ajat eiv\u00e4t ole helpot. Euroopan pankkiviranomaisen (EBA) ja Fivan stressitestit osoittivat, ett\u00e4 Suomen pankkisektori on vakavarainen ja kest\u00e4\u00e4 toimintaymp\u00e4rist\u00f6n merkitt\u00e4v\u00e4nkin heikkenemisen, muistuttaa pankki- ja vakuutusalan edunvalvontaj\u00e4rjest\u00f6 Finanssialan (FA) asiantuntija <strong>Jussi Kettunen<\/strong> tiedotteessa.<\/p>\n<p class=\"ai-optimize-9\">My\u00f6s el\u00e4ke- ja vakuutussektoreiden vakavaraisuudet s\u00e4ilyiv\u00e4t hyv\u00e4ll\u00e4 tasolla. Finanssisektorin vakavaraisuusvaatimuksia ei siis ole syyt\u00e4 kirist\u00e4\u00e4. Vaatimusten tarpeeton kirist\u00e4minen voisi itsess\u00e4\u00e4n pohjustaa niit\u00e4 taloudellisesti vaikeita aikoja, joihin toimenpiteill\u00e4 varaudutaan.<\/p>\n<p class=\"ai-optimize-10\">\u2013 Vaatimusten kirist\u00e4minen heikent\u00e4isi pankkien kyky\u00e4 rahoittaa talouskasvua. On esitetty huolia, ett\u00e4 pankit eiv\u00e4t pysty riitt\u00e4v\u00e4sti rahoittamaan pieni\u00e4 aloittelevia yrityksi\u00e4. Vaatimusten tiukentaminen voisi kirist\u00e4\u00e4 lainahanoja entisest\u00e4\u00e4n, Kettunen huomauttaa.<\/p>\n<p class=\"ai-optimize-11\">Fiva huomauttaa tiedotteessaan, ett\u00e4 kuluttajien odotukset omasta taloudestaan vuoden kuluttua ovat marraskuussa ylitt\u00e4neet pitk\u00e4n aikav\u00e4lin keskiarvon. My\u00f6s lainanottoaikeet ovat l\u00e4hell\u00e4 keskiarvoa, vaikkakin kestokulutustavaroiden ja asuntojen ostoaikeet ovat pysyneet v\u00e4h\u00e4isin\u00e4.<\/p>\n<p class=\"ai-optimize-12\">\u2013 My\u00f6s FA:n joulukuun alun pankkibarometrista ilmeni, ett\u00e4 kotitaloudet ovat kysyneet luottoja loppuvuoden 2025 aikana jonkin verran enemm\u00e4n kuin vuotta aiemmin. Lis\u00e4ksi yritysten odotetaan kysyv\u00e4n luottoa erityisesti investointeihin, Kettunen sanoo.<\/p>\n<p class=\"ai-optimize-13\"><strong>LUE MY\u00d6S:<\/strong><br \/><a href=\"https:\/\/www.verkkouutiset.fi\/a\/nain-rahoillesi-kay-jos-pankkisi-kaatuisi\/\" target=\"_blank\" rel=\"noopener nofollow\">N\u00e4in rahoillesi k\u00e4y, jos pankkisi kaatuisi<\/a><\/p>\n","protected":false},"excerpt":{"rendered":"Pankki-, vakuutus- ja el\u00e4kesektoreiden vakavaraisuudet ovat s\u00e4ilyneet hyv\u00e4ll\u00e4 tasolla huolimatta useista ep\u00e4varmuustekij\u00f6ist\u00e4, kertoo Finanssivalvonta (Fiva). Suomen talous ei&hellip;\n","protected":false},"author":2,"featured_media":114097,"comment_status":"","ping_status":"","sticky":false,"template":"","format":"standard","meta":{"footnotes":""},"categories":[76],"tags":[79,77,33,31,30,9689,32,78],"class_list":{"0":"post-114096","1":"post","2":"type-post","3":"status-publish","4":"format-standard","5":"has-post-thumbnail","7":"category-talous","8":"tag-business","9":"tag-economy","10":"tag-fi","11":"tag-finland","12":"tag-finnish","13":"tag-pankit","14":"tag-suomi","15":"tag-talous"},"share_on_mastodon":{"url":"https:\/\/pubeurope.com\/@fi\/115704209374189480","error":""},"_links":{"self":[{"href":"https:\/\/www.europesays.com\/fi\/wp-json\/wp\/v2\/posts\/114096","targetHints":{"allow":["GET"]}}],"collection":[{"href":"https:\/\/www.europesays.com\/fi\/wp-json\/wp\/v2\/posts"}],"about":[{"href":"https:\/\/www.europesays.com\/fi\/wp-json\/wp\/v2\/types\/post"}],"author":[{"embeddable":true,"href":"https:\/\/www.europesays.com\/fi\/wp-json\/wp\/v2\/users\/2"}],"replies":[{"embeddable":true,"href":"https:\/\/www.europesays.com\/fi\/wp-json\/wp\/v2\/comments?post=114096"}],"version-history":[{"count":0,"href":"https:\/\/www.europesays.com\/fi\/wp-json\/wp\/v2\/posts\/114096\/revisions"}],"wp:featuredmedia":[{"embeddable":true,"href":"https:\/\/www.europesays.com\/fi\/wp-json\/wp\/v2\/media\/114097"}],"wp:attachment":[{"href":"https:\/\/www.europesays.com\/fi\/wp-json\/wp\/v2\/media?parent=114096"}],"wp:term":[{"taxonomy":"category","embeddable":true,"href":"https:\/\/www.europesays.com\/fi\/wp-json\/wp\/v2\/categories?post=114096"},{"taxonomy":"post_tag","embeddable":true,"href":"https:\/\/www.europesays.com\/fi\/wp-json\/wp\/v2\/tags?post=114096"}],"curies":[{"name":"wp","href":"https:\/\/api.w.org\/{rel}","templated":true}]}}