{"id":114098,"date":"2025-12-12T02:21:10","date_gmt":"2025-12-12T02:21:10","guid":{"rendered":"https:\/\/www.europesays.com\/fi\/114098\/"},"modified":"2025-12-12T02:21:10","modified_gmt":"2025-12-12T02:21:10","slug":"eduskunnalle-toimitettu-lausunto-rakenteellisesta-ylikulutuksesta-nostaa-esiin-mokkeilyn-tyonteon-ja-lentamisen-rajoittamisen","status":"publish","type":"post","link":"https:\/\/www.europesays.com\/fi\/114098\/","title":{"rendered":"Eduskunnalle toimitettu lausunto rakenteellisesta ylikulutuksesta nostaa esiin m\u00f6kkeilyn, ty\u00f6nteon ja lent\u00e4misen rajoittamisen"},"content":{"rendered":"<p class=\"hs-section-removal article-ingress--medium\">HS-analyysi|Poliitikoille toimitettu raportti nostaa ongelmaksi m\u00f6kkeilyn, ty\u00f6nteon ja lent\u00e4misen. Siin\u00e4 pohditaan toimenpiteit\u00e4, jotka iskisiv\u00e4t suomalaisten pyhimp\u00e4\u00e4n, kirjoittaa ymp\u00e4rist\u00f6toimittaja Piia Elonen.<\/p>\n<p><img decoding=\"async\" src=\"https:\/\/www.europesays.com\/fi\/wp-content\/uploads\/2025\/12\/1765506070_847_468.jpg\" alt=\"L\u00e4hes 800\u202f000 suomalaista omistaa m\u00f6kin. S\u00e4\u00e4nn\u00f6llisesti m\u00f6kkeilevi\u00e4 suomalaisia arvioidaan olevan vajaat kolme miljoonaa.\" class=\"_Img_1rerz_1\" style=\"aspect-ratio:1.3333333333333333\" loading=\"eager\"\/><\/p>\n<p class=\"article-picture-caption\">L\u00e4hes 800\u202f000 suomalaista omistaa m\u00f6kin. S\u00e4\u00e4nn\u00f6llisesti m\u00f6kkeilevi\u00e4 suomalaisia arvioidaan olevan vajaat kolme miljoonaa. Kuva:\u00a0Outi M. K\u00e4tt\u00f6<\/p>\n<p><a href=\"https:\/\/www.hs.fi\/haku\/?query=Piia+Elonen+HS\" rel=\"nofollow noopener\" target=\"_blank\"><\/p>\n<p>Piia Elonen HS<\/p>\n<p><\/a><\/p>\n<p>2:00<\/p>\n<p class=\"article-body mb-nof-24 px-nof-16\">Jos haluaa kokea ajatusmyrskyn ja myll\u00e4t\u00e4 p\u00e4\u00e4h\u00e4ns\u00e4 rakentuneita totuuksia, kannattaa lukea noin 20-sivun pituinen raportti nimelt\u00e4\u00e4n <a class=\"article-genericlink\" href=\"https:\/\/www.eduskunta.fi\/FI\/vaski\/JulkaisuMetatieto\/Documents\/EDK-2025-AK-32752.pdf\" rel=\"nofollow noopener\" target=\"_blank\">Rakenteellinen ylikulutus<\/a>.<\/p>\n<p class=\"article-body mb-nof-24 px-nof-16\">Raportin l\u00e4ht\u00f6kohdille \u2013 ylikulutus syyn\u00e4 perustavanlaatuisiin ongelmiimme kuten ilmastonmuutokseen ja luontokatoon \u2013 on viel\u00e4 helppo ny\u00f6kytell\u00e4 samanmielisen\u00e4.<\/p>\n<p>KommentoiIlmoita asiavirheest\u00e4KommentoiIlmoita asiavirheest\u00e4<\/p>\n","protected":false},"excerpt":{"rendered":"HS-analyysi|Poliitikoille toimitettu raportti nostaa ongelmaksi m\u00f6kkeilyn, ty\u00f6nteon ja lent\u00e4misen. Siin\u00e4 pohditaan toimenpiteit\u00e4, jotka iskisiv\u00e4t suomalaisten pyhimp\u00e4\u00e4n, kirjoittaa ymp\u00e4rist\u00f6toimittaja&hellip;\n","protected":false},"author":2,"featured_media":114099,"comment_status":"","ping_status":"","sticky":false,"template":"","format":"standard","meta":{"footnotes":""},"categories":[14],"tags":[22,23,26,27,33,31,30,17,46,24,25,28,29,15,18,21,32,19,20,56,16,59,60,61],"class_list":{"0":"post-114098","1":"post","2":"type-post","3":"status-publish","4":"format-standard","5":"has-post-thumbnail","7":"category-ulkomaat","8":"tag-breaking-news","9":"tag-breakingnews","10":"tag-featured-news","11":"tag-featurednews","12":"tag-fi","13":"tag-finland","14":"tag-finnish","15":"tag-headlines","16":"tag-helsingin-sanomat","17":"tag-latest-news","18":"tag-latestnews","19":"tag-main-news","20":"tag-mainnews","21":"tag-news","22":"tag-otsikot","23":"tag-paauutiset","24":"tag-suomi","25":"tag-top-stories","26":"tag-topstories","27":"tag-ulkomaat","28":"tag-uutiset","29":"tag-world","30":"tag-world-news","31":"tag-worldnews"},"share_on_mastodon":{"url":"https:\/\/pubeurope.com\/@fi\/115704213427635391","error":""},"_links":{"self":[{"href":"https:\/\/www.europesays.com\/fi\/wp-json\/wp\/v2\/posts\/114098","targetHints":{"allow":["GET"]}}],"collection":[{"href":"https:\/\/www.europesays.com\/fi\/wp-json\/wp\/v2\/posts"}],"about":[{"href":"https:\/\/www.europesays.com\/fi\/wp-json\/wp\/v2\/types\/post"}],"author":[{"embeddable":true,"href":"https:\/\/www.europesays.com\/fi\/wp-json\/wp\/v2\/users\/2"}],"replies":[{"embeddable":true,"href":"https:\/\/www.europesays.com\/fi\/wp-json\/wp\/v2\/comments?post=114098"}],"version-history":[{"count":0,"href":"https:\/\/www.europesays.com\/fi\/wp-json\/wp\/v2\/posts\/114098\/revisions"}],"wp:featuredmedia":[{"embeddable":true,"href":"https:\/\/www.europesays.com\/fi\/wp-json\/wp\/v2\/media\/114099"}],"wp:attachment":[{"href":"https:\/\/www.europesays.com\/fi\/wp-json\/wp\/v2\/media?parent=114098"}],"wp:term":[{"taxonomy":"category","embeddable":true,"href":"https:\/\/www.europesays.com\/fi\/wp-json\/wp\/v2\/categories?post=114098"},{"taxonomy":"post_tag","embeddable":true,"href":"https:\/\/www.europesays.com\/fi\/wp-json\/wp\/v2\/tags?post=114098"}],"curies":[{"name":"wp","href":"https:\/\/api.w.org\/{rel}","templated":true}]}}