{"id":114111,"date":"2025-12-12T02:48:14","date_gmt":"2025-12-12T02:48:14","guid":{"rendered":"https:\/\/www.europesays.com\/fi\/114111\/"},"modified":"2025-12-12T02:48:14","modified_gmt":"2025-12-12T02:48:14","slug":"orpo-ratkaisu-venajalta-jaadytettyjen-varojen-kaytosta-on-hyvin-lahella-uutissuomalainen","status":"publish","type":"post","link":"https:\/\/www.europesays.com\/fi\/114111\/","title":{"rendered":"Orpo: Ratkaisu Ven\u00e4j\u00e4lt\u00e4 j\u00e4\u00e4dytettyjen varojen k\u00e4yt\u00f6st\u00e4 on hyvin l\u00e4hell\u00e4 | Uutissuomalainen"},"content":{"rendered":"<p>P\u00e4\u00e4ministeri Petteri Orpon (kok.) mukaan ratkaisu Ven\u00e4j\u00e4lt\u00e4 j\u00e4\u00e4dytettyjen varojen k\u00e4yt\u00f6st\u00e4 Ukrainan hyv\u00e4ksi on hyvin l\u00e4hell\u00e4. Asiaa k\u00e4sitell\u00e4\u00e4n EU-huippukokouksessa ensi viikolla.<\/p>\n<p>\u2013\u2009Nyt on kaikki edellytykset tehd\u00e4 p\u00e4\u00e4t\u00f6s. Nyt tarvitaan vahva tahto, Orpo sanoi eduskunnan kyselytunnilla torstaina.<\/p>\n<p>H\u00e4n huomautti, ett\u00e4 kysymys on ollut vaikea Belgialle, sill\u00e4 valtaosa j\u00e4\u00e4dytetyist\u00e4 varoista sijaitsee siell\u00e4. Orpon mukaan sek\u00e4 muut EU-maat ett\u00e4 Euroopan komissio ovat tehneet t\u00f6it\u00e4 sen eteen, ett\u00e4 kaikki Belgian huolet saataisiin pois p\u00f6yd\u00e4lt\u00e4.<\/p>\n<p>\u2013\u2009Nyt tarvitaan eurooppalaista yhten\u00e4isyytt\u00e4, koska vaihtoehto on mielest\u00e4ni karmaiseva, Orpo sanoi.<\/p>\n<p>\u2013\u2009On Euroopalle noloa, h\u00e4pe\u00e4llist\u00e4 l\u00e4hestulkoon, jos me emme pysty t\u00e4t\u00e4 ratkaisua tekem\u00e4\u00e4n. Ja se on riemun p\u00e4iv\u00e4 jossakin muualla. Siksi Suomi tekee kaikkensa, ett\u00e4 ratkaisu saadaan aikaan.<\/p>\n<p>\t\t\t\tVaroja j\u00e4\u00e4dytet\u00e4\u00e4n pitk\u00e4aikaisemmin?<\/p>\n<p>Uutistoimisto <a href=\"https:\/\/www.reuters.com\/business\/finance\/eu-aims-agree-by-friday-long-term-freeze-russian-central-bank-assets-2025-12-11\/\" rel=\"nofollow noopener\" target=\"_blank\">Reuters<\/a> kertoi torstaina, ett\u00e4 Euroopan unionin j\u00e4senmaat pyrkiv\u00e4t sopimaan perjantaina Ven\u00e4j\u00e4n keskuspankin Euroopassa sijaitsevien varojen nykyist\u00e4 pitk\u00e4aikaisemmasta j\u00e4\u00e4dytt\u00e4misest\u00e4. T\u00e4m\u00e4 tarkoittaisi sit\u00e4, ettei j\u00e4\u00e4dytt\u00e4misest\u00e4 tarvitsisi en\u00e4\u00e4 \u00e4\u00e4nest\u00e4\u00e4 kuuden kuukauden v\u00e4lein.<\/p>\n<p>Pidempiaikaista j\u00e4\u00e4dytt\u00e4mist\u00e4 pidet\u00e4\u00e4n perustana EU:n suunnitelmalle k\u00e4ytt\u00e4\u00e4 j\u00e4\u00e4dytettyj\u00e4 varoja Ukrainalle my\u00f6nnett\u00e4v\u00e4\u00e4n lainaan, jonka avulla Ukraina voisi jatkaa puolustautumistaan Ven\u00e4j\u00e4n hy\u00f6kk\u00e4yst\u00e4 vastaan.<\/p>\n","protected":false},"excerpt":{"rendered":"P\u00e4\u00e4ministeri Petteri Orpon (kok.) mukaan ratkaisu Ven\u00e4j\u00e4lt\u00e4 j\u00e4\u00e4dytettyjen varojen k\u00e4yt\u00f6st\u00e4 Ukrainan hyv\u00e4ksi on hyvin l\u00e4hell\u00e4. Asiaa k\u00e4sitell\u00e4\u00e4n EU-huippukokouksessa&hellip;\n","protected":false},"author":2,"featured_media":114112,"comment_status":"","ping_status":"","sticky":false,"template":"","format":"standard","meta":{"footnotes":""},"categories":[14],"tags":[22,23,1617,26,27,33,31,30,17,5679,24,25,28,29,15,18,21,142,637,886,887,32,19,20,549,56,16,59,60,61],"class_list":{"0":"post-114111","1":"post","2":"type-post","3":"status-publish","4":"format-standard","5":"has-post-thumbnail","7":"category-ulkomaat","8":"tag-breaking-news","9":"tag-breakingnews","10":"tag-euroopan-unioni","11":"tag-featured-news","12":"tag-featurednews","13":"tag-fi","14":"tag-finland","15":"tag-finnish","16":"tag-headlines","17":"tag-kansainvaliset-organisaatiot-ja-sopimukset","18":"tag-latest-news","19":"tag-latestnews","20":"tag-main-news","21":"tag-mainnews","22":"tag-news","23":"tag-otsikot","24":"tag-paauutiset","25":"tag-poliitikot","26":"tag-politiikka","27":"tag-puolueet","28":"tag-suomen-politiikka","29":"tag-suomi","30":"tag-top-stories","31":"tag-topstories","32":"tag-ukrainan-sota","33":"tag-ulkomaat","34":"tag-uutiset","35":"tag-world","36":"tag-world-news","37":"tag-worldnews"},"share_on_mastodon":{"url":"https:\/\/pubeurope.com\/@fi\/115704319512249614","error":""},"_links":{"self":[{"href":"https:\/\/www.europesays.com\/fi\/wp-json\/wp\/v2\/posts\/114111","targetHints":{"allow":["GET"]}}],"collection":[{"href":"https:\/\/www.europesays.com\/fi\/wp-json\/wp\/v2\/posts"}],"about":[{"href":"https:\/\/www.europesays.com\/fi\/wp-json\/wp\/v2\/types\/post"}],"author":[{"embeddable":true,"href":"https:\/\/www.europesays.com\/fi\/wp-json\/wp\/v2\/users\/2"}],"replies":[{"embeddable":true,"href":"https:\/\/www.europesays.com\/fi\/wp-json\/wp\/v2\/comments?post=114111"}],"version-history":[{"count":0,"href":"https:\/\/www.europesays.com\/fi\/wp-json\/wp\/v2\/posts\/114111\/revisions"}],"wp:featuredmedia":[{"embeddable":true,"href":"https:\/\/www.europesays.com\/fi\/wp-json\/wp\/v2\/media\/114112"}],"wp:attachment":[{"href":"https:\/\/www.europesays.com\/fi\/wp-json\/wp\/v2\/media?parent=114111"}],"wp:term":[{"taxonomy":"category","embeddable":true,"href":"https:\/\/www.europesays.com\/fi\/wp-json\/wp\/v2\/categories?post=114111"},{"taxonomy":"post_tag","embeddable":true,"href":"https:\/\/www.europesays.com\/fi\/wp-json\/wp\/v2\/tags?post=114111"}],"curies":[{"name":"wp","href":"https:\/\/api.w.org\/{rel}","templated":true}]}}