{"id":114117,"date":"2025-12-12T03:02:24","date_gmt":"2025-12-12T03:02:24","guid":{"rendered":"https:\/\/www.europesays.com\/fi\/114117\/"},"modified":"2025-12-12T03:02:24","modified_gmt":"2025-12-12T03:02:24","slug":"kuulovauriosta-karsiva-hanna-wass-varautui-linnan-juhliin-erikoistoimin","status":"publish","type":"post","link":"https:\/\/www.europesays.com\/fi\/114117\/","title":{"rendered":"Kuulovauriosta k\u00e4rsiv\u00e4 Hanna Wass varautui Linnan juhliin erikoistoimin"},"content":{"rendered":"<p class=\"ingress\">Politiikan tutkija Hanna Wass on k\u00e4rsinyt alkuvuodesta saakka kuulovauriosta. N\u00e4in h\u00e4n p\u00e4rj\u00e4si Linnan juhlissa.<\/p>\n<p>Politiikan tutkija <strong>Hanna Wass <\/strong>kertoi syyskuussa <a href=\"https:\/\/anna.fi\/ihmiset\/hanna-wass-ja-pete-kallionpaa-menivat-kihloihin\" rel=\"nofollow noopener\" target=\"_blank\">Annassa<\/a> alkaneensa k\u00e4rsi\u00e4 alkuvuonna kuulo-ongelmista oikeassa korvassaan. Kuulo palasi my\u00f6hemmin takaisin, mutta Hannan korvaan j\u00e4i erilaisia h\u00e4ly\u00e4\u00e4ni\u00e4, joiden h\u00e4iritsevyys kasvoi nopeasti.<\/p>\n<p>Kev\u00e4\u00e4n lopussa Hanna joutui perumaan kaikki sovitut esiintymiset ja menot. Hein\u00e4kuussa Hanna p\u00e4\u00e4si kahden viikon hoitojaksolle Turun yliopistollisen keskussairaalan neuromodulaatioyksikk\u00f6\u00f6n. Hoidot eiv\u00e4t kuitenkaan tuoneet toivottuja tuloksia. Syyskuun alussa h\u00e4n p\u00e4\u00e4si pitk\u00e4n odotuksen j\u00e4lkeen HUSin kuulokeskuksen asiakkaaksi.<\/p>\n<p>\u201dOloni vaihtelee nyt paljon. V\u00e4lill\u00e4 on parempia hetki\u00e4, mutta arki on normaalia kuormittavampaa. Toivoa on, ett\u00e4 aivoni tottuisivat v\u00e4hitellen muuttuneeseen \u00e4\u00e4nimaailmaan\u201d, Hanna kertoi tuolloin.<\/p>\n<p><strong>Lue my\u00f6s: <\/strong><a href=\"https:\/\/anna.fi\/ihmiset\/hanna-wass-ja-pete-kallionpaa-menivat-kihloihin\" rel=\"nofollow noopener\" target=\"_blank\">Hanna Wass meni kihloihin sairauden keskell\u00e4 \u2013 \u201dPete on upea ihminen ja jaksanut tukea minua ihanasti\u201d<\/a><\/p>\n<blockquote class=\"instagram-media\" data-instgrm-captioned=\"\" data-instgrm-permalink=\"https:\/\/www.instagram.com\/p\/DSDeRkqgoIp\/?utm_source=ig_embed&amp;utm_campaign=loading\" data-instgrm-version=\"14\" style=\" background:#FFF; border:0; border-radius:3px; box-shadow:0 0 1px 0 rgba(0,0,0,0.5),0 1px 10px 0 rgba(0,0,0,0.15); margin: 1px; max-width:540px; min-width:326px; padding:0; width:99.375%; width:-webkit-calc(100% - 2px); width:calc(100% - 2px);\"\/>\n<p>Linnan juhlissa k\u00e4yt\u00f6ss\u00e4 oli korvatulpat<\/p>\n<p>Hanna Wass jakoi Linnan juhlien j\u00e4lkeen Instagram-tilill\u00e4\u00e4n lis\u00e4tietoa osallistumisestaan kuulovaurioisena henkil\u00f6n\u00e4 itsen\u00e4isyysp\u00e4iv\u00e4n vastaanotolle. Meluisat tapahtumat saattavat olla kuulovaurioista k\u00e4rsiville haastavia.<\/p>\n<p>Julkaisussaan Hanna kertoo, ett\u00e4 h\u00e4nelle tehtiin ennen Linnan juhlia laaja kartoitus, jonka avulla selvitettiin tehokkaimmat korvatulpat. K\u00e4ytt\u00f6\u00f6n valikoituivat Loopin unitulpat.<\/p>\n<p>\u201dViel\u00e4 parempi olisi ollut teett\u00e4\u00e4 mittojen mukaiset Elacinin korvatulpat, mutta niiden jonotusaika ei riitt\u00e4nyt ennen juhlia\u201d, Hanna kertoo julkaisussaan.<\/p>\n<p>Hanna vietti juhlien etkoja yhdess\u00e4 miehens\u00e4 <strong>Pete Kallionp\u00e4\u00e4n<\/strong>, kollegansa<strong> Johanna Vuorelman <\/strong>ja t\u00e4m\u00e4n puolison kanssa. Pete auttoi Hannaa asettamalla silikonilla t\u00e4ytetyt tulpat h\u00e4nen korviinsa.<\/p>\n<p>\u201dTaksimatkan ajaksi puin p\u00e4\u00e4h\u00e4n peltorit (kuulosuojaimet). Astellessani n\u00e4iss\u00e4 tamineissa Mariankadun sis\u00e4\u00e4nk\u00e4ynniss\u00e4 presidentinlinnaan tunsin itseni t\u00e4ydelliseksi kyl\u00e4hulluksi kunnes takanamme seisovat Arno Ahosniemi ja Emilia Kullas tervehtiv\u00e4t iloisesti silm\u00e4\u00e4k\u00e4\u00e4n r\u00e4p\u00e4ytt\u00e4m\u00e4tt\u00e4. Vaikea edes ilmaista, miten kivalta se tuntui.\u201d<\/p>\n<p><strong>Lue my\u00f6s Kotiliesi.fi:<\/strong> <a href=\"https:\/\/kotiliesi.fi\/ihmiset\/sanna-marinin-linnan-juhlat-puku-2025\/\" target=\"_blank\" rel=\"noreferrer noopener nofollow\">T\u00e4llaisessa asussa Sanna Marin asteli Linnan juhliin \u2013 suunnittelija etsi oikeans\u00e4vyist\u00e4 kangasta pitk\u00e4\u00e4n<\/a><\/p>\n<p>Rakkauden eteen on valmis tekem\u00e4\u00e4n mit\u00e4 tahansa<\/p>\n<p>Presidentinlinnassa ei ole juhlien aikana k\u00e4yt\u00f6ss\u00e4 hiljaista tilaa. Vahvemmat kuulosuojaimet saivat j\u00e4\u00e4d\u00e4 narikkaan, ja Hanna kertoo p\u00e4ivityksess\u00e4\u00e4n olleensa varma, ett\u00e4 joutuisi l\u00e4htem\u00e4\u00e4n juhlista heti k\u00e4ttelyn j\u00e4lkeen.<\/p>\n<p>\u201dValtiosalia ja muita musiikkitiloja karttaessa huomasimme kuitenkin nopeasti, ett\u00e4 melun v\u00e4ltt\u00e4misen lis\u00e4ksi v\u00e4hemm\u00e4n \u00e4\u00e4nekk\u00e4iss\u00e4 tiloissa oli mahdollista kohdata niiss\u00e4 viihtyvi\u00e4 politiikan keskeisi\u00e4 vaikuttajia.\u201d<\/p>\n<p>Hanna kertoo monen keskustelun alkaneen syd\u00e4nt\u00e4 l\u00e4mmitt\u00e4v\u00e4sti kyselyill\u00e4 h\u00e4nen voinnistaan. Ennen valomerkki\u00e4 yksi kansanedustaja tuli kertomaan h\u00e4nelle sinnittelev\u00e4ns\u00e4 itsekin pitk\u00e4\u00e4n vaivanneiden kuulo-ongelmien kanssa.<\/p>\n<p>Linnan juhlista Hannalle j\u00e4i k\u00e4teen eritt\u00e4in positiivinen kokemus. Huippuhetkien h\u00e4n kertoo olleen kuitenkin niit\u00e4, kun puoliso Pete korjaili reissussa r\u00e4j\u00e4ht\u00e4neit\u00e4 korvatulppia takaisin paikoilleen.<\/p>\n<p>\u201dTotesin, ett\u00e4 se on aika lailla romanttisinta, mit\u00e4 rakastettunsa hyvinvoinnin eteen voi tehd\u00e4\u201d, Hanna kommentoi syd\u00e4men kera.<\/p>\n<p>    Sinua voi kiinnostaa my\u00f6s:<\/p>\n<ol class=\"read-also__list\">\n<li>\n<p>            <img loading=\"lazy\" decoding=\"async\" class=\"card__image awpo-lqip awpo-lazy\" width=\"2100\" height=\"1400\" src=\"https:\/\/www.europesays.com\/fi\/wp-content\/uploads\/2025\/12\/1765508541_730_linnan-juhlat.jpg\"\/>                <a href=\"https:\/\/anna.fi\/kategoria\/ihmiset\" class=\"card__vignette\" rel=\"nofollow noopener\" target=\"_blank\"><br \/>\n            Ihmiset          <\/a><\/p>\n<p>      <a href=\"https:\/\/anna.fi\/ihmiset\/suomalaisten-julkkisten-harvoin-nahdyt-puolisot\" class=\"card__link-overlay\" rel=\"nofollow noopener\" target=\"_blank\">N\u00e4m\u00e4 Linnan juhlissa n\u00e4hdyt julkkisten puolisot ovat harvoin esill\u00e4 \u2013 osalle ensimm\u00e4inen esiintyminen yhdess\u00e4<\/a><\/p>\n<\/li>\n<li>\n<p>            <img loading=\"lazy\" decoding=\"async\" class=\"card__image awpo-lqip awpo-lazy\" width=\"2100\" height=\"1400\" src=\"https:\/\/www.europesays.com\/fi\/wp-content\/uploads\/2025\/12\/1765508542_676_janniina-salo.jpg\"\/>                <a href=\"https:\/\/anna.fi\/kategoria\/ihmiset\" class=\"card__vignette\" rel=\"nofollow noopener\" target=\"_blank\"><br \/>\n            Ihmiset          <\/a><\/p>\n<p>      <a href=\"https:\/\/anna.fi\/ihmiset\/kuka-on-janniina-salo\" class=\"card__link-overlay\" rel=\"nofollow noopener\" target=\"_blank\">Hurmaava Janniina Salo k\u00e4\u00e4nsi katseita Linnan juhlissa \u2013 salibandykapteenin puolisolla on taustallaan raskas menetys<\/a><\/p>\n<\/li>\n<li>\n<p>            <img loading=\"lazy\" decoding=\"async\" class=\"card__image awpo-lqip awpo-lazy\" width=\"2560\" height=\"1625\" src=\"https:\/\/www.europesays.com\/fi\/wp-content\/uploads\/2025\/12\/hanna-wass-scaled.jpg\"\/>                <a href=\"https:\/\/anna.fi\/kategoria\/ihmiset\" class=\"card__vignette\" rel=\"nofollow noopener\" target=\"_blank\"><br \/>\n            Ihmiset          <\/a><\/p>\n<p>      <a href=\"https:\/\/anna.fi\/ihmiset\/hanna-wass-sai-merkittavan-tunnustuksen-kiitellaan-erityisesti-kahdesta-asiasta-rohkaiseva-signaali\" class=\"card__link-overlay\" rel=\"nofollow noopener\" target=\"_blank\">Hanna Wass sai merkitt\u00e4v\u00e4n tunnustuksen \u2013 kiitell\u00e4\u00e4n erityisesti kahdesta asiasta: &#8221;Rohkaiseva signaali&#8221;<\/a><\/p>\n<\/li>\n<\/ol>\n<p>      <script async src=\"\/\/www.instagram.com\/embed.js\"><\/script><\/p>\n","protected":false},"excerpt":{"rendered":"Politiikan tutkija Hanna Wass on k\u00e4rsinyt alkuvuodesta saakka kuulovauriosta. N\u00e4in h\u00e4n p\u00e4rj\u00e4si Linnan juhlissa. Politiikan tutkija Hanna Wass&hellip;\n","protected":false},"author":2,"featured_media":114118,"comment_status":"","ping_status":"","sticky":false,"template":"","format":"standard","meta":{"footnotes":""},"categories":[136],"tags":[407,137,33,31,30,408,20973,14062,19866,32,109],"class_list":{"0":"post-114117","1":"post","2":"type-post","3":"status-publish","4":"format-standard","5":"has-post-thumbnail","7":"category-julkkikset","8":"tag-celebrities","9":"tag-entertainment","10":"tag-fi","11":"tag-finland","12":"tag-finnish","13":"tag-julkkikset","14":"tag-kuulo","15":"tag-linnan-juhlat","16":"tag-linnan-juhlat-2025","17":"tag-suomi","18":"tag-viihde"},"share_on_mastodon":{"url":"https:\/\/pubeurope.com\/@fi\/115704374644476500","error":""},"_links":{"self":[{"href":"https:\/\/www.europesays.com\/fi\/wp-json\/wp\/v2\/posts\/114117","targetHints":{"allow":["GET"]}}],"collection":[{"href":"https:\/\/www.europesays.com\/fi\/wp-json\/wp\/v2\/posts"}],"about":[{"href":"https:\/\/www.europesays.com\/fi\/wp-json\/wp\/v2\/types\/post"}],"author":[{"embeddable":true,"href":"https:\/\/www.europesays.com\/fi\/wp-json\/wp\/v2\/users\/2"}],"replies":[{"embeddable":true,"href":"https:\/\/www.europesays.com\/fi\/wp-json\/wp\/v2\/comments?post=114117"}],"version-history":[{"count":0,"href":"https:\/\/www.europesays.com\/fi\/wp-json\/wp\/v2\/posts\/114117\/revisions"}],"wp:featuredmedia":[{"embeddable":true,"href":"https:\/\/www.europesays.com\/fi\/wp-json\/wp\/v2\/media\/114118"}],"wp:attachment":[{"href":"https:\/\/www.europesays.com\/fi\/wp-json\/wp\/v2\/media?parent=114117"}],"wp:term":[{"taxonomy":"category","embeddable":true,"href":"https:\/\/www.europesays.com\/fi\/wp-json\/wp\/v2\/categories?post=114117"},{"taxonomy":"post_tag","embeddable":true,"href":"https:\/\/www.europesays.com\/fi\/wp-json\/wp\/v2\/tags?post=114117"}],"curies":[{"name":"wp","href":"https:\/\/api.w.org\/{rel}","templated":true}]}}