{"id":114143,"date":"2025-12-12T03:40:11","date_gmt":"2025-12-12T03:40:11","guid":{"rendered":"https:\/\/www.europesays.com\/fi\/114143\/"},"modified":"2025-12-12T03:40:11","modified_gmt":"2025-12-12T03:40:11","slug":"stuk-varoittaa-turhasta-hammasrontgenista-kerryttaa-vaeston-sateilyannosta","status":"publish","type":"post","link":"https:\/\/www.europesays.com\/fi\/114143\/","title":{"rendered":"STUK varoittaa turhasta hammasr\u00f6ntgenist\u00e4 \u2013 kerrytt\u00e4\u00e4 v\u00e4est\u00f6n s\u00e4teilyannosta"},"content":{"rendered":"<p>\n\tPauliina Pohjala\t11.12.2025 15:00, muokattu<br \/>\n\t11.12.2025 15:01\n<\/p>\n<p>\t\t\t\t\t\t\t\t\tKotimaa<\/p>\n<p>S\u00e4teilyturvakeskus (STUK) on havainnut hammasterveydenhuollon yksik\u00f6iden mainoksia, joissa r\u00f6ntgentutkimus luvataan tarjottuun kampanjahintaan muiden palvelujen ohella.<\/p>\n<p>STUKin tarkastaja\u00a0<strong>Verneri Ruonala<\/strong>\u00a0huomauttaa, ett\u00e4 potilaan r\u00f6ntgentutkimuksen tarve pit\u00e4\u00e4 selvitt\u00e4\u00e4 aina erikseen. Toisin sanoen mainoksessa ei voi luvata r\u00f6ntgentutkimusta.<\/p>\n<p>S\u00e4teilylain mukaan ennen r\u00f6ntgenkuvien ottamista t\u00e4ytyy tehd\u00e4 asianmukainen oikeutusarviointi, jossa punnitaan kuvasta saatavaa hy\u00f6ty\u00e4 ja r\u00f6ntgens\u00e4teilyst\u00e4 mahdollisesti aiheutuvaa haittaa, STUK muistuttaa tiedotteessa.<\/p>\n<p>Suomessa otetaan vuosittain yli miljoona hammasr\u00f6ntgenkuvaa, jotka kerrytt\u00e4v\u00e4t niin sanottua kollektiivista koko v\u00e4est\u00f6n s\u00e4teilyannosta, STUKista kerrotaan.<\/p>\n<p>Kollektiivisesta annoksesta pystyt\u00e4\u00e4n arvioimaan koko v\u00e4est\u00f6lle aiheutuvat terveyshaitat. Kun l\u00e4\u00e4ketieteelliset s\u00e4teily\u00e4 k\u00e4ytt\u00e4v\u00e4t tutkimukset tehd\u00e4\u00e4n vain tarpeesta, ei kollektiivista annosta kerrytet\u00e4 tarpeettomasti.<\/p>\n<p>Verneri Ruonala haluaa kuitenkin korostaa, ett\u00e4 potilaat saavat yksitt\u00e4isist\u00e4 hammasr\u00f6ntgenkuvista niin pienen s\u00e4teilyannoksen, ett\u00e4 niiden terveysvaikutuksista ei kannata olla huolissaan.<\/p>\n","protected":false},"excerpt":{"rendered":"Pauliina Pohjala 11.12.2025 15:00, muokattu 11.12.2025 15:01 Kotimaa S\u00e4teilyturvakeskus (STUK) on havainnut hammasterveydenhuollon yksik\u00f6iden mainoksia, joissa r\u00f6ntgentutkimus luvataan&hellip;\n","protected":false},"author":2,"featured_media":114144,"comment_status":"","ping_status":"","sticky":false,"template":"","format":"standard","meta":{"footnotes":""},"categories":[14],"tags":[22,23,26,27,33,31,30,17,24,25,28,29,15,18,21,32,19,20,56,16,59,60,61],"class_list":{"0":"post-114143","1":"post","2":"type-post","3":"status-publish","4":"format-standard","5":"has-post-thumbnail","7":"category-ulkomaat","8":"tag-breaking-news","9":"tag-breakingnews","10":"tag-featured-news","11":"tag-featurednews","12":"tag-fi","13":"tag-finland","14":"tag-finnish","15":"tag-headlines","16":"tag-latest-news","17":"tag-latestnews","18":"tag-main-news","19":"tag-mainnews","20":"tag-news","21":"tag-otsikot","22":"tag-paauutiset","23":"tag-suomi","24":"tag-top-stories","25":"tag-topstories","26":"tag-ulkomaat","27":"tag-uutiset","28":"tag-world","29":"tag-world-news","30":"tag-worldnews"},"share_on_mastodon":{"url":"https:\/\/pubeurope.com\/@fi\/115704523931284841","error":""},"_links":{"self":[{"href":"https:\/\/www.europesays.com\/fi\/wp-json\/wp\/v2\/posts\/114143","targetHints":{"allow":["GET"]}}],"collection":[{"href":"https:\/\/www.europesays.com\/fi\/wp-json\/wp\/v2\/posts"}],"about":[{"href":"https:\/\/www.europesays.com\/fi\/wp-json\/wp\/v2\/types\/post"}],"author":[{"embeddable":true,"href":"https:\/\/www.europesays.com\/fi\/wp-json\/wp\/v2\/users\/2"}],"replies":[{"embeddable":true,"href":"https:\/\/www.europesays.com\/fi\/wp-json\/wp\/v2\/comments?post=114143"}],"version-history":[{"count":0,"href":"https:\/\/www.europesays.com\/fi\/wp-json\/wp\/v2\/posts\/114143\/revisions"}],"wp:featuredmedia":[{"embeddable":true,"href":"https:\/\/www.europesays.com\/fi\/wp-json\/wp\/v2\/media\/114144"}],"wp:attachment":[{"href":"https:\/\/www.europesays.com\/fi\/wp-json\/wp\/v2\/media?parent=114143"}],"wp:term":[{"taxonomy":"category","embeddable":true,"href":"https:\/\/www.europesays.com\/fi\/wp-json\/wp\/v2\/categories?post=114143"},{"taxonomy":"post_tag","embeddable":true,"href":"https:\/\/www.europesays.com\/fi\/wp-json\/wp\/v2\/tags?post=114143"}],"curies":[{"name":"wp","href":"https:\/\/api.w.org\/{rel}","templated":true}]}}